{"id":278093,"date":"2025-12-08T18:43:11","date_gmt":"2025-12-08T18:43:11","guid":{"rendered":"https:\/\/www.europesays.com\/es\/278093\/"},"modified":"2025-12-08T18:43:11","modified_gmt":"2025-12-08T18:43:11","slug":"la-ue-no-aceptara-amenaza-de-interferencia-en-su-vida-politica","status":"publish","type":"post","link":"https:\/\/www.europesays.com\/es\/278093\/","title":{"rendered":"la UE no aceptar\u00e1 \u00abamenaza de interferencia\u00bb en su vida pol\u00edtica"},"content":{"rendered":"<p>El presidente del Consejo Europeo, el portugu\u00e9s Ant\u00f3nio Costa, ha se\u00f1alado que la Uni\u00f3n Europea (UE) no aceptar\u00e1 ninguna \u00abamenaza de interferencia en la vida pol\u00edtica europea\u00bb. Responde as\u00ed a la <a href=\"https:\/\/www.rtve.es\/noticias\/20251205\/estados-unidos-borrado-civilizacion-europea-politicas-migratorias-baja-natalidad\/16847521.shtml\" target=\"_blank\" rel=\"nofollow noopener\">nueva Estrategia de Seguridad Nacional de Estados Unidos<\/a> publicada el pasado viernes, en la que la Administraci\u00f3n de Donald Trump critica a la UE y alerta del \u00abborrado\u00bb de la civilizaci\u00f3n europea por sus pol\u00edticas migratorias y la baja natalidad.<\/p>\n<p>\u00abSi somos aliados, debemos actuar como aliados, y<strong> los aliados no amenazan con interferir en la vida pol\u00edtica interna de sus aliados, la respetan<\/strong>; no podemos aceptar esta amenaza de interferencia en la vida pol\u00edtica de Europa\u00bb, ha subrayado el presidente del Consejo Europeo en la conferencia anual del Instituto Jacques Delors, en Par\u00eds.<\/p>\n<p>En la nueva estrategia estadounidense, el gobierno de Donald Trump advirti\u00f3 sobre el posible \u00abfin de la civilizaci\u00f3n europea\u00bb en las pr\u00f3ximas dos d\u00e9cadas debido a \u00ablas pol\u00edticas migratorias, la censura de la libertad de expresi\u00f3n, el desplome de las tasas de natalidad y la p\u00e9rdida de identidades nacionales y de confianza en s\u00ed mismos\u00bb, y<strong> critic\u00f3 la \u00abasfixia regulatoria\u00bb del Ejecutivo comunitario<\/strong>. Con todo, la Administraci\u00f3n Trump puso en duda la capacidad de los pa\u00edses europeos para continuar como \u00abaliados fiables\u00bb si no poseen econom\u00edas y<strong> ej\u00e9rcitos \u00ablo suficientemente fuertes\u00bb<\/strong>.<\/p>\n<p>Critica la postura geopol\u00edtica de Estados Unidos<\/p>\n<p>Costa ha admitido que hay \u00abdiferencias\u00bb en la relaci\u00f3n entre Estados Unidos y Europa, y ha remarcado que \u00ablas alianzas forjadas tras la Segunda Guerra Mundial han cambiado\u00bb, ya que Bruselas y Washington \u00abno comparten la misma visi\u00f3n del orden internacional\u00bb.<\/p>\n<p>\u00abNosotros seguimos siendo defensores del multilateralismo, creemos en un orden basado en reglas, creemos en la ciencia, en la libertad cient\u00edfica y no ignoramos desaf\u00edos globales como el cambio clim\u00e1tico. <strong>Estados Unidos ya no cree en el multilateralismo ni en un orden basado en reglas<\/strong>, y afirman que el cambio clim\u00e1tico es una mentira. Tenemos diferencias en nuestra visi\u00f3n del mundo\u00bb, ha a\u00f1adido el portugu\u00e9s.<\/p>\n<p>En opini\u00f3n del presidente del Consejo Europeo, \u00abes natural\u00bb que europeos y estadounidenses \u00abno compartan\u00bb las mismas opiniones sobre ciertos asuntos, pero cree que \u00abla interferencia en la vida pol\u00edtica europea\u00bb es inaceptable para el bloque comunitario.<\/p>\n<p>A pesar de ello, Costa valora positivamente que la estrategia estadounidense <strong>\u00absigue refiri\u00e9ndose a Europa como aliado\u00bb<\/strong> y subraya que<strong> Estados Unidos sigue siendo un aliado \u00abimportante\u00bb<\/strong> y un \u00absocio econ\u00f3mico esencial\u00bb para Europa.<\/p>\n<p>Apuesta por el liderazgo europeo de la OTAN<\/p>\n<p>Con respecto a la <strong>seguridad<\/strong> y <strong>defensa<\/strong>, Costa ha defendido que<strong> \u00aben 2027, los europeos deben asumir el liderazgo de la OTAN\u00bb<\/strong>, ahora en manos de Estados Unidos, porque \u00absi queremos ser fuertes en el escenario internacional, debemos ser fuertes internamente\u00bb. Por ello, ha reivindicado la posici\u00f3n de la Uni\u00f3n Europea en el escenario internacional y ha remarcado en la idea de que<strong> \u00abel mundo no solo est\u00e1 compuesto por Estados Unidos y China\u00bb<\/strong>, sino que es \u00abmultipolar y diverso\u00bb, en referencia a pa\u00edses de \u00c1frica, Am\u00e9rica Latina y el Caribe, y Asia.<\/p>\n<p>\u00abNo vamos a existir en el escenario internacional sin poder comercial. Tenemos que interactuar con todos los pa\u00edses, a lo largo y ancho del mundo. Si no lo hacemos, nos quedaremos solos\u00bb, ha rematado.<\/p>\n","protected":false},"excerpt":{"rendered":"El presidente del Consejo Europeo, el portugu\u00e9s Ant\u00f3nio Costa, ha se\u00f1alado que la Uni\u00f3n Europea (UE) no aceptar\u00e1&hellip;\n","protected":false},"author":2,"featured_media":278094,"comment_status":"","ping_status":"","sticky":false,"template":"","format":"standard","meta":{"footnotes":""},"categories":[42],"tags":[17,18,13,14,11,61,62,63,64,19,20,9,10,15,16,12,21,22,65,66,67],"class_list":{"0":"post-278093","1":"post","2":"type-post","3":"status-publish","4":"format-standard","5":"has-post-thumbnail","7":"category-internacional","8":"tag-breaking-news","9":"tag-breakingnews","10":"tag-featured-news","11":"tag-featurednews","12":"tag-headlines","13":"tag-internacional","14":"tag-international","15":"tag-international-news","16":"tag-internationalnews","17":"tag-latest-news","18":"tag-latestnews","19":"tag-news","20":"tag-noticias","21":"tag-noticias-destacadas","22":"tag-noticiasdestacadas","23":"tag-titulares","24":"tag-ultimas-noticias","25":"tag-ultimasnoticias","26":"tag-world","27":"tag-world-news","28":"tag-worldnews"},"share_on_mastodon":{"url":"https:\/\/pubeurope.com\/@es\/115685425697537867","error":""},"_links":{"self":[{"href":"https:\/\/www.europesays.com\/es\/wp-json\/wp\/v2\/posts\/278093","targetHints":{"allow":["GET"]}}],"collection":[{"href":"https:\/\/www.europesays.com\/es\/wp-json\/wp\/v2\/posts"}],"about":[{"href":"https:\/\/www.europesays.com\/es\/wp-json\/wp\/v2\/types\/post"}],"author":[{"embeddable":true,"href":"https:\/\/www.europesays.com\/es\/wp-json\/wp\/v2\/users\/2"}],"replies":[{"embeddable":true,"href":"https:\/\/www.europesays.com\/es\/wp-json\/wp\/v2\/comments?post=278093"}],"version-history":[{"count":0,"href":"https:\/\/www.europesays.com\/es\/wp-json\/wp\/v2\/posts\/278093\/revisions"}],"wp:featuredmedia":[{"embeddable":true,"href":"https:\/\/www.europesays.com\/es\/wp-json\/wp\/v2\/media\/278094"}],"wp:attachment":[{"href":"https:\/\/www.europesays.com\/es\/wp-json\/wp\/v2\/media?parent=278093"}],"wp:term":[{"taxonomy":"category","embeddable":true,"href":"https:\/\/www.europesays.com\/es\/wp-json\/wp\/v2\/categories?post=278093"},{"taxonomy":"post_tag","embeddable":true,"href":"https:\/\/www.europesays.com\/es\/wp-json\/wp\/v2\/tags?post=278093"}],"curies":[{"name":"wp","href":"https:\/\/api.w.org\/{rel}","templated":true}]}}