{"id":278095,"date":"2025-12-08T18:44:12","date_gmt":"2025-12-08T18:44:12","guid":{"rendered":"https:\/\/www.europesays.com\/es\/278095\/"},"modified":"2025-12-08T18:44:12","modified_gmt":"2025-12-08T18:44:12","slug":"vamos-por-el-buen-camino","status":"publish","type":"post","link":"https:\/\/www.europesays.com\/es\/278095\/","title":{"rendered":"Vamos por el buen camino"},"content":{"rendered":"<p class=\"article-text\">\n        El conseller de Agricultura de la Generalitat de Catalunya, \u00d2scar\u00a0Ordeig,\u00a0ha afirmado que el brote de peste porcina <a href=\"https:\/\/www.eldiario.es\/catalunya\/detectados-catalunya-casos-peste-porcina-africana-jabalis-primera-vez-tres-decadas_1_12804749.html\" target=\"_blank\" data-mrf-recirculation=\"links-noticia\" class=\"link\" rel=\"nofollow noopener\">iniciado hace diez d\u00edas<\/a> \u201cest\u00e1 contenido\u201d porque no se han encontrado nuevos positivos fuera del foco inicial de la crisis (el radio de seis kil\u00f3metros del parque natural de Collserola, en Barcelona, donde se han hallado trece jabal\u00edes muertos con el virus).\n    <\/p>\n<p>    <a href=\"https:\/\/www.eldiario.es\/catalunya\/illa-anuncia-auditoria-laboratorio-sospechoso-originar-brote-peste-porcina_1_12826253.html\" data-mrf-recirculation=\"saber-mas\" data-dl-event=\"saber-mas\" rel=\"nofollow noopener\" target=\"_blank\"><\/p>\n<p class=\"know-more__title\">Illa anuncia una auditor\u00eda en el laboratorio sospechoso de originar el brote de peste porcina<\/p>\n<p>            <img decoding=\"async\" class=\"lazy\" loading=\"lazy\" data-src=\"https:\/\/static.eldiario.es\/clip\/cc19b69c-0cbd-4b03-902d-be57113373ae_16-9-aspect-ratio_default_0.jpg\" src=\"data:image\/svg+xml,%3Csvg xmlns=\" http:=\"\" viewbox=\"0 0 880 495\" alt=\"Illa anuncia una auditor\u00eda en el laboratorio sospechoso de originar el brote de peste porcina\"\/><\/p>\n<p>                        <\/a><\/p>\n<p class=\"article-text\">\n        \u201cVamos por el buen camino\u201d, ha manifestado Ordeig en la rueda de prensa diaria para informar de la crisis que realiza la Generalitat, aunque ha pedido no bajar la guardia frente a esta enfermedad animal, que no se transmite a los humanos. \u201cNo podemos dar pasos en falso\u201d, ha insistido.\n    <\/p>\n<p class=\"article-text\">\n        El brote de peste porcina sigue controlado en la zona del foco de infecci\u00f3n, un \u00e1rea de seis kil\u00f3metros en la que se han encontrado unos cien jabal\u00edes muertos, de los que solo trece han dado positivo.\u00a0La contenci\u00f3n del brote ha permitido que no se extienda a las explotaciones agr\u00edcolas y tiene efectos positivos en la econom\u00eda de Catalunya, <a href=\"https:\/\/www.eldiario.es\/catalunya\/precio-cerdo-sufre-mayor-caida-30-anos-crisis-peste-porcina_1_12812502.html\" target=\"_blank\" data-mrf-recirculation=\"links-noticia\" class=\"link\" rel=\"nofollow noopener\">que es una de las principales granjas de cerdos de Europa.<\/a>\n    <\/p>\n<p class=\"article-text\">\n        El mercado catal\u00e1n de porcino est\u00e1 especialmente orientado a las exportaciones, que se han doblado en una d\u00e9cada. Por pa\u00edses, los principales destinos de la carne de cerdo desde Catalunya son China (19%), Italia (18%), Francia (17%) y Jap\u00f3n, seguidos de Polonia (8%), Rep\u00fablica Checa (7%), Ruman\u00eda (6%) y Corea del Sur (5%).\n    <\/p>\n<p class=\"article-text\">\n        El control de la situaci\u00f3n, ha explicado Ordeig, permitir\u00e1 \u201creabrir mercados paulatinamente\u201d despu\u00e9s del cierre de exportaciones decretado por varios pa\u00edses al inicio de la crisis. Ordeig ha detallado que Corea del Sur ser\u00e1 el siguiente mercado en reabrir. Al pa\u00eds asi\u00e1tico se podr\u00e1n volver a exportar cerdos de fuera del radio de 20 kil\u00f3metros de la zona afectada.\n    <\/p>\n<p class=\"article-text\">\n        Los pr\u00f3ximos pa\u00edses con los que la Generalitat trabaja para poder volver a exportar son Filipinas y Jap\u00f3n, ha agregado Ordeig. \u201cTenemos que dar certezas a las empresas exportadoras para recuperar la normalidad en base al trabajo bien hecho\u201d, ha aseverado.\n    <\/p>\n<p class=\"article-text\">\n        El criterio para volver a exportar que defiende el Govern, ha detallado el conseller, es el de no vender cerdos que se cr\u00eden en un \u00e1rea de 20 kil\u00f3metros alrededor del foco, aunque algunos pa\u00edses como China han ampliado este per\u00edmetro a toda la provincia de Barcelona.\n    <\/p>\n<p class=\"article-text\">\n        Ordeig se ha mostrado optimista de cara a la recuperaci\u00f3n comercial con el exterior, toda vez que no se ha detectado la presencia de la enfermedad en ninguna de las 56 granjas situadas en este radio de veinte kil\u00f3metros. Los primeros cerdos de los 36.500 que se cr\u00edan sanos en estas granjas ser\u00e1n sacrificados esta semana para su consumo en el mercado porcino interior.\n    <\/p>\n<p class=\"article-text\">\n        El conseller tambi\u00e9n ha detallado que esta semana <a href=\"https:\/\/www.eldiario.es\/catalunya\/illa-anuncia-auditoria-laboratorio-sospechoso-originar-brote-peste-porcina_1_12826253.html\" target=\"_blank\" data-mrf-recirculation=\"links-noticia\" class=\"link\" rel=\"nofollow noopener\">comenzar\u00e1 la auditor\u00eda en el laboratorio p\u00fablico catal\u00e1n IRTA-CReSA<\/a>, que trabaja con el virus en un centro ubicado en Collserola y del que se sospecha como posible origen del brote.\n    <\/p>\n<p class=\"article-text\">\n        Un comit\u00e9 cient\u00edfico integrado por seis expertos en peste porcina africana y en bioseguridad, y coordinado log\u00edsticamente por el IRTA-CReSA, realizar\u00e1 la auditor\u00eda. \u201cPido prudencia y dejar trabar a los cient\u00edficos\u201d, ha reclamado el conseller.\n    <\/p>\n<p class=\"article-text\">\n        El comit\u00e9 tendr\u00e1 como coordinadora cient\u00edfica a Laura P\u00e9rez, jefa del \u00e1rea animal y seguridad biol\u00f3gica del Centro de Investigaci\u00f3n en Sanidad Animal (CISA), y estar\u00e1 integrado por Gorka Aduriz, jefe del \u00e1rea de sanidad animal del centro vasco NEIKER-BRTA; Massimo Palmarini (director del departamento de biolog\u00eda del Erasmus MC de Rotterdam (Pa\u00edses Bajos); Gonzalo Pascual, responsable de seguridad biol\u00f3gica del Instituto de Salud Carlos III de Madrid; Xavier Abad, jefe de la unidad de alta contenci\u00f3n del IRTA-CReSA; y Diana Ram\u00edrez, jefa de la plataforma de infraestructuras de producci\u00f3n animal y presidenta del comit\u00e9 \u00e9tico de experimentaci\u00f3n animal del IRTA.\n    <\/p>\n<p class=\"article-text\">\n        Peinada la zona de alto riesgo de infecci\u00f3n de peste, un per\u00edmetro fijado por la administraci\u00f3n con un radio de seis kil\u00f3metros en torno al foco de la enfermedad, los efectivos que trabajan en la b\u00fasqueda de jabal\u00edes y en cerrar posibles salidas de animales, han comenzado ya a trabajar en el \u00e1rea denominada de bajo riesgo de infecci\u00f3n, con un radio de 20 kil\u00f3metros.\n    <\/p>\n<p class=\"article-text\">\n        Esos trabajos los hace un dispositivo integrado por unos mil efectivos, ha precisado, que son funcionarios de la Direcci\u00f3n General de Bosques de la Generalitat, Agents Rurals, polic\u00edas locales, Mossos, Guardia Civil, unidades caninas de Madrid, Vall d&#8217;Aran y Andorra, Protecci\u00f3n Civil, Cruz Roja, Sistema de Emergencias M\u00e9dicas (SEM), UME, voluntarios y bomberos de la Generalitat y el Ayuntamiento de Barcelona.\n    <\/p>\n<p>    <a href=\"https:\/\/www.eldiario.es\/catalunya\/peste-porcina-vacia-collserola-domingueros-no-hay-gente-parece-covid_1_12826749.html\" data-mrf-recirculation=\"saber-mas-abajo\" data-dl-event=\"saber-mas-abajo\" rel=\"nofollow noopener\" target=\"_blank\"><\/p>\n<p class=\"know-more__title\">La peste porcina vac\u00eda Collserola de domingueros: \u201cNo hay casi gente, parece cuando la COVID\u201d\n<\/p>\n<p>            <img decoding=\"async\" class=\"lazy\" loading=\"lazy\" data-src=\"https:\/\/static.eldiario.es\/clip\/f6a1e556-7947-458f-8d94-0daff4456230_16-9-aspect-ratio_default_0.jpg\" src=\"data:image\/svg+xml,%3Csvg xmlns=\" http:=\"\" viewbox=\"0 0 880 495\" alt=\"La peste porcina vac\u00eda Collserola de domingueros: &quot;No hay casi gente, parece cuando la COVID&quot;\"\/><\/p>\n<p>                        <\/a><\/p>\n<p class=\"article-text\">\n        Ordeig ha agradecido a los ciudadanos del \u00e1rea metropolitana de Barcelona que hayan respetado de forma masiva este puente la prohibici\u00f3n de entrar en el medio natural en 91 municipios de la provincia de Barcelona para impedir la propagaci\u00f3n del virus de la peste porcina.\n    <\/p>\n","protected":false},"excerpt":{"rendered":"El conseller de Agricultura de la Generalitat de Catalunya, \u00d2scar\u00a0Ordeig,\u00a0ha afirmado que el brote de peste porcina iniciado&hellip;\n","protected":false},"author":2,"featured_media":278096,"comment_status":"","ping_status":"","sticky":false,"template":"","format":"standard","meta":{"footnotes":""},"categories":[8],"tags":[517,210,17,18,1980,95,25,24,13,14,11,1982,19,20,9,10,15,16,1981,952,23,12,21,22],"class_list":{"0":"post-278095","1":"post","2":"type-post","3":"status-publish","4":"format-standard","5":"has-post-thumbnail","7":"category-espana","8":"tag-actualidad","9":"tag-barcelona","10":"tag-breaking-news","11":"tag-breakingnews","12":"tag-cataluna","13":"tag-economia","14":"tag-es","15":"tag-espana","16":"tag-featured-news","17":"tag-featurednews","18":"tag-headlines","19":"tag-ignacio-escolar","20":"tag-latest-news","21":"tag-latestnews","22":"tag-news","23":"tag-noticias","24":"tag-noticias-destacadas","25":"tag-noticiasdestacadas","26":"tag-periodismo-independiente","27":"tag-politica","28":"tag-spain","29":"tag-titulares","30":"tag-ultimas-noticias","31":"tag-ultimasnoticias"},"share_on_mastodon":{"url":"https:\/\/pubeurope.com\/@es\/115685429757858148","error":""},"_links":{"self":[{"href":"https:\/\/www.europesays.com\/es\/wp-json\/wp\/v2\/posts\/278095","targetHints":{"allow":["GET"]}}],"collection":[{"href":"https:\/\/www.europesays.com\/es\/wp-json\/wp\/v2\/posts"}],"about":[{"href":"https:\/\/www.europesays.com\/es\/wp-json\/wp\/v2\/types\/post"}],"author":[{"embeddable":true,"href":"https:\/\/www.europesays.com\/es\/wp-json\/wp\/v2\/users\/2"}],"replies":[{"embeddable":true,"href":"https:\/\/www.europesays.com\/es\/wp-json\/wp\/v2\/comments?post=278095"}],"version-history":[{"count":0,"href":"https:\/\/www.europesays.com\/es\/wp-json\/wp\/v2\/posts\/278095\/revisions"}],"wp:featuredmedia":[{"embeddable":true,"href":"https:\/\/www.europesays.com\/es\/wp-json\/wp\/v2\/media\/278096"}],"wp:attachment":[{"href":"https:\/\/www.europesays.com\/es\/wp-json\/wp\/v2\/media?parent=278095"}],"wp:term":[{"taxonomy":"category","embeddable":true,"href":"https:\/\/www.europesays.com\/es\/wp-json\/wp\/v2\/categories?post=278095"},{"taxonomy":"post_tag","embeddable":true,"href":"https:\/\/www.europesays.com\/es\/wp-json\/wp\/v2\/tags?post=278095"}],"curies":[{"name":"wp","href":"https:\/\/api.w.org\/{rel}","templated":true}]}}