{"id":278107,"date":"2025-12-08T18:58:12","date_gmt":"2025-12-08T18:58:12","guid":{"rendered":"https:\/\/www.europesays.com\/es\/278107\/"},"modified":"2025-12-08T18:58:12","modified_gmt":"2025-12-08T18:58:12","slug":"no-pierdo-la-esperanza-de-que-mas-pronto-que-tarde-los-grandes-partidos-sean-capaces-de-poner-a-los-ciudadanos-de-espana-por-delante-de-sus-intereses-politicos","status":"publish","type":"post","link":"https:\/\/www.europesays.com\/es\/278107\/","title":{"rendered":"No pierdo la esperanza de que m\u00e1s pronto que tarde los grandes partidos sean capaces de poner a los ciudadanos de Espa\u00f1a por delante de sus intereses pol\u00edticos"},"content":{"rendered":"<p data-gtm-element-container=\"modulo-texto-link\" class=\"paragraph\"><strong>Lourdes Maldonado<\/strong> ha pasado de estar presentando &#8216;Las tardes de RNE&#8217; en la radio para ponerse al frente de &#8216;El Telediario Fin de Semana&#8217; junto a <strong>Marc Sala<\/strong>, y no solo esto, sino que Lourdes tambi\u00e9n se ha puesto al frente de <strong>&#8216;Informe Semanal&#8217; <\/strong>y, por ello, los s\u00e1bados abandona la segunda edici\u00f3n de &#8216;<strong>El Telediario<\/strong>&#8216; para ir a presentar este m\u00edtico formato de RTVE.<\/p>\n<p data-gtm-element-container=\"modulo-texto-link\" class=\"paragraph\">\u00abCada ma\u00f1ana, cuando lleg\u00f3 al Pirul\u00ed, me sigo pellizcando porque no termino de cre\u00e9rmelo. Esta vuelta a la tele es como volver al calor de hogar, regresar a mi h\u00e1bitat natural despu\u00e9s de <strong>m\u00e1s de 20 a\u00f1os en Antena 3, Telemadrid y TVE.<\/strong> Estoy feliz de esta nueva aventura en la tele p\u00fablica y asumo el reto con muchas ganas y toda la responsabilidad\u00bb, cuenta Lourdes a los compa\u00f1eros de &#8216;El Mundo&#8217;.<\/p>\n<p>                <img loading=\"lazy\" decoding=\"async\" data-full-src=\"https:\/\/www.mundodeportivo.com\/uploads\/2025\/08\/26\/68ad5efe507ed.jpeg\" alt=\"Marc Sala y Lourdes Maldonado, nuevo t\u00e1ndem en el Fin de Semana\" width=\"449\" height=\"252\" src=\"https:\/\/www.europesays.com\/es\/wp-content\/uploads\/2025\/12\/68ad5efe507ed.jpeg\" class=\"lazy\"\/><\/p>\n<p class=\"caption-title \">Marc Sala y Lourdes Maldonado, nuevo t\u00e1ndem en el Fin de Semana<\/p>\n<p>                    RTVE<\/p>\n<p data-gtm-element-container=\"modulo-texto-link\" class=\"paragraph\">Lourdes Maldonado reconoce en la entrevista que \u00ab<strong>fue un regalo tan inesperado como maravilloso.<\/strong> Unir mi nombre a un programa como el de &#8216;Informe Semanal&#8217; y continuar con el legado de todos los referentes que han pasado por all\u00ed es una de las metas de cualquier periodista\u00bb.<\/p>\n<p>                <img loading=\"lazy\" decoding=\"async\" data-full-src=\"https:\/\/www.mundodeportivo.com\/uploads\/2023\/08\/15\/64db51b49462f.jpeg\" alt=\"Lourdes Maldonado\" width=\"449\" height=\"674\" src=\"https:\/\/www.europesays.com\/es\/wp-content\/uploads\/2025\/12\/64db51b49462f.r_d.641-333.jpeg\" class=\"lazy\"\/><\/p>\n<p class=\"caption-title \">Lourdes Maldonado<\/p>\n<p>                    Otras fuentes<\/p>\n<p data-gtm-element-container=\"modulo-texto-link\" class=\"paragraph\">\u00abHay una intensidad informativa que no decae. <strong>Y esa es precisamente nuestra labor: <\/strong>priorizar, canalizar y verificar todas esas noticias que se generan sin perder de vista nuestra funci\u00f3n de servicio p\u00fablico\u00bb, prosigue.<\/p>\n<p>    Lee tambi\u00e9n<\/p>\n<p data-gtm-element-container=\"modulo-texto-link\" class=\"paragraph\">Finalmente, Lourdes se sincera: \u00abNo pierdo la esperanza de que m\u00e1s pronto que tarde los grandes partidos sean capaces de poner a los ciudadanos de Espa\u00f1a por delante de sus intereses pol\u00edticos.<strong> Lo hicimos en la Transici\u00f3n y hay que conseguir que lo excepcional sea algo habitual<\/strong>\u00ab.<\/p>\n","protected":false},"excerpt":{"rendered":"Lourdes Maldonado ha pasado de estar presentando &#8216;Las tardes de RNE&#8217; en la radio para ponerse al frente&hellip;\n","protected":false},"author":2,"featured_media":278108,"comment_status":"","ping_status":"","sticky":false,"template":"","format":"standard","meta":{"footnotes":""},"categories":[171],"tags":[146,147,25,24,23,214],"class_list":{"0":"post-278107","1":"post","2":"type-post","3":"status-publish","4":"format-standard","5":"has-post-thumbnail","7":"category-tv","8":"tag-entertainment","9":"tag-entretenimiento","10":"tag-es","11":"tag-espana","12":"tag-spain","13":"tag-tv"},"share_on_mastodon":{"url":"https:\/\/pubeurope.com\/@es\/115685485646211019","error":""},"_links":{"self":[{"href":"https:\/\/www.europesays.com\/es\/wp-json\/wp\/v2\/posts\/278107","targetHints":{"allow":["GET"]}}],"collection":[{"href":"https:\/\/www.europesays.com\/es\/wp-json\/wp\/v2\/posts"}],"about":[{"href":"https:\/\/www.europesays.com\/es\/wp-json\/wp\/v2\/types\/post"}],"author":[{"embeddable":true,"href":"https:\/\/www.europesays.com\/es\/wp-json\/wp\/v2\/users\/2"}],"replies":[{"embeddable":true,"href":"https:\/\/www.europesays.com\/es\/wp-json\/wp\/v2\/comments?post=278107"}],"version-history":[{"count":0,"href":"https:\/\/www.europesays.com\/es\/wp-json\/wp\/v2\/posts\/278107\/revisions"}],"wp:featuredmedia":[{"embeddable":true,"href":"https:\/\/www.europesays.com\/es\/wp-json\/wp\/v2\/media\/278108"}],"wp:attachment":[{"href":"https:\/\/www.europesays.com\/es\/wp-json\/wp\/v2\/media?parent=278107"}],"wp:term":[{"taxonomy":"category","embeddable":true,"href":"https:\/\/www.europesays.com\/es\/wp-json\/wp\/v2\/categories?post=278107"},{"taxonomy":"post_tag","embeddable":true,"href":"https:\/\/www.europesays.com\/es\/wp-json\/wp\/v2\/tags?post=278107"}],"curies":[{"name":"wp","href":"https:\/\/api.w.org\/{rel}","templated":true}]}}