{"id":278122,"date":"2025-12-08T19:06:10","date_gmt":"2025-12-08T19:06:10","guid":{"rendered":"https:\/\/www.europesays.com\/es\/278122\/"},"modified":"2025-12-08T19:06:10","modified_gmt":"2025-12-08T19:06:10","slug":"un-terremoto-de-magnitud-76-sacude-el-norte-de-japon-y-activa-una-alerta-por-tsunami","status":"publish","type":"post","link":"https:\/\/www.europesays.com\/es\/278122\/","title":{"rendered":"Un terremoto de magnitud 7,6 sacude el norte de Jap\u00f3n y activa una alerta por tsunami"},"content":{"rendered":"\n<p>  08\/12\/2025 &#8211; 16:06  Actualizado: 08\/12\/2025 &#8211; 18:43   <\/p>\n<p> Un<strong> terremoto de magnitud 7,6<\/strong> sacudi\u00f3 este lunes <a href=\"https:\/\/www.elconfidencial.com\/mundo\/2025-11-25\/terremoto-japon-suroeste-danos-heridos-muertos_4254159\/\" target=\"_self\" rel=\"nofollow noopener\">el norte de Jap\u00f3n<\/a>, por el que la Agencia Meteorol\u00f3gica de Jap\u00f3n (JMA) declar\u00f3 <strong>una alerta por tsunami<\/strong> de hasta 3 metros, urgiendo a evacuar a<strong> m\u00e1s de 23.000 personas<\/strong>. <\/p>\n<p> Al menos<strong> ocho personas<\/strong> resultaron heridas a ra\u00edz del fuerte terremoto. Dos de ellas por ca\u00eddas derivadas del se\u00edsmo en Hokkaido, la isla m\u00e1s septentrional del territorio, mientras que las seis restantes se encuentran en la prefectura de Aomori. <\/p>\n<p> El temblor se produjo<strong> a las 23:15 hora local (14:15 GMT)<\/strong> frente a las costas de la prefectura de Aomori, en el noreste del archipi\u00e9lago, con epicentro a <strong>50 kil\u00f3metros de profundidad<\/strong>, de acuerdo con<a href=\"https:\/\/www.elconfidencial.com\/mundo\/2025-11-09\/terremoto-japon-iwate-tsunami-1tps_4244363\/\" target=\"_self\" rel=\"nofollow noopener\"> las autoridades meteorol\u00f3gicas<\/a>. <\/p>\n<p> El se\u00edsmo alcanz\u00f3 en<strong> la ciudad de Hachinohe<\/strong> el nivel 6 superior en la estaca s\u00edsmica japonesa de 7 niveles, centrada en medir la agitaci\u00f3n sobre la superficie y el potencial destructivo, as\u00ed como el nivel 6 inferior en <strong>los pueblos de Oirase y Hashikami.<\/strong> <\/p>\n<p> El terremoto <a href=\"https:\/\/www.elconfidencial.com\/mundo\/2025-06-25\/enjambre-sismico-400-terremotos-japon-islas-tokara_4159132\/\" target=\"_self\" rel=\"nofollow noopener\">se not\u00f3 en buena parte del territorio<\/a>, desde el norte al centro y este del pa\u00eds,<strong> incluida Tokio<\/strong>, donde alcanz\u00f3 el nivel 2 en la escala s\u00edsmica nacional. <\/p>\n<p>              <img decoding=\"async\" class=\"inTextNews__img\" alt=\"Foto: enjambre-sismico-400-terremotos-japon-islas-tokara\" src=\"https:\/\/www.europesays.com\/es\/wp-content\/uploads\/2025\/12\/f.elconfidencial.com\/original\/f89\/407\/4b6\/f894074b6b558341153214b8eafdf5f3.jpg\"  \/>     <\/p>\n<p>TE PUEDE INTERESAR<\/p>\n<p>      <a class=\"inTextNews__title\" href=\"https:\/\/www.elconfidencial.com\/mundo\/2025-06-25\/enjambre-sismico-400-terremotos-japon-islas-tokara_4159132\/\" onclick=\"window.ECCO.emit(&#039;amplitude&#039;, { dataEventName: &#039;click_related_article_module&#039;, data: { related_article_url: &#039;https:\/\/www.elconfidencial.com\/mundo\/2025-06-25\/enjambre-sismico-400-terremotos-japon-islas-tokara_4159132\/&#039;, related_article_author: &#039;Mar\u00eda del Pilar D\u00edaz&#039;, related_article_section: &#039;mundo&#039; } })\" rel=\"nofollow noopener\" target=\"_blank\"> Un enjambre s\u00edsmico con m\u00e1s de 400 terremotos golpea las islas Tokara de Jap\u00f3n en cinco d\u00edas <\/a>   <\/p>\n<p>    Mar\u00eda del Pilar D\u00edaz   <\/p>\n<p> La JMA activ\u00f3 <a href=\"https:\/\/www.elconfidencial.com\/mundo\/2025-07-30\/la-alerta-de-tsunami-pilla-a-japon-en-su-pico-turistico_4182993\/\" target=\"_self\" rel=\"nofollow noopener\">una alerta de tsunami<\/a> de hasta<strong> 3 metros de altura <\/strong>para las costas de la prefectura de<strong> Aomori<\/strong>, la vecina<strong> Iwate <\/strong>y la punta sur de la isla de <strong>Hokkaido,<\/strong> la m\u00e1s septentrional del archipi\u00e9lago, que se prev\u00e9 que llegue pasada la medianoche local. <\/p>\n<p> Tambi\u00e9n se activ\u00f3 la alerta de tsunami de hasta un metro para <strong>las prefecturas de Miyagi y Fukushima<\/strong>, as\u00ed como para las costas del sur de <strong>Hokkaido<\/strong>, y una alerta menor por posibles <strong>cambios en el nivel de la marea<\/strong> en la totalidad de las costas del Pac\u00edfico del territorio, donde las autoridades instaron a alejarse de la costa. <\/p>\n<p> M\u00e1s de <strong>23.000 personas<\/strong> en las prefecturas de Hokkaido, Iwate y Miyagi fueron instada<strong>s a evacuar a refugios<\/strong> ante los riesgos del tsunami, seg\u00fan los datos iniciales de las autoridades. <\/p>\n<p> Un<strong> terremoto de magnitud 7,6<\/strong> sacudi\u00f3 este lunes <a href=\"https:\/\/www.elconfidencial.com\/mundo\/2025-11-25\/terremoto-japon-suroeste-danos-heridos-muertos_4254159\/\" target=\"_self\" rel=\"nofollow noopener\">el norte de Jap\u00f3n<\/a>, por el que la Agencia Meteorol\u00f3gica de Jap\u00f3n (JMA) declar\u00f3 <strong>una alerta por tsunami<\/strong> de hasta 3 metros, urgiendo a evacuar a<strong> m\u00e1s de 23.000 personas<\/strong>. <\/p>\n","protected":false},"excerpt":{"rendered":"08\/12\/2025 &#8211; 16:06 Actualizado: 08\/12\/2025 &#8211; 18:43 Un terremoto de magnitud 7,6 sacudi\u00f3 este lunes el norte de&hellip;\n","protected":false},"author":2,"featured_media":278123,"comment_status":"","ping_status":"","sticky":false,"template":"","format":"standard","meta":{"footnotes":""},"categories":[42],"tags":[17,18,13,14,11,61,62,63,64,19,20,9,10,15,16,12,21,22,65,66,67],"class_list":{"0":"post-278122","1":"post","2":"type-post","3":"status-publish","4":"format-standard","5":"has-post-thumbnail","7":"category-internacional","8":"tag-breaking-news","9":"tag-breakingnews","10":"tag-featured-news","11":"tag-featurednews","12":"tag-headlines","13":"tag-internacional","14":"tag-international","15":"tag-international-news","16":"tag-internationalnews","17":"tag-latest-news","18":"tag-latestnews","19":"tag-news","20":"tag-noticias","21":"tag-noticias-destacadas","22":"tag-noticiasdestacadas","23":"tag-titulares","24":"tag-ultimas-noticias","25":"tag-ultimasnoticias","26":"tag-world","27":"tag-world-news","28":"tag-worldnews"},"share_on_mastodon":{"url":"https:\/\/pubeurope.com\/@es\/115685516317771474","error":""},"_links":{"self":[{"href":"https:\/\/www.europesays.com\/es\/wp-json\/wp\/v2\/posts\/278122","targetHints":{"allow":["GET"]}}],"collection":[{"href":"https:\/\/www.europesays.com\/es\/wp-json\/wp\/v2\/posts"}],"about":[{"href":"https:\/\/www.europesays.com\/es\/wp-json\/wp\/v2\/types\/post"}],"author":[{"embeddable":true,"href":"https:\/\/www.europesays.com\/es\/wp-json\/wp\/v2\/users\/2"}],"replies":[{"embeddable":true,"href":"https:\/\/www.europesays.com\/es\/wp-json\/wp\/v2\/comments?post=278122"}],"version-history":[{"count":0,"href":"https:\/\/www.europesays.com\/es\/wp-json\/wp\/v2\/posts\/278122\/revisions"}],"wp:featuredmedia":[{"embeddable":true,"href":"https:\/\/www.europesays.com\/es\/wp-json\/wp\/v2\/media\/278123"}],"wp:attachment":[{"href":"https:\/\/www.europesays.com\/es\/wp-json\/wp\/v2\/media?parent=278122"}],"wp:term":[{"taxonomy":"category","embeddable":true,"href":"https:\/\/www.europesays.com\/es\/wp-json\/wp\/v2\/categories?post=278122"},{"taxonomy":"post_tag","embeddable":true,"href":"https:\/\/www.europesays.com\/es\/wp-json\/wp\/v2\/tags?post=278122"}],"curies":[{"name":"wp","href":"https:\/\/api.w.org\/{rel}","templated":true}]}}