{"id":278124,"date":"2025-12-08T19:07:10","date_gmt":"2025-12-08T19:07:10","guid":{"rendered":"https:\/\/www.europesays.com\/es\/278124\/"},"modified":"2025-12-08T19:07:10","modified_gmt":"2025-12-08T19:07:10","slug":"todo-sufrimiento-vale-la-pena-si-los-resultados-finales-son-buenos","status":"publish","type":"post","link":"https:\/\/www.europesays.com\/es\/278124\/","title":{"rendered":"\u00abTodo sufrimiento vale la pena si los resultados finales son buenos\u00bb"},"content":{"rendered":"<p style=\"\">El hermano mayor de la Macarena, Jos\u00e9 Antonio Fern\u00e1ndez Cabrero, ha destacado en el regreso al culto de la Virgen de la Esperanza Macarena que <strong>\u00abestoy moderadamente sosegado, plenamente satisfecho, pero muy alegre por todo lo que estoy viviendo a ver transcurrir a la <\/strong> &#8230; <strong>gente emocionada delante de la Virgen\u00bb<\/strong>. Ha se\u00f1alado en una entrevista en el programa &#8216;El Atrio&#8217; de Macarena TV que \u00abtodo sufrimiento vale la pena si los resultados finales son buenos. Y que todas las vicisitudes pasadas desde que acaeci\u00f3 este da\u00f1o que nunca hubi\u00e9ramos deseado nadie y que puede ocurrirle a cualquiera, las fatiguitas quedan soslayadas por la gente\u00bb. <\/p>\n<p class=\"voc-p\" style=\"\">Preguntado por el proceso de restauraci\u00f3n, Cabrero ha apuntado que lo \u00abhe estado siguiendo a diario y no necesitaba a la Virgen esta ma\u00f1ana, porque nunca se fue de m\u00ed. Dice el poeta que la Virgen \u00absale poco de su casa\u00bb, pero se equivoca, la Virgen sale mucho de su casa\u00bb. \u00abEste error, que lo fue, se pidi\u00f3 perd\u00f3n, se subsanan y se acometen las medidas necesarias para que no vuelva a ocurrir\u00bb, ha comentado sobre la intervenci\u00f3n de los Arquillo.<\/p>\n<p class=\"voc-p\" style=\"\">Cabrero ha destacado despu\u00e9s de unos meses complejos en la corporaci\u00f3n que \u00abyo no tengo heridas. Quien pretende herir, tiene un problema. No hay resquicios de rencores ni nada de eso. La gente tiene derecho a decir lo que quiera con dos requisitos: que sea verdad y que pueda ser puesto en objeto de dudas o refutarse\u00bb. <\/p>\n<p class=\"voc-p\" style=\"\">De Pedro Manzano, se ha referido como que \u00abtenemos que pensar que ten\u00edamos al mejor restaurador en las manos. Lo ten\u00edamos claro que era un acierto. Verlo trabajar, estar d\u00eda a d\u00eda cerca de \u00e9l, es una experiencia indescriptible. Pero lo m\u00e1s importante de Pedro Manzano no es eso, es c\u00f3mo ha mimado a la Virgen con tanto pudor, respeto y veneraci\u00f3n\u00bb.<\/p>\n<p class=\"voc-title\">\u00abEl sentir profundo de la mirada de cualquier fiel fijo en los ojos de la Virgen es inenarrable\u00bb<\/p>\n<p class=\"voc-p\" style=\"\">\u00abPoner tres d\u00edas a la Virgen cerca era una deuda con la junta de gobierno y los hermanos y devotos. <strong>Si analizas los hechos, la universalidad de la Virgen est\u00e1 reconocida por una Rosa de Oro, el hermanamiento con Guadalupe, por estar presente en 117 pa\u00edses del mundo<\/strong>. Y somos ahora mismo 18.081 hermanos. Eso obliga mucho a quien dirige la hermandad, por eso le deseo suerte\u00bb, ha analizado en la entrevista tras la decisi\u00f3n de la junta de gobierno de venerar a la dolorosa del 8 al 10 de diciembre y de que los nuevos miembros elegidos tras las elecciones organicen el besamanos en el que se conmemora el centenario de la creaci\u00f3n de este culto en la parroquia de San Gil. <\/p>\n<p class=\"voc-p\" style=\"\">Sobre los ocho a\u00f1os de hermano mayor y 24 de oficial de junta de gobierno, el m\u00e1ximo responsable de la cofrad\u00eda ha apuntado que \u00ab<strong>me quedo con la dimensi\u00f3n espiritual que he alcanzado aqu\u00ed. Me llevo una gran dosis de espiritualidad, que lo he aprendido aqu\u00ed, con los macarenos<\/strong>. A pesar de los disgustos y todo lo que ha ocurrido, merece la pena. Ser l\u00edder es poder hacer algo m\u00e1s por los dem\u00e1s y, como mi vocaci\u00f3n ha sido siempre la asistencia social, eso me ha llenado\u00bb. <\/p>\n<p class=\"voc-p\" style=\"\">Por \u00faltimo, ha puntualizado que \u00abyo estoy muy contento de haber restaurado el error, y dejar a la Virgen con una salud interior y con una belleza en el rostro que le debemos a Pedro Manzano. A los que vienen, les deseo mucha suerte y que pueden contar con este hermano mayor cada vez que lo precisen\u00bb.<\/p>\n","protected":false},"excerpt":{"rendered":"El hermano mayor de la Macarena, Jos\u00e9 Antonio Fern\u00e1ndez Cabrero, ha destacado en el regreso al culto de&hellip;\n","protected":false},"author":2,"featured_media":278125,"comment_status":"","ping_status":"","sticky":false,"template":"","format":"standard","meta":{"footnotes":""},"categories":[8],"tags":[1247,17,18,3970,38715,25,24,13,14,10994,6686,11,37,2467,19,20,60,31,9,10,15,16,4877,885,23,26298,12,21,22,14272],"class_list":{"0":"post-278124","1":"post","2":"type-post","3":"status-publish","4":"format-standard","5":"has-post-thumbnail","7":"category-espana","8":"tag-antonio","9":"tag-breaking-news","10":"tag-breakingnews","11":"tag-buenos","12":"tag-cabrero","13":"tag-es","14":"tag-espana","15":"tag-featured-news","16":"tag-featurednews","17":"tag-fernandez","18":"tag-finales","19":"tag-headlines","20":"tag-hermano","21":"tag-jose","22":"tag-latest-news","23":"tag-latestnews","24":"tag-macarena","25":"tag-mayor","26":"tag-news","27":"tag-noticias","28":"tag-noticias-destacadas","29":"tag-noticiasdestacadas","30":"tag-pena","31":"tag-resultados","32":"tag-spain","33":"tag-sufrimiento","34":"tag-titulares","35":"tag-ultimas-noticias","36":"tag-ultimasnoticias","37":"tag-vale"},"share_on_mastodon":{"url":"https:\/\/pubeurope.com\/@es\/115685519898522539","error":""},"_links":{"self":[{"href":"https:\/\/www.europesays.com\/es\/wp-json\/wp\/v2\/posts\/278124","targetHints":{"allow":["GET"]}}],"collection":[{"href":"https:\/\/www.europesays.com\/es\/wp-json\/wp\/v2\/posts"}],"about":[{"href":"https:\/\/www.europesays.com\/es\/wp-json\/wp\/v2\/types\/post"}],"author":[{"embeddable":true,"href":"https:\/\/www.europesays.com\/es\/wp-json\/wp\/v2\/users\/2"}],"replies":[{"embeddable":true,"href":"https:\/\/www.europesays.com\/es\/wp-json\/wp\/v2\/comments?post=278124"}],"version-history":[{"count":0,"href":"https:\/\/www.europesays.com\/es\/wp-json\/wp\/v2\/posts\/278124\/revisions"}],"wp:featuredmedia":[{"embeddable":true,"href":"https:\/\/www.europesays.com\/es\/wp-json\/wp\/v2\/media\/278125"}],"wp:attachment":[{"href":"https:\/\/www.europesays.com\/es\/wp-json\/wp\/v2\/media?parent=278124"}],"wp:term":[{"taxonomy":"category","embeddable":true,"href":"https:\/\/www.europesays.com\/es\/wp-json\/wp\/v2\/categories?post=278124"},{"taxonomy":"post_tag","embeddable":true,"href":"https:\/\/www.europesays.com\/es\/wp-json\/wp\/v2\/tags?post=278124"}],"curies":[{"name":"wp","href":"https:\/\/api.w.org\/{rel}","templated":true}]}}