{"id":278128,"date":"2025-12-08T19:12:10","date_gmt":"2025-12-08T19:12:10","guid":{"rendered":"https:\/\/www.europesays.com\/es\/278128\/"},"modified":"2025-12-08T19:12:10","modified_gmt":"2025-12-08T19:12:10","slug":"nueve-espanoles-buscan-plaza-en-la-final-de-la-escuela-del-asian-tour","status":"publish","type":"post","link":"https:\/\/www.europesays.com\/es\/278128\/","title":{"rendered":"Nueve espa\u00f1oles buscan plaza en la Final de la Escuela del Asian Tour"},"content":{"rendered":"<p>&#13;<br \/>\n        &#13;<br \/>\n&#13;<br \/>\n        &#13;<\/p>\n<p>            <a href=\"https:\/\/ten-golf.com\/wp-content\/uploads\/2022\/07\/Asier-Aguirre-Sir-Old-Golfer-Photography-e1657912358754.jpg\" data-caption=\"Asier Aguirre. \u00a9 Sir Old Golfer Photography\" rel=\"nofollow noopener\" target=\"_blank\"><img decoding=\"async\" loading=\"lazy\" width=\"666\" height=\"444\" class=\"entry-thumb td-modal-image\" src=\"https:\/\/www.europesays.com\/es\/wp-content\/uploads\/2025\/12\/Asier-Aguirre-Sir-Old-Golfer-Photography-666x444.jpg\"   alt=\"Asier Aguirre. \u00a9 Sir Old Golfer Photography\" title=\"Asier Aguirre. \u00a9 Sir Old Golfer Photography\"\/><\/a>Asier Aguirre. \u00a9 Sir Old Golfer Photography<\/p>\n<p>            La Escuela del Asian Tour entra en su recta decisiva y, desde este martes, nueve espa\u00f1oles afrontan dos de las \u00faltimas pruebas de la primera fase, antes de que la gran Final arranque en apenas diez d\u00edas. 72 hoyos en busca de una plaza para la semana que viene.<br \/>\nOcho de el<\/p>\n<p>Para seguir leyendo, Suscr\u00edbete<\/p>\n<p>    Subscription OptionsMENSUAL<\/p>\n<p>Unlimited  Entradas<\/p>\n<p>Unlimited  Galer\u00edas<\/p>\n<p>Unlimited  \u00c1lbumes<\/p>\n<p>Unlimited  P\u00e1ginas<\/p>\n<p>ANUAL + LIBRO<\/p>\n<p>Unlimited  Entradas<\/p>\n<p>Unlimited  Galer\u00edas<\/p>\n<p>Unlimited  \u00c1lbumes<\/p>\n<p>Unlimited  P\u00e1ginas<\/p>\n<p>ANUAL<\/p>\n<p>Unlimited  Entradas<\/p>\n<p>Unlimited  Galer\u00edas<\/p>\n<p>Unlimited  \u00c1lbumes<\/p>\n<p>Unlimited  P\u00e1ginas<\/p>\n<p>    Recibe 30 mulligans para gastar en <a href=\"https:\/\/thegame.ten-golf.com\" target=\"_blank\" rel=\"nofollow noopener\">TheGame<\/a> junto a tu suscripci\u00f3n anual (al final de la temporada se quitar\u00e1n los mulligans no gastados)<\/p>\n<p>    Pincha <a href=\"https:\/\/ten-golf.com\/tengolf-pone-en-marcha-el-muro-de-pago-y-crea-el-club-tengolf\" target=\"_blank\" rel=\"nofollow noopener\">aqu\u00ed<\/a> para saber m\u00e1s sobre las distintas suscripciones<\/p>\n<p>        &#13;<br \/>\n&#13;<br \/>\n        &#13;<br \/>\n            &#13;<br \/>\n            &#13;<br \/>\n&#13;<\/p>\n<p class=\"join-telegram\"><img decoding=\"async\" class=\"loading\" src=\"https:\/\/www.europesays.com\/es\/wp-content\/uploads\/2025\/11\/telegram-icon.png\" alt=\"\"\/> S\u00edguenos tambi\u00e9n en <a href=\"https:\/\/telegram.org\/\" target=\"_blank\" style=\"font-weight: normal;\" rel=\"nofollow noopener\">Telegram<\/a> en el canal <a href=\"https:\/\/t.me\/tengolf\" target=\"_blank\" rel=\"nofollow\">@tengolf<\/a><\/p>\n<p>        &#13;<br \/>\n        <a class=\"will-load\" name=\"end-article\" data-id=\"post-213151\"\/>&#13;<\/p>\n","protected":false},"excerpt":{"rendered":"&#13; &#13; &#13; &#13; Asier Aguirre. \u00a9 Sir Old Golfer Photography La Escuela del Asian Tour entra en&hellip;\n","protected":false},"author":2,"featured_media":278129,"comment_status":"","ping_status":"","sticky":false,"template":"","format":"standard","meta":{"footnotes":""},"categories":[275],"tags":[67643,67644,67645,56225,52169,168,25,67646,24,329,67647,67648,67649,336,67650,339,340,1909,1910,40533,23,167],"class_list":{"0":"post-278128","1":"post","2":"type-post","3":"status-publish","4":"format-standard","5":"has-post-thumbnail","7":"category-golf","8":"tag-agusti-quinquilla","9":"tag-alejandro-rodriguez","10":"tag-antonio-hortal","11":"tag-asian-tour","12":"tag-asier-aguirre","13":"tag-deportes","14":"tag-es","15":"tag-escuela-asian-tour","16":"tag-espana","17":"tag-golf","18":"tag-luis-gonzalez","19":"tag-marc-sabria","20":"tag-mario-galiano","21":"tag-notificacion","22":"tag-pep-angles","23":"tag-portada-america","24":"tag-portada-global","25":"tag-portada-top","26":"tag-portada-top-america","27":"tag-scott-fernandez","28":"tag-spain","29":"tag-sports"},"share_on_mastodon":{"url":"https:\/\/pubeurope.com\/@es\/115685539772198616","error":""},"_links":{"self":[{"href":"https:\/\/www.europesays.com\/es\/wp-json\/wp\/v2\/posts\/278128","targetHints":{"allow":["GET"]}}],"collection":[{"href":"https:\/\/www.europesays.com\/es\/wp-json\/wp\/v2\/posts"}],"about":[{"href":"https:\/\/www.europesays.com\/es\/wp-json\/wp\/v2\/types\/post"}],"author":[{"embeddable":true,"href":"https:\/\/www.europesays.com\/es\/wp-json\/wp\/v2\/users\/2"}],"replies":[{"embeddable":true,"href":"https:\/\/www.europesays.com\/es\/wp-json\/wp\/v2\/comments?post=278128"}],"version-history":[{"count":0,"href":"https:\/\/www.europesays.com\/es\/wp-json\/wp\/v2\/posts\/278128\/revisions"}],"wp:featuredmedia":[{"embeddable":true,"href":"https:\/\/www.europesays.com\/es\/wp-json\/wp\/v2\/media\/278129"}],"wp:attachment":[{"href":"https:\/\/www.europesays.com\/es\/wp-json\/wp\/v2\/media?parent=278128"}],"wp:term":[{"taxonomy":"category","embeddable":true,"href":"https:\/\/www.europesays.com\/es\/wp-json\/wp\/v2\/categories?post=278128"},{"taxonomy":"post_tag","embeddable":true,"href":"https:\/\/www.europesays.com\/es\/wp-json\/wp\/v2\/tags?post=278128"}],"curies":[{"name":"wp","href":"https:\/\/api.w.org\/{rel}","templated":true}]}}