{"id":278132,"date":"2025-12-08T19:17:36","date_gmt":"2025-12-08T19:17:36","guid":{"rendered":"https:\/\/www.europesays.com\/es\/278132\/"},"modified":"2025-12-08T19:17:36","modified_gmt":"2025-12-08T19:17:36","slug":"alineaciones-probables-para-la-jornada-16-de-laliga-ea-sports","status":"publish","type":"post","link":"https:\/\/www.europesays.com\/es\/278132\/","title":{"rendered":"Alineaciones probables para la jornada 16 de LaLiga EA Sports"},"content":{"rendered":"<p data-mrf-recirculation=\"Links P\u00e1rrafos\" class=\"ue-c-article__paragraph paragraph ue-c-article--first-letter-highlighted\">Real Sociedad y Girona abrir\u00e1n <strong>la jornada 16<\/strong> en Anoeta <strong>despu\u00e9s de una nueva semana de competiciones europeas<\/strong> y en v\u00edsperas de los <strong>dieciseisavos de la Copa del Rey<\/strong>. Como siempre decimos es evidente que <strong>las rotaciones estar\u00e1n a la orden del d\u00eda<\/strong> en pr\u00e1cticamente todos los equipos. <strong>Solo Oviedo, Espanyol y Girona cayeron<\/strong> en el torneo del K.O. y podr\u00e1n centrarse en LaLiga.<\/p>\n<p data-mrf-recirculation=\"Links P\u00e1rrafos\" class=\"ue-c-article__paragraph paragraph\">Clasicazo entre <strong>Atl\u00e9tico y Valencia<\/strong> en el Metropolitano a la hora del aperitivo <strong>(s\u00e1bado 14h)<\/strong>, el <strong>Bar\u00e7a<\/strong> que recibe a <strong>Osasuna<\/strong> en la merienda <strong>(s\u00e1bado 18:30h)<\/strong> y para el domingo el <strong>Villarreal<\/strong> que visita al <strong>Levante<\/strong> en el Ciutat de Val\u00e8ncia <strong>(18:30h)<\/strong> y el <strong>Real Madrid<\/strong> que har\u00e1 lo propio con el <strong>Alav\u00e9s<\/strong> en Mendizorrotza <strong>(21h)<\/strong>. Pod\u00e9is seguir el minuto a minuto de los equipos de LaLiga <a href=\"https:\/\/x.com\/FantasyMARCA\" target=\"_blank\" rel=\"nofollow\"><strong>en X @FantasyMARCA<\/strong><\/a>.<\/p>\n<p>REAL SOCIEDAD &#8211; GIRONA (viernes, 21h)<\/p>\n<p data-mrf-recirculation=\"Links P\u00e1rrafos\" class=\"ue-c-article__paragraph paragraph\">Los donostiarras, sin los lesionados <strong>Oyarzabal, Yangel Herrera, Rup\u00e9rez y \u00d3skarsson<\/strong>. Es duda Zubeldia. <strong>Ounahi<\/strong>, disponible en los visitantes tras sanci\u00f3n. Tsygankov y Vanat se fueron con molestias en Elche, pero no parecen importantes. Bajas por lesi\u00f3n <strong>David L\u00f3pez, Abel Ruiz, Stuani, Van de Beek, Portu, Krapyvtsov, Artero y Juan Carlos<\/strong>.<\/p>\n<p data-mrf-recirculation=\"Links P\u00e1rrafos\" class=\"ue-c-article__paragraph paragraph\"><strong>Alineaci\u00f3n probable de la Real<\/strong>: Remiro; Aramburu, Aritz, Jon Mart\u00edn, Sergio G\u00f3mez; Gorrotxategi, Brais, Soler; Kubo, Guedes, Barrenetxea.<\/p>\n<ul class=\"ue-c-article__list ue-c-article__ ue-c-article__list--unordered\">\n<li>MVP Fantasy: Oyarzabal (91 puntos)<\/li>\n<\/ul>\n<ul class=\"ue-c-article__list ue-c-article__ ue-c-article__list--unordered\">\n<li>El Chollo: Sergio G\u00f3mez (7,3 millones)<\/li>\n<\/ul>\n<p><a href=\"https:\/\/view.genially.com\/64d111b629f4640018c6964d\/interactive-content-real-sociedad\" rel=\"nofollow noopener\" target=\"_blank\"><img decoding=\"async\" width=\"778\" height=\"823\" class=\"ue-c-article__image lazyload\" alt=\"La Real suma 879 puntos Fantasy.\" loading=\"lazy\" src=\"https:\/\/www.europesays.com\/es\/wp-content\/uploads\/2025\/12\/6936b2837265b.jpeg\"\/><\/a><\/p>\n<p>La Real suma 879 puntos Fantasy.<\/p>\n<p data-mrf-recirculation=\"Links P\u00e1rrafos\" class=\"ue-c-article__paragraph paragraph\"><strong>Alineaci\u00f3n probable del Girona<\/strong>: Gazzaniga; Arnau, Vitor Reis, Blind, \u00c1lex Moreno; Witsel, Ounahi, Iv\u00e1n Mart\u00edn; Tsygankov, Vanat, Bryan Gil.<\/p>\n<ul class=\"ue-c-article__list ue-c-article__ ue-c-article__list--unordered\">\n<li>MVP Fantasy: Ounahi (74 puntos)<\/li>\n<\/ul>\n<ul class=\"ue-c-article__list ue-c-article__ ue-c-article__list--unordered\">\n<li>El Chollo: Iv\u00e1n Mart\u00edn (5,8 millones)<\/li>\n<\/ul>\n<p><a href=\"https:\/\/view.genially.com\/62af8a73a80a1c001119c384\/interactive-content-girona\" rel=\"nofollow noopener\" target=\"_blank\"><img decoding=\"async\" width=\"781\" height=\"820\" class=\"ue-c-article__image lazyload\" alt=\"El Girona ha sumado 799 puntos Fantasy.\" loading=\"lazy\" src=\"https:\/\/www.europesays.com\/es\/wp-content\/uploads\/2025\/12\/6936b44af1482.jpeg\"\/><\/a><\/p>\n<p>El Girona ha sumado 799 puntos Fantasy.<\/p>\n<p>ATL\u00c9TICO &#8211; VALENCIA (s\u00e1bado, 14h)<\/p>\n<p data-mrf-recirculation=\"Links P\u00e1rrafos\" class=\"ue-c-article__paragraph paragraph\">Se lo pierden\u00a0<strong>Gim\u00e9nez, \u00c1lex Baena y Marcos Llorente<\/strong> en los locales. Es duda Lenglet. Sancionado <strong>T\u00e1rrega<\/strong> en el Valencia por acumulaci\u00f3n de amonestaciones. Sigue lesionado <strong>Diakhaby<\/strong>.<\/p>\n<p data-mrf-recirculation=\"Links P\u00e1rrafos\" class=\"ue-c-article__paragraph paragraph\"><strong>Alineaci\u00f3n probable del Atl\u00e9tico<\/strong>: Oblak; Molina, Le Normand, Lenglet (o Pubill), Hancko; Giuliano, Barrios, Koke, Nico Gonz\u00e1lez; Juli\u00e1n \u00c1lvarez, Sorloth.<\/p>\n<ul class=\"ue-c-article__list ue-c-article__ ue-c-article__list--unordered\">\n<li>MVP Fantasy: Juli\u00e1n \u00c1lvarez (93 puntos)<\/li>\n<\/ul>\n<ul class=\"ue-c-article__list ue-c-article__ ue-c-article__list--unordered\">\n<li>El Chollo: Nahuel Molina (2,8 millones)<\/li>\n<\/ul>\n<p><a href=\"https:\/\/view.genially.com\/5fb98815c48a490d2894fd10\/interactive-content-atletico\" rel=\"nofollow noopener\" target=\"_blank\"><img decoding=\"async\" width=\"799\" height=\"823\" class=\"ue-c-article__image lazyload\" alt=\"El Atl\u00e9tico lleva 1.132 puntos Fantasy.\" loading=\"lazy\" src=\"https:\/\/www.europesays.com\/es\/wp-content\/uploads\/2025\/12\/6936b509c2de2.jpeg\"\/><\/a><\/p>\n<p>El Atl\u00e9tico lleva 1.132 puntos Fantasy.<\/p>\n<p data-mrf-recirculation=\"Links P\u00e1rrafos\" class=\"ue-c-article__paragraph paragraph\"><strong>Alineaci\u00f3n probable del Valencia<\/strong>: Agirrezabala; Thierry, C\u00f6mert, Copete, Gay\u00e0; Javi Guerra, Pepelu, Almeida; Diego L\u00f3pez, Hugo Duro, Danjuma.<\/p>\n<ul class=\"ue-c-article__list ue-c-article__ ue-c-article__list--unordered\">\n<li>MVP Fantasy: Agirrezabala (71 puntos)<\/li>\n<\/ul>\n<ul class=\"ue-c-article__list ue-c-article__ ue-c-article__list--unordered\">\n<li>El Chollo: Agirrezabala (22,9 millones)<\/li>\n<\/ul>\n<p><a href=\"https:\/\/view.genially.com\/5fba3dc9c48a490d28950474\/interactive-content-valencia\" rel=\"nofollow noopener\" target=\"_blank\"><img decoding=\"async\" width=\"784\" height=\"822\" class=\"ue-c-article__image lazyload\" alt=\"El Valencia ha sumado 825 puntos Fantasy.\" loading=\"lazy\" src=\"https:\/\/www.europesays.com\/es\/wp-content\/uploads\/2025\/12\/6936b610455cc.jpeg\"\/><\/a><\/p>\n<p>El Valencia ha sumado 825 puntos Fantasy.<\/p>\n<p>MALLORCA &#8211; ELCHE (s\u00e1bado, 16:15h)<\/p>\n<p data-mrf-recirculation=\"Links P\u00e1rrafos\" class=\"ue-c-article__paragraph paragraph\">Los bermellones pierden a <strong>Sam\u00fa Costa<\/strong> por ciclo de tarjetas. <strong>Ra\u00edllo<\/strong> se fractur\u00f3 el p\u00f3mulo en Oviedo y no volver\u00e1 hasta 2026.\u00a0Leo Rom\u00e1n y Lato, en el dique seco. Los franjiverdes, pendientes de <strong>Andr\u00e9 da Silva<\/strong>, que no pudo estar ante el Girona, y de <strong>Diangana<\/strong>, que no sali\u00f3 tras el descanso por molestias.<\/p>\n<p data-mrf-recirculation=\"Links P\u00e1rrafos\" class=\"ue-c-article__paragraph paragraph\"><strong>Alineaci\u00f3n probable del Mallorca<\/strong>: Bergstr\u00f6m; Maffeo, Valjent, Kumbulla, Mojica; Mascarell, Morlanes; Joseph, Darder, Virgili; Muriqi.<\/p>\n<ul class=\"ue-c-article__list ue-c-article__ ue-c-article__list--unordered\">\n<li>MVP Fantasy: Muriqi (70 puntos)<\/li>\n<\/ul>\n<ul class=\"ue-c-article__list ue-c-article__ ue-c-article__list--unordered\">\n<li>El Chollo: Bergstr\u00f6m (6,2 millones)<\/li>\n<\/ul>\n<p><a href=\"https:\/\/view.genially.com\/5fb83d73182eec0cf60d2c9f\/interactive-content-mallorca\" rel=\"nofollow noopener\" target=\"_blank\"><img decoding=\"async\" width=\"799\" height=\"820\" class=\"ue-c-article__image lazyload\" alt=\"El Mallorca lleva 895 puntos Fantasy.\" loading=\"lazy\" src=\"https:\/\/www.europesays.com\/es\/wp-content\/uploads\/2025\/12\/6936b6e19c9d4.jpeg\"\/><\/a><\/p>\n<p>El Mallorca lleva 895 puntos Fantasy.<\/p>\n<p data-mrf-recirculation=\"Links P\u00e1rrafos\" class=\"ue-c-article__paragraph paragraph\"><strong>Alineaci\u00f3n probable del Elche<\/strong>: I\u00f1aki Pe\u00f1a; \u00c1lvaro N\u00fa\u00f1ez, Affengruber, Bigas; H\u00e9ctor Fort; Aguado, Aleix Febas, Mendoza, Valera; Rafa Mir, \u00c1lvaro.<\/p>\n<ul class=\"ue-c-article__list ue-c-article__ ue-c-article__list--unordered\">\n<li>MVP Fantasy: Germ\u00e1n Valera (85 puntos)<\/li>\n<\/ul>\n<ul class=\"ue-c-article__list ue-c-article__ ue-c-article__list--unordered\">\n<li>El Chollo: H\u00e9ctor Fort (3,3 millones)<\/li>\n<\/ul>\n<p><a href=\"https:\/\/view.genially.com\/68877563f43ebf5d448b5829\/interactive-content-elche\" rel=\"nofollow noopener\" target=\"_blank\"><img decoding=\"async\" width=\"784\" height=\"823\" class=\"ue-c-article__image lazyload\" alt=\"El Elche lleva 996 puntos Fantasy.\" loading=\"lazy\" src=\"https:\/\/www.europesays.com\/es\/wp-content\/uploads\/2025\/12\/6936b93292ac2.jpeg\"\/><\/a><\/p>\n<p>El Elche lleva 996 puntos Fantasy.<\/p>\n<p>BARCELONA &#8211; OSASUNA (s\u00e1bado, 18:30h)<\/p>\n<p data-mrf-recirculation=\"Links P\u00e1rrafos\" class=\"ue-c-article__paragraph paragraph\">Flick mantiene en el dique seco a\u00a0<strong>Dani Olmo, Gavi y Araujo<\/strong>. Los rojillos, sin el lesionado Iker Benito.<\/p>\n<p data-mrf-recirculation=\"Links P\u00e1rrafos\" class=\"ue-c-article__paragraph paragraph\"><strong>Alineaci\u00f3n probable del Barcelona<\/strong>: Joan Garc\u00eda; Kound\u00e9, Cubars\u00ed, Eric Garc\u00eda (o Gerard Mart\u00edn), Balde; De Jong (o Eric Garc\u00eda), Pedri, Ferm\u00edn; Lamine, Ferran, Raphinha.\u00a0<\/p>\n<ul class=\"ue-c-article__list ue-c-article__ ue-c-article__list--unordered\">\n<li>MVP Fantasy: Lamine Yamal (134 puntos)<\/li>\n<\/ul>\n<ul class=\"ue-c-article__list ue-c-article__ ue-c-article__list--unordered\">\n<li>El Chollo: Cubars\u00ed (27,7 millones)<\/li>\n<\/ul>\n<p><a href=\"https:\/\/view.genially.com\/5fb9866059dafd0d2ef8af11\/interactive-content-barcelona-once\" rel=\"nofollow noopener\" target=\"_blank\"><img decoding=\"async\" width=\"772\" height=\"819\" class=\"ue-c-article__image lazyload\" alt=\"El Bar\u00e7a ha sumado 1.318 puntos Fantasy.\" loading=\"lazy\" src=\"https:\/\/www.europesays.com\/es\/wp-content\/uploads\/2025\/12\/6936c1256df19.jpeg\"\/><\/a><\/p>\n<p>El Bar\u00e7a ha sumado 1.318 puntos Fantasy.<\/p>\n<p data-mrf-recirculation=\"Links P\u00e1rrafos\" class=\"ue-c-article__paragraph paragraph\"><strong>Alineaci\u00f3n probable de Osasuna<\/strong>:\u00a0Sergio Herrera; Arguibide, Boyomo, Herrando, Catena, Bretones; Moncayola, Torr\u00f3, Aimar Oroz; Budimir, V\u00edctor Mu\u00f1oz.<\/p>\n<ul class=\"ue-c-article__list ue-c-article__ ue-c-article__list--unordered\">\n<li>MVP Fantasy: Catena (81 puntos)<\/li>\n<\/ul>\n<ul class=\"ue-c-article__list ue-c-article__ ue-c-article__list--unordered\">\n<li>El Chollo: Budimir (27,6 millones)<\/li>\n<\/ul>\n<p><a href=\"https:\/\/view.genially.com\/5fb79e854bd8c4109c68ba24\/interactive-content-osasuna\" rel=\"nofollow noopener\" target=\"_blank\"><img decoding=\"async\" width=\"784\" height=\"823\" class=\"ue-c-article__image lazyload\" alt=\"Osasuna lleva 793 puntos Fantasy.\" loading=\"lazy\" src=\"https:\/\/www.europesays.com\/es\/wp-content\/uploads\/2025\/12\/69371ee8b8628.jpeg\"\/><\/a><\/p>\n<p>Osasuna lleva 793 puntos Fantasy.<\/p>\n<p>GETAFE &#8211; ESPANYOL (s\u00e1bado, 21h)<\/p>\n<p data-mrf-recirculation=\"Links P\u00e1rrafos\" class=\"ue-c-article__paragraph paragraph\">Los azulones pierden a su faro, <strong>Luis Milla<\/strong>, por sanci\u00f3n.\u00a0Lesionados Davinchi y Juanmi. En los pericos sigue lesionado <strong>Javi Puado<\/strong> y se le une <strong>Terrats<\/strong>\u00a0que termin\u00f3 con la mano en los isquiotibiales el pasado domingo. Estar\u00e1 disponible Riedel, que se cay\u00f3 a \u00faltima hora ante el Rayo por enfermedad. Se lo pierde <strong>Dolan<\/strong> por sanci\u00f3n.<\/p>\n<p data-mrf-recirculation=\"Links P\u00e1rrafos\" class=\"ue-c-article__paragraph paragraph\"><strong>Alineaci\u00f3n probable del Getafe: <\/strong>David Soria; Femen\u00eda, Iglesias, Domingos Duarte, Djen\u00e9, Diego Rico; Javi Mu\u00f1oz (o Neyou), Arambarri, Mario Mart\u00edn; Adri\u00e1n Liso; Mayoral.<\/p>\n<ul class=\"ue-c-article__list ue-c-article__ ue-c-article__list--unordered\">\n<li>MVP Fantasy: Milla (88 puntos)<\/li>\n<\/ul>\n<ul class=\"ue-c-article__list ue-c-article__ ue-c-article__list--unordered\">\n<li>El Chollo: Femen\u00eda (3,8 millones)<\/li>\n<\/ul>\n<p><a href=\"https:\/\/view.genially.com\/5fba6083749f7b0d221a2b80\/interactive-content-getafe\" rel=\"nofollow noopener\" target=\"_blank\"><img decoding=\"async\" width=\"802\" height=\"826\" class=\"ue-c-article__image lazyload\" alt=\"El Getafe lleva 860 puntos Fantasy.\" loading=\"lazy\" src=\"https:\/\/www.europesays.com\/es\/wp-content\/uploads\/2025\/12\/6936cb96df969.jpeg\"\/><\/a><\/p>\n<p>El Getafe lleva 860 puntos Fantasy.<\/p>\n<p data-mrf-recirculation=\"Links P\u00e1rrafos\" class=\"ue-c-article__paragraph paragraph\"><strong>Alineaci\u00f3n probable del Espanyol<\/strong>:\u00a0Dmitrovic; El Hilali, Calero, Cabrera, Romero; Urko, Pol Lozano, Edu Exp\u00f3sito; Jofre Carreras, Roberto Fern\u00e1ndez, Pere Milla.<\/p>\n<ul class=\"ue-c-article__list ue-c-article__ ue-c-article__list--unordered\">\n<li>MVP Fantasy: Carlos Romero (85 puntos)\u00a0<\/li>\n<\/ul>\n<ul class=\"ue-c-article__list ue-c-article__ ue-c-article__list--unordered\">\n<li>El Chollo: Calero (3,7 millones)<\/li>\n<\/ul>\n<p><a href=\"https:\/\/view.genially.com\/66a7d19d0da977ed00765586\/interactive-content-espanyol\" rel=\"nofollow noopener\" target=\"_blank\"><img decoding=\"async\" width=\"781\" height=\"822\" class=\"ue-c-article__image lazyload\" alt=\"El Espanyol ha sumado 991 puntos Fantasy.\" loading=\"lazy\" src=\"https:\/\/www.europesays.com\/es\/wp-content\/uploads\/2025\/12\/6936cd53e758c.jpeg\"\/><\/a><\/p>\n<p>El Espanyol ha sumado 991 puntos Fantasy.<\/p>\n<p>SEVILLA &#8211; OVIEDO (domingo, 14h)<\/p>\n<p data-mrf-recirculation=\"Links P\u00e1rrafos\" class=\"ue-c-article__paragraph paragraph\">Almeyda tiene las bajas por sanci\u00f3n de <strong>Peque<\/strong> (acumulaci\u00f3n de tarjetas) e <strong>Isaac Romero<\/strong> (segundo partido). Y por lesi\u00f3n de Vargas, Kike Salas, Suazo, Nianzou, Januzaj y Juanlu. Podr\u00eda volver <strong>Marcao<\/strong>. Se lo pierden <strong>Cazorla y Fede Vi\u00f1as<\/strong> en los visitantes, expulsados contra el Mallorca. Podr\u00edan volver Javi L\u00f3pez e Ilic, y es duda Brandon.<\/p>\n<p data-mrf-recirculation=\"Links P\u00e1rrafos\" class=\"ue-c-article__paragraph paragraph\"><strong>Alineaci\u00f3n probable del Sevilla<\/strong>: Vlachodimos; Carmona, Azpilicueta, Gudelj, Castr\u00edn, Oso; Agoum\u00e9, Mendy, Sow; Alexis (o Alfon), Akor Adams.<\/p>\n<ul class=\"ue-c-article__list ue-c-article__ ue-c-article__list--unordered\">\n<li>MVP Fantasy: Carmona (67 puntos)<\/li>\n<\/ul>\n<ul class=\"ue-c-article__list ue-c-article__ ue-c-article__list--unordered\">\n<li>El Chollo: Gudelj (0,7 millones)<\/li>\n<\/ul>\n<p><a href=\"https:\/\/view.genially.com\/5fb96c469e845a12b6ecf24c\/interactive-content-sevilla\" rel=\"nofollow noopener\" target=\"_blank\"><img decoding=\"async\" width=\"787\" height=\"822\" class=\"ue-c-article__image lazyload\" alt=\"El Sevilla ha logrado 825 puntos Fantasy.\" loading=\"lazy\" src=\"https:\/\/www.europesays.com\/es\/wp-content\/uploads\/2025\/12\/6936cfb28f3af.jpeg\"\/><\/a><\/p>\n<p>El Sevilla ha logrado 825 puntos Fantasy.<\/p>\n<p data-mrf-recirculation=\"Links P\u00e1rrafos\" class=\"ue-c-article__paragraph paragraph\"><strong>Alineaci\u00f3n probable del Oviedo<\/strong>: Aar\u00f3n Escandell; Nacho Vidal, David Costas, David Carmo, Alhassane; Colombatto, Dendoncker, Reina; Hassan, Rond\u00f3n, Chaira.<\/p>\n<ul class=\"ue-c-article__list ue-c-article__ ue-c-article__list--unordered\">\n<li>MVP Fantasy: Aar\u00f3n Escandell (98 puntos)<\/li>\n<\/ul>\n<ul class=\"ue-c-article__list ue-c-article__ ue-c-article__list--unordered\">\n<li>El Chollo: Ilyas Chaira (4,2 millones)<\/li>\n<\/ul>\n<p><a href=\"https:\/\/view.genially.com\/688664d96f6692a268b87a19\/interactive-content-oviedo\" rel=\"nofollow noopener\" target=\"_blank\"><img decoding=\"async\" width=\"777\" height=\"823\" class=\"ue-c-article__image lazyload\" alt=\"El Oviedo ha sumado 843 puntos Fantasy.\" loading=\"lazy\" src=\"https:\/\/www.europesays.com\/es\/wp-content\/uploads\/2025\/12\/6936d0cb2b76c.jpeg\"\/><\/a><\/p>\n<p>El Oviedo ha sumado 843 puntos Fantasy.<\/p>\n<p>CELTA &#8211; ATHLETIC (domingo, 16:15h)<\/p>\n<p data-mrf-recirculation=\"Links P\u00e1rrafos\" class=\"ue-c-article__paragraph paragraph\">En los celestes es baja Aidoo por lesi\u00f3n. Pablo Dur\u00e1n se lastim\u00f3 el hombro en el Bernab\u00e9u, a la espera del alcance. Los leones, sin los <strong>lesionados<\/strong><strong>Laporte, Robert Navarro, <\/strong>Maroan, Be\u00f1at Prados y Egiluz. Suspendido por dopaje Yeray y <strong>podr\u00eda reaparecer I\u00f1aki Williams.\u00a0<\/strong><\/p>\n<p data-mrf-recirculation=\"Links P\u00e1rrafos\" class=\"ue-c-article__paragraph paragraph\"><strong>Alineaci\u00f3n probable del Celta<\/strong>: Radu; Javi Rodr\u00edguez, Starfelt, Marcos Alonso; Carreira, Miguel Rom\u00e1n, Ilaix Moriba, Mingueza; Williot Swedberg, Borja Iglesias, Bryan Zaragoza,<\/p>\n<ul class=\"ue-c-article__list ue-c-article__ ue-c-article__list--unordered\">\n<li>MVP Fantasy: Radu (81 puntos)<\/li>\n<\/ul>\n<ul class=\"ue-c-article__list ue-c-article__ ue-c-article__list--unordered\">\n<li>El Chollo: Carreira (7,3 millones)<\/li>\n<\/ul>\n<p><a href=\"https:\/\/view.genially.com\/5fb971ca0871e00d358a6c12\/interactive-content-celta\" rel=\"nofollow noopener\" target=\"_blank\"><img decoding=\"async\" width=\"760\" height=\"820\" class=\"ue-c-article__image lazyload\" alt=\"El Celta ha sumado 923 puntos Fantasy.\" loading=\"lazy\" src=\"https:\/\/www.europesays.com\/es\/wp-content\/uploads\/2025\/12\/6936d3b760a19.jpeg\"\/><\/a><\/p>\n<p>El Celta ha sumado 923 puntos Fantasy.<\/p>\n<p data-mrf-recirculation=\"Links P\u00e1rrafos\" class=\"ue-c-article__paragraph paragraph\"><strong>Alineaci\u00f3n probable del Athletic<\/strong>: Unai Sim\u00f3n; Areso, Vivian, Paredes, Yuri; Jauregizar, De Galarreta; Sancet; Berenguer, Guruzeta, Nico Williams.<\/p>\n<ul class=\"ue-c-article__list ue-c-article__ ue-c-article__list--unordered\">\n<li>MVP Fantasy: Nico Williams (76 puntos)<\/li>\n<\/ul>\n<ul class=\"ue-c-article__list ue-c-article__ ue-c-article__list--unordered\">\n<li>El Chollo: Unai Sim\u00f3n (22,8 millones)<\/li>\n<\/ul>\n<p><a href=\"https:\/\/view.genially.com\/5fba66cb749f7b0d221a2c1f\/interactive-content-athletic\" rel=\"nofollow noopener\" target=\"_blank\"><img decoding=\"async\" width=\"742\" height=\"816\" class=\"ue-c-article__image lazyload\" alt=\"El Athletic lleva 946 puntos Fantasy.\" loading=\"lazy\" src=\"https:\/\/www.europesays.com\/es\/wp-content\/uploads\/2025\/12\/6936d4f4dae01.jpeg\"\/><\/a><\/p>\n<p>El Athletic lleva 946 puntos Fantasy.<\/p>\n<p>LEVANTE &#8211; VILLARREAL (domingo, 18:30h)<\/p>\n<p data-mrf-recirculation=\"Links P\u00e1rrafos\" class=\"ue-c-article__paragraph paragraph\">Los locales mantienen lesionados a Dela, Elgezabal y Mat\u00edas Moreno. Entre algodones Carlos Esp\u00ed y Pablo Mart\u00ednez. Los groguets podr\u00e1n contar con <strong>Gueye<\/strong> tras cumplir sanci\u00f3n y antes de irse a la Copa de \u00c1frica. En el dique seco <strong>Parejo, Gerard Moreno, Logan Costa, Pau Cabanes y Kambwala<\/strong>. Dudosos Mouri\u00f1o y Thomas.<\/p>\n<p data-mrf-recirculation=\"Links P\u00e1rrafos\" class=\"ue-c-article__paragraph paragraph\"><strong>Alineaci\u00f3n probable del Levante<\/strong>:\u00a0Matt Ryan; Toljan, Matturro, Cabello, Manu S\u00e1nchez; Kervin Arriaga, Vencedor, Brugu\u00e9; Carlos \u00c1lvarez, Etta Eyong, Iv\u00e1n Romero.<\/p>\n<ul class=\"ue-c-article__list ue-c-article__ ue-c-article__list--unordered\">\n<li>MVP Fantasy: Etta Eyong (93 puntos)<\/li>\n<\/ul>\n<ul class=\"ue-c-article__list ue-c-article__ ue-c-article__list--unordered\">\n<li>El Chollo: Iv\u00e1n Romero (18,5 millones)<\/li>\n<\/ul>\n<p><a href=\"https:\/\/view.genially.com\/6884be935b5d8fa2790aaf27\/interactive-content-levante\" rel=\"nofollow noopener\" target=\"_blank\"><img decoding=\"async\" width=\"775\" height=\"820\" class=\"ue-c-article__image lazyload\" alt=\"El Levante ha sumado 789 puntos Fantasy.\" loading=\"lazy\" src=\"https:\/\/www.europesays.com\/es\/wp-content\/uploads\/2025\/12\/6936e4c725883.jpeg\"\/><\/a><\/p>\n<p>El Levante ha sumado 789 puntos Fantasy.<\/p>\n<p data-mrf-recirculation=\"Links P\u00e1rrafos\" class=\"ue-c-article__paragraph paragraph\"><strong>Alineaci\u00f3n probable del Villarreal<\/strong>: Luiz J\u00fanior; Pau Navarro, Foyth, Renato Veiga, Sergi Cardona; Buchanan, Comesa\u00f1a, Gueye, Moleiro; Mikautadze, Ayoze.<\/p>\n<ul class=\"ue-c-article__list ue-c-article__ ue-c-article__list--unordered\">\n<li>MVP Fantasy: Moleiro (104 puntos)<\/li>\n<\/ul>\n<ul class=\"ue-c-article__list ue-c-article__ ue-c-article__list--unordered\">\n<li>El Chollo: Sergi Cardona (15,3 millones)<\/li>\n<\/ul>\n<p><a href=\"https:\/\/view.genially.com\/5fb94f0ac48a490d2894f6ae\/interactive-content-villarreal\" rel=\"nofollow noopener\" target=\"_blank\"><img decoding=\"async\" width=\"778\" height=\"819\" class=\"ue-c-article__image lazyload\" alt=\"El Villarreal lleva 1.180 puntos Fantasy.\" loading=\"lazy\" src=\"https:\/\/www.europesays.com\/es\/wp-content\/uploads\/2025\/12\/6936d66fe14b7.jpeg\"\/><\/a><\/p>\n<p>El Villarreal lleva 1.180 puntos Fantasy.<\/p>\n<p>ALAV\u00c9S &#8211; REAL MADRID (domingo, 21h)<\/p>\n<p data-mrf-recirculation=\"Links P\u00e1rrafos\" class=\"ue-c-article__paragraph paragraph\"><strong>Antonio Blanco<\/strong> vuelve tras sanci\u00f3n en los babazorros. Apartado Garc\u00e9s por la sanci\u00f3n FIFA. Es duda Guridi. En los visitantes se lo pierden seguro por lesi\u00f3n\u00a0<strong>Trent, Carvajal, Mendy y el \u00faltimo en caer, Militao (3-4 meses)<\/strong>. Sancionados\u00a0<strong>Fran Garc\u00eda, Carreras y Endrick<\/strong>, expulsados ante el Celta. Se espera la vuelta de\u00a0<strong>Huijsen <\/strong>y &#8216;noticias&#8217; de<strong> Alaba.<\/strong><\/p>\n<p data-mrf-recirculation=\"Links P\u00e1rrafos\" class=\"ue-c-article__paragraph paragraph\"><strong>Alineaci\u00f3n probable del Alav\u00e9s<\/strong>: Sivera; Jonny, Tenaglia, Jon Pacheco, Parada; Pablo Ib\u00e1\u00f1ez, Antonio Blanco, Denis Su\u00e1rez; Calebe, Boy\u00e9, Rebbach.<\/p>\n<ul class=\"ue-c-article__list ue-c-article__ ue-c-article__list--unordered\">\n<li>MVP Fantasy: Tenaglia (90 puntos)<\/li>\n<\/ul>\n<ul class=\"ue-c-article__list ue-c-article__ ue-c-article__list--unordered\">\n<li>El Chollo: Jon Pacheco (3,6 millones)<\/li>\n<\/ul>\n<p><img decoding=\"async\" width=\"784\" height=\"825\" class=\"ue-c-article__image lazyload\" alt=\"El Alav\u00e9s lleva 905 puntos Fantasy.\" loading=\"lazy\" src=\"https:\/\/www.europesays.com\/es\/wp-content\/uploads\/2025\/12\/6936d844533a5.jpeg\"\/><\/p>\n<p>El Alav\u00e9s lleva 905 puntos Fantasy.<\/p>\n<p data-mrf-recirculation=\"Links P\u00e1rrafos\" class=\"ue-c-article__paragraph paragraph\"><strong>Alineaci\u00f3n probable del Real Madrid<\/strong>: Courtois; Valverde, Huijsen, R\u00fcdiger, Camavinga; Tchouam\u00e9ni, G\u00fcler; Bellingham; Mastantuono, Mbapp\u00e9, Vin\u00edcius.<\/p>\n<ul class=\"ue-c-article__list ue-c-article__ ue-c-article__list--unordered\">\n<li>MVP Fantasy: Mbapp\u00e9 (194 puntos)<\/li>\n<\/ul>\n<ul class=\"ue-c-article__list ue-c-article__ ue-c-article__list--unordered\">\n<li>El Chollo: R\u00fcdiger (7,8 millones)<\/li>\n<\/ul>\n<p><a href=\"https:\/\/view.genially.com\/5fb954ff182eec0cf60d3ea4\/interactive-content-real-madrid\" rel=\"nofollow noopener\" target=\"_blank\"><img decoding=\"async\" width=\"781\" height=\"820\" class=\"ue-c-article__image lazyload\" alt=\"El Real Madrid ha sumado 1.308 puntos Fantasy.\" loading=\"lazy\" src=\"https:\/\/www.europesays.com\/es\/wp-content\/uploads\/2025\/12\/6936d93fcd520.jpeg\"\/><\/a><\/p>\n<p>El Real Madrid ha sumado 1.308 puntos Fantasy.<\/p>\n<p>RAYO &#8211; BETIS (lunes, 21h)<\/p>\n<p data-mrf-recirculation=\"Links P\u00e1rrafos\" class=\"ue-c-article__paragraph paragraph\">I\u00f1igo P\u00e9rez recupera a <strong>Path\u00e9 Ciss<\/strong> que ya cumpli\u00f3 sus dos partidos de suspensi\u00f3n. Se lo pierde <strong>Unai L\u00f3pez<\/strong>, expulsado en Cornell\u00e1. En el dique seco Trejo, Mumin, Pedro D\u00edaz y Diego M\u00e9ndez. <strong>Alemao<\/strong> recay\u00f3 de su lesi\u00f3n. Los verdiblancos tienen en el dique seco a <strong>Junior Firpo, Isco y Beller\u00edn<\/strong>. Es duda Amrabat.<\/p>\n<p data-mrf-recirculation=\"Links P\u00e1rrafos\" class=\"ue-c-article__paragraph paragraph\"><strong>Alineaci\u00f3n probable del Rayo<\/strong>: Batalla; Ratiu, Lejeune, Mendy, Chavarr\u00eda; Path\u00e9 Ciss, \u00d3scar Valent\u00edn; Isi; De Frutos, Camello (o Fran P\u00e9rez), \u00c1lvaro Garc\u00eda.<\/p>\n<ul class=\"ue-c-article__list ue-c-article__ ue-c-article__list--unordered\">\n<li>MVP Fantasy: De Frutos (94 puntos)<\/li>\n<\/ul>\n<ul class=\"ue-c-article__list ue-c-article__ ue-c-article__list--unordered\">\n<li>El Chollo: Path\u00e9 Ciss (9,7 millones)<\/li>\n<\/ul>\n<p><a href=\"https:\/\/view.genially.com\/60c345349349cc0da66f3493\/interactive-content-rayo\" rel=\"nofollow noopener\" target=\"_blank\"><img decoding=\"async\" width=\"745\" height=\"823\" class=\"ue-c-article__image lazyload\" alt=\"El Rayo ha sumado 964 puntos Fantasy.\" loading=\"lazy\" src=\"https:\/\/www.europesays.com\/es\/wp-content\/uploads\/2025\/12\/6936e0a9e0282.jpeg\"\/><\/a><\/p>\n<p>El Rayo ha sumado 964 puntos Fantasy.<\/p>\n<p data-mrf-recirculation=\"Links P\u00e1rrafos\" class=\"ue-c-article__paragraph paragraph\"><strong>Alineaci\u00f3n probable del Betis<\/strong>: \u00c1lvaro Valles; Ruibal, Bartra, Natan, Valent\u00edn G\u00f3mez (o Ricardo Rodr\u00edguez); Altimira (o Amrabat), Marc Roca (o Lo Celso), Fornals; Antony, Cucho Hern\u00e1ndez, Abde.<\/p>\n<ul class=\"ue-c-article__list ue-c-article__ ue-c-article__list--unordered\">\n<li>MVP Fantasy: Fornals (97 puntos)<\/li>\n<\/ul>\n<ul class=\"ue-c-article__list ue-c-article__ ue-c-article__list--unordered\">\n<li>El Chollo: Ruibal (5,8 millones)<\/li>\n<\/ul>\n<p><a href=\"https:\/\/view.genially.com\/5fba9bd7749f7b0d221a329f\/interactive-content-betis\" rel=\"nofollow noopener\" target=\"_blank\"><img decoding=\"async\" width=\"808\" height=\"823\" class=\"ue-c-article__image lazyload\" alt=\"El Betis lleva 1.057 puntos Fantasy.\" loading=\"lazy\" src=\"https:\/\/www.europesays.com\/es\/wp-content\/uploads\/2025\/12\/6936e14604ad8.jpeg\"\/><\/a><\/p>\n<p>El Betis lleva 1.057 puntos Fantasy.<\/p>\n<p data-mrf-recirculation=\"Links P\u00e1rrafos\" class=\"ue-c-article__paragraph paragraph\"><a href=\"https:\/\/www.marca.com\/juega-fantasy.html\" target=\"_blank\" rel=\"nofollow noopener\"><strong>\u00a1Descarga aqu\u00ed el Movistar Fantasy MARCA<\/strong><\/a> con m\u00e1s novedades que nunca! \u00a1Con nuevas competiciones como la Champions o la Premier! \u00a1Con m\u00e1s premios! \u00a1Y con m\u00e1s opciones de personalizaci\u00f3n! <a href=\"https:\/\/x.com\/FantasyMarca\" target=\"_blank\" rel=\"nofollow\"><strong>S\u00edguenos en X @FantasyMARCA<\/strong><\/a>. Tambi\u00e9n tienes contenido diario <a href=\"https:\/\/www.marca.com\/fantasy.html\" target=\"_blank\" rel=\"nofollow noopener\"><strong>en MARCA.com<\/strong><\/a> y semanal <strong>en el peri\u00f3dico<\/strong>, en el canal de MARCA <strong>en YouTube<\/strong> y <strong>en Radio MARCA<\/strong> (viernes, 14:45 h.).<\/p>\n","protected":false},"excerpt":{"rendered":"Real Sociedad y Girona abrir\u00e1n la jornada 16 en Anoeta despu\u00e9s de una nueva semana de competiciones europeas&hellip;\n","protected":false},"author":2,"featured_media":278133,"comment_status":"","ping_status":"","sticky":false,"template":"","format":"standard","meta":{"footnotes":""},"categories":[268],"tags":[168,25,24,280,282,281,23,167],"class_list":{"0":"post-278132","1":"post","2":"type-post","3":"status-publish","4":"format-standard","5":"has-post-thumbnail","7":"category-futbol","8":"tag-deportes","9":"tag-es","10":"tag-espana","11":"tag-football","12":"tag-futbol","13":"tag-soccer","14":"tag-spain","15":"tag-sports"},"share_on_mastodon":{"url":"https:\/\/pubeurope.com\/@es\/115685560434446217","error":""},"_links":{"self":[{"href":"https:\/\/www.europesays.com\/es\/wp-json\/wp\/v2\/posts\/278132","targetHints":{"allow":["GET"]}}],"collection":[{"href":"https:\/\/www.europesays.com\/es\/wp-json\/wp\/v2\/posts"}],"about":[{"href":"https:\/\/www.europesays.com\/es\/wp-json\/wp\/v2\/types\/post"}],"author":[{"embeddable":true,"href":"https:\/\/www.europesays.com\/es\/wp-json\/wp\/v2\/users\/2"}],"replies":[{"embeddable":true,"href":"https:\/\/www.europesays.com\/es\/wp-json\/wp\/v2\/comments?post=278132"}],"version-history":[{"count":0,"href":"https:\/\/www.europesays.com\/es\/wp-json\/wp\/v2\/posts\/278132\/revisions"}],"wp:featuredmedia":[{"embeddable":true,"href":"https:\/\/www.europesays.com\/es\/wp-json\/wp\/v2\/media\/278133"}],"wp:attachment":[{"href":"https:\/\/www.europesays.com\/es\/wp-json\/wp\/v2\/media?parent=278132"}],"wp:term":[{"taxonomy":"category","embeddable":true,"href":"https:\/\/www.europesays.com\/es\/wp-json\/wp\/v2\/categories?post=278132"},{"taxonomy":"post_tag","embeddable":true,"href":"https:\/\/www.europesays.com\/es\/wp-json\/wp\/v2\/tags?post=278132"}],"curies":[{"name":"wp","href":"https:\/\/api.w.org\/{rel}","templated":true}]}}