{"id":278134,"date":"2025-12-08T19:18:21","date_gmt":"2025-12-08T19:18:21","guid":{"rendered":"https:\/\/www.europesays.com\/es\/278134\/"},"modified":"2025-12-08T19:18:21","modified_gmt":"2025-12-08T19:18:21","slug":"que-la-vida-nos-siga-regalando-momentos-como-estos","status":"publish","type":"post","link":"https:\/\/www.europesays.com\/es\/278134\/","title":{"rendered":"\u00a1Qu\u00e9 la vida nos siga regalando momentos como estos!"},"content":{"rendered":"<p id=\"eFqoDj1PPa\" data-wc=\"108\"><strong>Martina Klein ha vivido un puente muy especial.\u00a0<\/strong>Entre los festivos del 6 y el 8 de diciembre \u2014D\u00eda de la Constituci\u00f3n y de la Inmaculada, respectivamente\u2014, <strong>el d\u00eda 7 ocupa un lugar destacado en su calendario personal: su cumplea\u00f1os.<\/strong> La modelo y presentadora acaba de soplar 49 velas y lo ha celebrado rodeada del cari\u00f1o de su familia y con <strong>una felicitaci\u00f3n muy especial de \u00c1lex Corretja,<\/strong> el hombre con el que comparte su vida desde hace m\u00e1s de una d\u00e9cada. Su historia de amor comenz\u00f3 en 2010 y, desde entonces, se han consolidado como una de las parejas m\u00e1s s\u00f3lidas y admiradas del panorama social espa\u00f1ol.<\/p>\n<p> <img src=\"https:\/\/www.europesays.com\/es\/wp-content\/uploads\/2025\/12\/d04f23751f37-saveclipapp574870661183714879640813734182384741899102505n.jpg\"   width=\"1024\" height=\"1024\" loading=\"lazy\" decoding=\"async\" alt=\"Martina y \u00c1lex fueron algunos de los invitados en la Gala People in Red Barcelona, \" fetchpriority=\"auto\" class=\"image ho-image\"\/>\u00a9 alexcorretja74Martina y \u00c1lex fueron algunos de los invitados en la Gala People in Red Barcelona, <\/p>\n<p id=\"eJ3kPBPd5bH\" data-wc=\"100\">Para festejar a la cumplea\u00f1era, el extenista recurri\u00f3 a las redes sociales para sorprender a su chica con una dedicatoria cargada de complicidad y mucho amor. Comparti\u00f3 varias fotograf\u00edas de ambos \u2014vestidos de gala, practicando deporte, disfrutando de la playa y en momentos desenfadados\u2014 que reflejan la naturalidad de su relaci\u00f3n. Junto a esas im\u00e1genes, escribi\u00f3 un rom\u00e1ntico mensaje: \u00ab\u00a1Que la vida nos siga regalando momentos como estos! Feliz cumple amor, @martinakleinpro\u00bb. Y a\u00f1adi\u00f3 con un toque de humor: \u00abMi vida, no quiero ser indiscreto y decir tu edad, solo te recuerdo que entre los dos ya sumamos 100 a\u00f1os\u00bb.<\/p>\n<p> <img src=\"https:\/\/www.europesays.com\/es\/wp-content\/uploads\/2025\/12\/f9d01a97618a-saveclipapp590776721183714879730813735552497804774005375n.jpg\"   width=\"1024\" height=\"1023\" loading=\"lazy\" decoding=\"async\" alt=\"La pareja comparte momentos de su vida cotidiana en sus redes\" fetchpriority=\"auto\" class=\"image ho-image\"\/>\u00a9 alexcorretja74La pareja comparte momentos de su vida cotidiana en sus redes<\/p>\n<p> <img src=\"https:\/\/www.europesays.com\/es\/wp-content\/uploads\/2025\/12\/c439138493ca-saveclipapp588417361183714879550813731923764365677664764n.jpg\"   width=\"1024\" height=\"1024\" loading=\"lazy\" decoding=\"async\" alt=\"La pareja durante sus vacaciones en la playa\" fetchpriority=\"auto\" class=\"image ho-image\"\/>\u00a9 Gala People in Red Barcelona,La pareja durante sus vacaciones en la playa<\/p>\n<p id=\"e4nFeOR-LPB\" data-wc=\"64\"><a class=\"hm-link ho-link\" href=\"https:\/\/www.hola.com\/actualidad\/20250920856023\/martina-klein-alex-corretja-fotos-amor-cancha-pareja-mas-unida-divertida-deporte\/\" data-mrf-recirculation=\"article-body-link\" rel=\"nofollow noopener\" target=\"_blank\">Su historia de amor comenz\u00f3 en 2010,\u00a0<\/a>cuando Martina Klein y \u00c1lex Corretja se conocieron en un momento en el que ambos ya hab\u00edan consolidado sus respectivas carreras. Ella, convertida en una de las modelos m\u00e1s reconocidas de su generaci\u00f3n y con presencia en televisi\u00f3n; \u00e9l, extenista de prestigio, <strong>n\u00famero 2 del mundo en 1999 y campe\u00f3n del Masters de la ATP en 1998.<\/strong><\/p>\n<p> <img src=\"https:\/\/www.europesays.com\/es\/wp-content\/uploads\/2025\/12\/6d6a0999e15e-apertura-ldmmartinaklein.jpg\"   width=\"1024\" height=\"681\" loading=\"lazy\" decoding=\"async\" alt=\"Martina Klein\" fetchpriority=\"auto\" class=\"image ho-image\"\/>\u00a9 LodemanuelaMartina Klein sigue siendo un icono en el mundo de la moda<\/p>\n<p> <img src=\"https:\/\/www.europesays.com\/es\/wp-content\/uploads\/2025\/12\/862b0353ab2a-saveclipapp589402916183707091910813735465437084676361853n.jpg\"   width=\"1024\" height=\"1024\" loading=\"lazy\" decoding=\"async\" alt=\"\u00c1lex Corretja abandon\u00f3 el tenis profesional con 32 a\u00f1os\" fetchpriority=\"auto\" class=\"image ho-image\"\/>\u00a9 alexcorretja74\u00c1lex Corretja abandon\u00f3 el tenis profesional con 32 a\u00f1os<\/p>\n<p id=\"e9vkT6ntpPb\" data-wc=\"120\">Lo que empez\u00f3 como una relaci\u00f3n discreta se ha transformado en <strong>una s\u00f3lida historia de amor que, quince a\u00f1os despu\u00e9s, sigue m\u00e1s viva que nunca.\u00a0<\/strong>Martina Klein y \u00c1lex Corretja han sabido integrar sus vidas y formar una familia numerosa en la que reina la complicidad. Cuando se conocieron, la modelo era madre de Pablo, quien naci\u00f3 en 2005, fruto de su relaci\u00f3n con el m\u00fasico \u00c1lex de la Nuez, la otra mitad del d\u00fao musical \u00a0\u00c1lex y Christina. El extenista, por su parte, tambi\u00e9n ten\u00eda dos hijas, Aroa y Carla, de su matrimonio con Marta Cors. <strong>En 2017 lleg\u00f3 \u00c9rika, la \u00fanica hija en com\u00fan,<\/strong> que reforz\u00f3 a\u00fan m\u00e1s su uni\u00f3n y complet\u00f3 el hogar que siempre hab\u00edan so\u00f1ado.<\/p>\n<p> <img src=\"https:\/\/www.europesays.com\/es\/wp-content\/uploads\/2025\/12\/558d0ad0e8e5-saveclipapp541115397185286709870483237713643178332556915n.jpg\"   width=\"768\" height=\"1024\" loading=\"lazy\" decoding=\"async\" alt=\"Martina Klein con su hija peque\u00f1a \u00c9rika\" fetchpriority=\"auto\" class=\"image ho-image\"\/>\u00a9 martinakleinproMartina Klein con su hija peque\u00f1a \u00c9rika<\/p>\n<p> <img src=\"https:\/\/www.europesays.com\/es\/wp-content\/uploads\/2025\/12\/d030201b60bb-saveclipapp541544862185286711490483237129453168736667088n.jpg\"   width=\"768\" height=\"1024\" loading=\"lazy\" decoding=\"async\" alt=\"\u00c9rika es la hija que tienen en com\u00fan Martina y \u00c1lex\" fetchpriority=\"auto\" class=\"image ho-image\"\/>\u00a9 martinakleinpro\u00c9rika es la hija que tienen en com\u00fan Martina y \u00c1lex<\/p>\n<p id=\"eE7d6EMdX4\" data-wc=\"103\">\u00abCreo que el amor lleg\u00f3 en el momento en que pod\u00eda encajar en mi vida\u00bb,\u00a0confesaba recientemente la modelo en<a class=\"hm-link ho-link\" href=\"https:\/\/www.hola.com\/actualidad\/20250828852619\/martina-klein-secretos-mundo-moda-tallas\/\" data-mrf-recirculation=\"article-body-link\" rel=\"nofollow noopener\" target=\"_blank\">\u00a0una entrevista exclusiva con \u00a1HOLA!.<\/a> Martina habl\u00f3 abiertamente de \u00c1lex y de la complicidad que les une: \u00abParte de lo que nos gusta el uno del otro es que, en muchos sentidos, nuestras carreras han sido muy parecidas. Hemos tenido que gestionarnos solos, viajar por todo el mundo y afrontar tanto el \u00e9xito como el fracaso siendo muy j\u00f3venes. Tambi\u00e9n hemos aprendido a reciclarnos, colocando la juventud en un lugar sano. Nos encontramos en un momento en el que nos entendimos muy bien\u00bb.<\/p>\n<p>Reinvenci\u00f3n profesional<\/p>\n<p id=\"eswid1KRRU5\" data-wc=\"121\">En lo profesional, ambos han sabido reinventarse con el paso de los a\u00f1os. Martina, argentina afincada en Espa\u00f1a desde los noventa \u2014lleg\u00f3 a Barcelona con su familia cuando ten\u00eda 12 a\u00f1os\u2014, se convirti\u00f3 en uno de los rostros m\u00e1s reconocidos de la moda nacional, desfilando para grandes firmas y protagonizando campa\u00f1as internacionales. Su simpat\u00eda y naturalidad le abrieron tambi\u00e9n las puertas de la televisi\u00f3n y, en <strong>los \u00faltimos a\u00f1os, ha diversificado su carrera hacia la escritura y proyectos creativos, \u00a0pero sin abandonar la moda definitivamente.<\/strong> De hecho, en unas declaraciones a HOLA!, reconoc\u00eda: \u00abMi vida, a mi edad, con mi familia, me deja un espacio limitado en el que la moda se sigue colando y d\u00e1ndome muchas satisfacciones. Soy muy afortunada\u00bb.\u00a0<\/p>\n<p> <img src=\"https:\/\/www.europesays.com\/es\/wp-content\/uploads\/2025\/12\/29b9d88eb47b-saveclipapp491451883185045925340483233007551093519128657n.jpg\"   width=\"819\" height=\"1024\" loading=\"lazy\" decoding=\"async\" alt=\"La pareja en Barcelona, donde residen\" fetchpriority=\"auto\" class=\"image ho-image\"\/>\u00a9 martinakleinproLa pareja en Barcelona, donde residen<\/p>\n<p> <img src=\"https:\/\/www.europesays.com\/es\/wp-content\/uploads\/2025\/12\/5c611c332ba1-saveclipapp572766616183650169520813732344701555063129019n.jpg\"   width=\"768\" height=\"1024\" loading=\"lazy\" decoding=\"async\" alt=\"\u00c1lex Correjta recibi\u00f3 el premio Campeones con valores y estuvo acompa\u00f1ado de Martina y sus padres\" fetchpriority=\"auto\" class=\"image ho-image\"\/>\u00a9 alexcorretja74\u00c1lex Correjta recibi\u00f3 el premio Campeones con valores y estuvo acompa\u00f1ado de Martina y sus padres<\/p>\n<p id=\"eE9NKPoKVp\" data-wc=\"39\">En su faceta como <strong>autora de literatura infantil,<\/strong> destaca la serie\u00a0<strong>\u00a1Zaska!<\/strong>, que incluye t\u00edtulos como \u00a1Zaska! (2015), Perdidos en la gran manzana (2015) y T-Rex son multitud (2015), obras que han tenido gran acogida entre el p\u00fablico infantil.<\/p>\n<p id=\"e6_vvFPkXCY\" data-wc=\"108\">\u00c1lex Corretja, por su parte, fue uno de los grandes nombres del tenis espa\u00f1ol en los a\u00f1os noventa y principios de los 2000. Sin embargo, tuvo mala suerte y una lesi\u00f3n le retir\u00f3 de las pistas:<strong>\u00a0un problema de visi\u00f3n en su ojo izquierdo le oblig\u00f3 a decir adi\u00f3s al tenis profesional a los 32 a\u00f1os<\/strong>. Tras su retirada, se convirti\u00f3 en capit\u00e1n del equipo espa\u00f1ol de Copa Davis y, en la actualidad, ejerce como comentarista en Movistar durante los grandes torneos internacionales, donde aporta su experiencia y conocimiento del juego. Adem\u00e1s, de poder entrevistar a las grandes estrellas del tenis del momento como el espa\u00f1ol, <a class=\"hm-link ho-link\" href=\"https:\/\/www.hola.com\/actualidad\/20251118868106\/carlos-alcaraz-copa-davis-2025-espana-me-voy-dolido\/\" data-mrf-recirculation=\"article-body-link\" rel=\"nofollow noopener\" target=\"_blank\">Carlos Alcaraz.<\/a><\/p>\n<p> <img src=\"https:\/\/www.europesays.com\/es\/wp-content\/uploads\/2025\/12\/662ad49a8103-saveclipapp543113181183579830590813733665085415954086080n.jpg\"   width=\"1024\" height=\"1024\" loading=\"lazy\" decoding=\"async\" alt=\"\u00c1lex Corretja entrevistando al campe\u00f3n Carlos Alcaraz\" fetchpriority=\"auto\" class=\"image ho-image\"\/>\u00a9 alexcorretja74\u00c1lex Corretja entrevistando al campe\u00f3n Carlos Alcaraz<\/p>\n<p id=\"e4Z8-JaT6hc\" data-wc=\"49\">Sin duda, juntos, \u00c1lex y Martina han sabido compaginar sus proyectos con la vida familiar, demostrando que la complicidad, el amor y el respeto son el verdadero secreto de su uni\u00f3n. Una pareja que, quince a\u00f1os despu\u00e9s, sigue transmitiendo cercan\u00eda y autenticidad, tanto dentro como fuera de la cancha.<\/p>\n","protected":false},"excerpt":{"rendered":"Martina Klein ha vivido un puente muy especial.\u00a0Entre los festivos del 6 y el 8 de diciembre \u2014D\u00eda&hellip;\n","protected":false},"author":2,"featured_media":278135,"comment_status":"","ping_status":"","sticky":false,"template":"","format":"standard","meta":{"footnotes":""},"categories":[174],"tags":[517,41405,255,146,147,25,24,256,41406,23],"class_list":{"0":"post-278134","1":"post","2":"type-post","3":"status-publish","4":"format-standard","5":"has-post-thumbnail","7":"category-famosos","8":"tag-actualidad","9":"tag-alex-corretja","10":"tag-celebrities","11":"tag-entertainment","12":"tag-entretenimiento","13":"tag-es","14":"tag-espana","15":"tag-famosos","16":"tag-martina-klein","17":"tag-spain"},"share_on_mastodon":{"url":"https:\/\/pubeurope.com\/@es\/115685563891266976","error":""},"_links":{"self":[{"href":"https:\/\/www.europesays.com\/es\/wp-json\/wp\/v2\/posts\/278134","targetHints":{"allow":["GET"]}}],"collection":[{"href":"https:\/\/www.europesays.com\/es\/wp-json\/wp\/v2\/posts"}],"about":[{"href":"https:\/\/www.europesays.com\/es\/wp-json\/wp\/v2\/types\/post"}],"author":[{"embeddable":true,"href":"https:\/\/www.europesays.com\/es\/wp-json\/wp\/v2\/users\/2"}],"replies":[{"embeddable":true,"href":"https:\/\/www.europesays.com\/es\/wp-json\/wp\/v2\/comments?post=278134"}],"version-history":[{"count":0,"href":"https:\/\/www.europesays.com\/es\/wp-json\/wp\/v2\/posts\/278134\/revisions"}],"wp:featuredmedia":[{"embeddable":true,"href":"https:\/\/www.europesays.com\/es\/wp-json\/wp\/v2\/media\/278135"}],"wp:attachment":[{"href":"https:\/\/www.europesays.com\/es\/wp-json\/wp\/v2\/media?parent=278134"}],"wp:term":[{"taxonomy":"category","embeddable":true,"href":"https:\/\/www.europesays.com\/es\/wp-json\/wp\/v2\/categories?post=278134"},{"taxonomy":"post_tag","embeddable":true,"href":"https:\/\/www.europesays.com\/es\/wp-json\/wp\/v2\/tags?post=278134"}],"curies":[{"name":"wp","href":"https:\/\/api.w.org\/{rel}","templated":true}]}}