{"id":278144,"date":"2025-12-08T19:24:11","date_gmt":"2025-12-08T19:24:11","guid":{"rendered":"https:\/\/www.europesays.com\/es\/278144\/"},"modified":"2025-12-08T19:24:11","modified_gmt":"2025-12-08T19:24:11","slug":"xabi-alonso-y-el-desquicie-del-madrid","status":"publish","type":"post","link":"https:\/\/www.europesays.com\/es\/278144\/","title":{"rendered":"Xabi Alonso y el desquicie del Madrid"},"content":{"rendered":"<p style=\"\">Xabi Alonso utiliz\u00f3 la palabra <a href=\"https:\/\/www.abc.es\/deportes\/real-madrid\/vestuarios-madrid-celta-20251207164701-nt.html\" target=\"_self\" data-voc-vtm-id=\"in-text-traffic\" title=\"\u00abdesquiciar\u00bb\" data-mrf-link=\"www.abc.es\" rel=\"nofollow noopener\">\u00abdesquiciar\u00bb<\/a> para referirse al efecto que hab\u00edan tenido sobre el Madrid las decisiones arbitrales en la derrota frente al Celta. Repasando el partido, no se aprecian pol\u00e9micas definitivas de cara al resultado, m\u00e1s all\u00e1 de un par de interrupciones  &#8230; por dos leyes de la ventaja mal aplicadas o el codazo sobre Bellingham por parte de Borja Iglesias, que est\u00e1 mucho m\u00e1s cerca de ser un lance del juego que una agresi\u00f3n intencionada. <\/p>\n<p class=\"voc-p\" style=\"\">Fran Garc\u00eda es el \u00fanico responsable de sus dos amarillas y Carreras no puede gritarle al \u00e1rbitro \u00aberes mal\u00edsimo\u00bb y esperar que <a href=\"https:\/\/www.abc.es\/deportes\/futbol\/martinez-montoro-arbitro-puede-oidos-sordos-perdonar-errores-milla-20251208155135-nt.html\" target=\"_self\" data-voc-vtm-id=\"in-text-traffic\" title=\"el colegiado no haga absolutamente nada\" data-mrf-link=\"www.abc.es\" rel=\"nofollow noopener\">el colegiado no haga absolutamente nada<\/a>. El Real Madrid no perdi\u00f3 ante el Celta por culpa de Quintero Gonz\u00e1lez, eso lo saben hasta en la redacci\u00f3n de RMTV. Al Madrid lo que le desquici\u00f3 fue verse por detr\u00e1s en el marcador en un partido que crey\u00f3 ganado antes de jugarlo por la idea de que el retorno al Bernab\u00e9u lo har\u00eda casi todo. No fue as\u00ed.<\/p>\n<p class=\"voc-p\" style=\"\"> Ahora, la cuesti\u00f3n, en pleno desquicie general, es si hay ultim\u00e1tum para Xabi frente al City o no lo hay. Claro que lo hay. \u00bf<a href=\"https:\/\/www.abc.es\/deportes\/real-madrid\/abci-real-madrid-duro-comunicado-club-para-cerrar-etapa-julen-lopetegui-banquillo-201810292136_noticia.html\" target=\"_self\" data-voc-vtm-id=\"in-text-traffic\" title=\"Lo hab\u00eda para Lopetegui\" data-mrf-link=\"www.abc.es\" rel=\"nofollow noopener\">Lo hab\u00eda para Lopetegui<\/a> antes de caer 5-1 frente al Bar\u00e7a en el Camp Nou? Pues no, estaba tocado pero nadie consideraba aquella cita como un &#8216;match ball&#8217; para Julen, y lo fue. La situaci\u00f3n se repite, lo normal es que Xabi sobreviva a un KO contra Guardiola pero depender\u00e1 de qu\u00e9 tipo de derrota.<\/p>\n<p class=\"voc-p\" style=\"\"> Las explicaciones de Xabi tras el Celta fueron tan pobres, tan vac\u00edas y tan inocuas que es imposible saber si \u00e9l mismo tiene detectado el problema. Se supone que s\u00ed y que prefiere no incendiar m\u00e1s el ambiente, no cabrear al vestuario y hacerle caso a esa m\u00e1xima de que en el Madrid los entrenadores que triunfan son los que tienen mano izquierda. Una incoherencia total, <a href=\"https:\/\/www.abc.es\/deportes\/real-madrid\/real-madrid-confirma-fin-forma-oficial-adios-20250513121502-nt.html\" target=\"_self\" data-voc-vtm-id=\"in-text-traffic\" title=\"prescinden de Ancelotti\" data-mrf-link=\"www.abc.es\" rel=\"nofollow noopener\">prescinden de Ancelotti<\/a> para modernizar y evolucionar un poco el m\u00e9todo y a las primeras de cambio se a\u00f1ora lo de toda la vida.<\/p>\n<p class=\"voc-p\" style=\"\"> El problema de Xabi es que no es ni una cosa ni otra. Que se est\u00e1 quedando a medio camino entre el entrenador intervencionista que reclamaban muchos, el que \u00e9l era en el Leverkusen, y el que mir\u00f3 para otro lado <a href=\"https:\/\/www.abc.es\/deportes\/real-madrid\/xabi-aparecen-fantasmas-lopetegui-benitez-20251124085405-nt.html\" target=\"_self\" data-voc-vtm-id=\"in-text-traffic\" title=\"cuando Vinicius\" data-mrf-link=\"www.abc.es\" rel=\"nofollow noopener\">cuando Vinicius<\/a> le falt\u00f3 p\u00fablicamente al respeto. Da igual que ese asunto seg\u00fan ellos est\u00e9 arreglado y que nos regalen abrazos ante las c\u00e1maras. Ese d\u00eda, el club perdi\u00f3 la oportunidad de otorgarle todo el poder a su t\u00e9cnico y el t\u00e9cnico de imponer su autoridad a golpe de suplencia. Aquello s\u00ed que desquici\u00f3 al Madrid y no el arbitraje del domingo.<\/p>\n","protected":false},"excerpt":{"rendered":"Xabi Alonso utiliz\u00f3 la palabra \u00abdesquiciar\u00bb para referirse al efecto que hab\u00edan tenido sobre el Madrid las decisiones&hellip;\n","protected":false},"author":2,"featured_media":278145,"comment_status":"","ping_status":"","sticky":false,"template":"","format":"standard","meta":{"footnotes":""},"categories":[93],"tags":[3732,168,67652,25,24,205,23,167,1781],"class_list":{"0":"post-278144","1":"post","2":"type-post","3":"status-publish","4":"format-standard","5":"has-post-thumbnail","7":"category-deportes","8":"tag-alonso","9":"tag-deportes","10":"tag-desquicie","11":"tag-es","12":"tag-espana","13":"tag-madrid","14":"tag-spain","15":"tag-sports","16":"tag-xabi"},"share_on_mastodon":{"url":"https:\/\/pubeurope.com\/@es\/115685586666037052","error":""},"_links":{"self":[{"href":"https:\/\/www.europesays.com\/es\/wp-json\/wp\/v2\/posts\/278144","targetHints":{"allow":["GET"]}}],"collection":[{"href":"https:\/\/www.europesays.com\/es\/wp-json\/wp\/v2\/posts"}],"about":[{"href":"https:\/\/www.europesays.com\/es\/wp-json\/wp\/v2\/types\/post"}],"author":[{"embeddable":true,"href":"https:\/\/www.europesays.com\/es\/wp-json\/wp\/v2\/users\/2"}],"replies":[{"embeddable":true,"href":"https:\/\/www.europesays.com\/es\/wp-json\/wp\/v2\/comments?post=278144"}],"version-history":[{"count":0,"href":"https:\/\/www.europesays.com\/es\/wp-json\/wp\/v2\/posts\/278144\/revisions"}],"wp:featuredmedia":[{"embeddable":true,"href":"https:\/\/www.europesays.com\/es\/wp-json\/wp\/v2\/media\/278145"}],"wp:attachment":[{"href":"https:\/\/www.europesays.com\/es\/wp-json\/wp\/v2\/media?parent=278144"}],"wp:term":[{"taxonomy":"category","embeddable":true,"href":"https:\/\/www.europesays.com\/es\/wp-json\/wp\/v2\/categories?post=278144"},{"taxonomy":"post_tag","embeddable":true,"href":"https:\/\/www.europesays.com\/es\/wp-json\/wp\/v2\/tags?post=278144"}],"curies":[{"name":"wp","href":"https:\/\/api.w.org\/{rel}","templated":true}]}}