{"id":27815,"date":"2025-08-05T18:58:11","date_gmt":"2025-08-05T18:58:11","guid":{"rendered":"https:\/\/www.europesays.com\/es\/27815\/"},"modified":"2025-08-05T18:58:11","modified_gmt":"2025-08-05T18:58:11","slug":"carlos-alcaraz-rompe-con-la-etiqueta-de-heredero-no-soy-el-nuevo-nadal","status":"publish","type":"post","link":"https:\/\/www.europesays.com\/es\/27815\/","title":{"rendered":"Carlos Alcaraz rompe con la etiqueta de heredero: \u00abNo soy el nuevo Nadal\u00bb"},"content":{"rendered":"<p><strong>Jannick Sinner y Carlos Alcaraz <\/strong>son los l\u00edderes del circuito de la ATP. El tenis espa\u00f1ol empez\u00f3 a sonre\u00edr con Alcaraz sin saber que eran los \u00faltimos momentos de <strong>Rafa Nadal<\/strong> con una raqueta en la mano\u2026 Pero los aficionados han visto en el tenista murciano una esperanza. Por ello, las <strong>comparaciones entre ambos tenistas<\/strong> son numerosas, pero el murciano no parece muy contento\u2026<\/p>\n<p>De hecho, hay algo que el murciano tiene muy claro: \u00abNo quiero que la gente me llame el sucesor de Rafa\u00bb. Aunque comprende la admiraci\u00f3n, en una entrevista en el Financial Times, Alcaraz insiste en seguir su propio camino que no es el mismo que el que llev\u00f3 el tenista manacor\u00ed. No obstante, tiene claro que las comparaciones van a seguir pero <strong>Alcaraz trata de no sentir presi\u00f3n<\/strong> por las expectativas ajenas y defiende su autenticidad: \u00abSi no te mantienes firme en tus ideales, esa presi\u00f3n puede consumirte\u00bb.<\/p>\n<p>Y <strong>no es la primera vez que lo dice, y posiblemente no sea la \u00faltima<\/strong>\u2026 De hecho, el a\u00f1o pasado en la cadena p\u00fablica France 5 ya coment\u00f3 algo parecido: \u00abNo quiero verme como el relevo de Rafa, salgo perdiendo por todo lo que ha hecho para el tenis, para el deporte en Espa\u00f1a\u00bb.<\/p>\n<p>En lo deportivo, record\u00f3 su tremenda remontada con dos sets en contra y salvando tres puntos a Sinner en <strong>Roland Garros<\/strong>: \u00abSimplemente pens\u00e9 en remontar poco a poco: un punto, luego otro, luego otro, sobre todo esos tres. Cerrar un Grand Slam es muy, muy dif\u00edcil, as\u00ed que sab\u00eda que tendr\u00eda oportunidades. Por eso mantuve la calma. Sab\u00eda que no iba a ser f\u00e1cil para \u00e9l\u00bb.<\/p>\n<blockquote class=\"twitter-tweet\"><p>&#13;<\/p>\n<p dir=\"ltr\" lang=\"en\">After many consecutive weeks of competition without rest, I will not be able to play in Toronto this year. I have small muscles issues and I need to recover physically and mentally for what comes next. To the tournament and to my fans in Canada I am very sorry, I will see you\u2026<\/p>\n<p>&#13;<br \/>\n\u2014 Carlos Alcaraz (@carlosalcaraz) <a href=\"https:\/\/twitter.com\/carlosalcaraz\/status\/1947401612672274930?ref_src=twsrc%5Etfw\" target=\"_blank\" rel=\"nofollow noopener\">July 21, 2025<\/a><\/p><\/blockquote>\n<p>Pero Alcaraz no dej\u00f3 apartados los torneos porque no sienta emoci\u00f3n sino para<strong> recuperarse al 100%<\/strong> de las dolencias que arrastraba. Sigue queriendo asaltar el top-1 del ranking mundial: \u00abSi juegas todos los d\u00edas y no tienes un respiro para ti, para desconectar, esa emoci\u00f3n se desvanece. As\u00ed que siempre intento encontrar momentos de diversi\u00f3n, de ganas de vivir\u00bb.<\/p>\n<p>&#13;<br \/>\n    Relacionado&#13;<br \/>\n    &#13;<\/p>\n<p>Antes se hablaba de <strong>Rafa Nadal, Roger Federer, Novak Djokovic<\/strong>\u2026 ahora los grandes rivales en las pistas de todo el mundo son <strong>Carlos Alcaraz y Jannik Sinner<\/strong>. Tanto es as\u00ed que en su \u00faltimo duelo, en la final de Wimbledon, lo dejaron todo en la pista y termin\u00f3 con el italiano arrebat\u00e1ndole la posibilidad de que hiciera un triplete consecutivo. En ese momento, el tenista murciano decidi\u00f3 parar y se perdi\u00f3 el Masters 1000 de Toronto por problemas musculares.<\/p>\n<p><strong>Las rivalidades, si son sanas son bienvenidas<\/strong>, y en los \u00faltimos enfrentamientos entre Sinner y Alcaraz se especul\u00f3 que entre ambos existe una<strong> mala relaci\u00f3n<\/strong>, algo que Alcaraz sali\u00f3 a desmentir: \u00abA la gente le gusta mucho la idea de que haya fricci\u00f3n entre nosotros. Eso es lo que vende. Pero aunque el tenis es un deporte individual, nos enfrentamos a los mismos jugadores cada semana, d\u00eda tras d\u00eda\u2026\u00bb, admiti\u00f3.<\/p>\n<p>Pero el murciano no se qued\u00f3 ah\u00ed y<strong> explic\u00f3 c\u00f3mo es su relaci\u00f3n con el tenista italiano<\/strong> dentro y fuera de la pista: \u00abJannik y yo, que hemos tenido grandes batallas en la cancha, nos vemos mucho fuera de ella. Hablamos; a veces entrenamos juntos. Y al final se forja una buena relaci\u00f3n, una hermosa relaci\u00f3n\u2026<strong> Queremos ganar y vencernos, pero fuera de la cancha, ser buenas personas y llevarnos bien es otra historia.<\/strong> Para m\u00ed, esa es una de las virtudes y valores del deporte\u00bb.<\/p>\n<p>Adem\u00e1s, el tenista espa\u00f1ol considera un privilegio que los aficionados se emocionen con esta nueva rivalidad en el tenis. Pero, al igual que en lo individual, <strong>quiere rebajar las expectativas respecto a lo conseguido por Djokovic, Nadal o Federer<\/strong>: \u00abNo tenemos ninguna obligaci\u00f3n de hacer lo que ellos han hecho, ni mucho menos\u00bb.<\/p>\n<p>            <script async src=\"https:\/\/platform.twitter.com\/widgets.js\" charset=\"utf-8\"><\/script><\/p>\n","protected":false},"excerpt":{"rendered":"Jannick Sinner y Carlos Alcaraz son los l\u00edderes del circuito de la ATP. El tenis espa\u00f1ol empez\u00f3 a&hellip;\n","protected":false},"author":2,"featured_media":27816,"comment_status":"","ping_status":"","sticky":false,"template":"","format":"standard","meta":{"footnotes":""},"categories":[274],"tags":[1691,545,168,25,24,15125,15126,6894,4466,23,167,327,15127,326,7990],"class_list":{"0":"post-27815","1":"post","2":"type-post","3":"status-publish","4":"format-standard","5":"has-post-thumbnail","7":"category-tenis","8":"tag-atp","9":"tag-carlos-alcaraz","10":"tag-deportes","11":"tag-es","12":"tag-espana","13":"tag-heredero","14":"tag-master-1000","15":"tag-rafa-nadal","16":"tag-sinner","17":"tag-spain","18":"tag-sports","19":"tag-tenis","20":"tag-tenista-espanol","21":"tag-tennis","22":"tag-torneos"},"share_on_mastodon":{"url":"","error":""},"_links":{"self":[{"href":"https:\/\/www.europesays.com\/es\/wp-json\/wp\/v2\/posts\/27815","targetHints":{"allow":["GET"]}}],"collection":[{"href":"https:\/\/www.europesays.com\/es\/wp-json\/wp\/v2\/posts"}],"about":[{"href":"https:\/\/www.europesays.com\/es\/wp-json\/wp\/v2\/types\/post"}],"author":[{"embeddable":true,"href":"https:\/\/www.europesays.com\/es\/wp-json\/wp\/v2\/users\/2"}],"replies":[{"embeddable":true,"href":"https:\/\/www.europesays.com\/es\/wp-json\/wp\/v2\/comments?post=27815"}],"version-history":[{"count":0,"href":"https:\/\/www.europesays.com\/es\/wp-json\/wp\/v2\/posts\/27815\/revisions"}],"wp:featuredmedia":[{"embeddable":true,"href":"https:\/\/www.europesays.com\/es\/wp-json\/wp\/v2\/media\/27816"}],"wp:attachment":[{"href":"https:\/\/www.europesays.com\/es\/wp-json\/wp\/v2\/media?parent=27815"}],"wp:term":[{"taxonomy":"category","embeddable":true,"href":"https:\/\/www.europesays.com\/es\/wp-json\/wp\/v2\/categories?post=27815"},{"taxonomy":"post_tag","embeddable":true,"href":"https:\/\/www.europesays.com\/es\/wp-json\/wp\/v2\/tags?post=27815"}],"curies":[{"name":"wp","href":"https:\/\/api.w.org\/{rel}","templated":true}]}}