{"id":278155,"date":"2025-12-08T19:30:14","date_gmt":"2025-12-08T19:30:14","guid":{"rendered":"https:\/\/www.europesays.com\/es\/278155\/"},"modified":"2025-12-08T19:30:14","modified_gmt":"2025-12-08T19:30:14","slug":"la-piscina-natural-de-los-gigantes-estaba-precintada-y-vallada-por-peligro-de-oleaje","status":"publish","type":"post","link":"https:\/\/www.europesays.com\/es\/278155\/","title":{"rendered":"La piscina natural de Los Gigantes estaba precintada y vallada por peligro de oleaje"},"content":{"rendered":"<p class=\"v-mdl-ath__p v-mdl-ath__p--2\">\nEfe\n<\/p>\n<p class=\"v-mdl-ath__p v-mdl-ath__p--3\">\nSanta Cruz de Tenerife\n<\/p>\n<p class=\"v-mdl-ath__p v-mdl-ath__p--6\">\nLunes, 8 de diciembre 2025, 11:56<\/p>\n<p class=\"v-p\">La piscina natural Isla Cangrejo, en Los Gigantes (Tenerife), donde un golpe de mar ocasion\u00f3 este domingo <a href=\"https:\/\/www.canarias7.es\/sucesos\/suben-cuatro-muertos-golpe-mar-tenerife-busca-20251208095452-nt.html\" target=\"_blank\" data-voc-vtm-id=\"in-text-traffic\" title=\"cuatro muertos y un desaparecido\" data-mrf-link=\"www.canarias7.es\" rel=\"nofollow noopener\">cuatro muertos y un desaparecido<\/a>, <strong>estaba precintada por el peligro del oleaje<\/strong> desde que el viernes el Gobierno de Canarias declar\u00f3 una prealerta por fen\u00f3menos costeros adversos.<\/p>\n<p class=\"v-p\">Sin embargo, <strong>muchas personas, sobre todo turistas, se saltaronn la prohibici\u00f3n de acceso<\/strong>, ha declarado a EFE el alcalde de Santiago del Teide, Emilio Navarro.<\/p>\n<p class=\"v-p\">Adem\u00e1s de estar cerrada en esta ocasi\u00f3n, <strong>los carteles que presiden la entrada de la piscina natural indican con claridad ese riesgo<\/strong>, en espa\u00f1ol, ingl\u00e9s y alem\u00e1n (\u00abInformaci\u00f3n importante para su seguridad: zona peligrosa en situaci\u00f3n de fuerte oleaje\u00bb) junto a tres fotos que ilustran como una ola puede arrasar con toda la piscina.<\/p>\n<p><a href=\"http:\/\/www.canarias7.es\/sucesos\/falla-comunicacion-turistas-piscinas-naturales-convirtiendo-trampas-20251208104722-nt.html#vtm_modulosEngag=mod-rel:sucesos:noticia:1:cmp:1-not\" class=\"v-a-link\" title=\"\u00abFalla la comunicaci\u00f3n con los turistas: las piscinas naturales se est\u00e1n convirtiendo en trampas mortales\u00bb\" rel=\"nofollow noopener\" target=\"_blank\"><br \/>\n<img decoding=\"async\" loading=\"lazy\" src=\"https:\/\/www.europesays.com\/es\/wp-content\/uploads\/2025\/12\/helicoptero-kZlE--1200x840@Canarias7.JPG\" class=\"v-a-img\" width=\"258\" height=\"180\" alt=\"\u00abFalla la comunicaci\u00f3n con los turistas: las piscinas naturales se est\u00e1n convirtiendo en trampas mortales\u00bb\"\/><\/p>\n<p><\/a><\/p>\n<p class=\"v-p\">Navarro ha mostrado su consternaci\u00f3n por este suceso y ha anunciado que el Ayuntamiento ha decretado tres d\u00edas de luto oficial. Ha explicado que <strong>en la tarde del domingo hab\u00eda unas 20 personas en el lugar, de varias nacionalidades, tambi\u00e9n espa\u00f1oles peninsulares, todos ellos turistas<\/strong>.<\/p>\n<p class=\"v-p\"><a href=\"https:\/\/www.canarias7.es\/canarias\/canarias-declara-prealerta-aemet-enciende-avisos-islas-20251202154349-nt.html\" target=\"_blank\" data-voc-vtm-id=\"in-text-traffic\" title=\"La prealerta ya advert\u00eda de que se esperaban olas de dos a tres metros\" data-mrf-link=\"www.canarias7.es\" rel=\"nofollow noopener\">La prealerta ya advert\u00eda de que se esperaban olas de dos a tres metros<\/a>, especialmente peligrosas durante la pleamar (que en este caso, fue una hora antes del accidente). \u00abEl mar empieza a advertir, se ponen al borde del muro, viene una olita, parece que no pasa nada\u00bb, pero ocurre, ha lamentado.<\/p>\n<p class=\"v-p\">La difusi\u00f3n de im\u00e1genes de este lugar a trav\u00e9s de las redes sociales es uno de los factores que atraen a los turistas a la piscina natural Isla Cangrejo incluso cuando est\u00e1 cerrada. Son sobre todo visitantes, porque <strong>los locales son mucho m\u00e1s conscientes del peligro<\/strong>, ha explicado a Emilio Navarro.<\/p>\n<p class=\"v-p\"><strong>Entre los fallecidos hay dos personas de nacionalidad rumana y una eslovaca<\/strong>, ha indicado, si bien ha precisado que es la informaci\u00f3n que \u00e9l tiene, no la informaci\u00f3n oficial. \u00abLamentamos mucho este desgraciado accidente, entendemos el dolor de las familias y su situaci\u00f3n, desde el Ayuntamiento hacemos todo el trabajo de precinto e informaci\u00f3n\u00bb, ha explicado Navarro.<\/p>\n<p class=\"v-p\">El alcalde ha confirmado que en el lugar siempre hay carteles de advertencia del peligro y que <strong>se encontraba precintado y vallado como siempre que hay alertas de fen\u00f3menos costeros<\/strong>, pero muchas personas \u00abhacen palanca y se arrastran por debajo de las vallas\u00bb para acceder.<\/p>\n<p class=\"v-p\">Emilio Navarro ha felicitado a la Guardia Civil y a la Polic\u00eda Local que trabajan continuamente para mantener el precinto y el vallado y para retirar a las personas de estos espacios.<strong> \u00abConstantemente advertimos de estos peligros\u00bb<\/strong>, pero \u00abcada vez m\u00e1s gente, sobre todo turistas\u00bb, no respetan la se\u00f1alizaci\u00f3n al ver estos lugares promocionados en las redes sociales. \u00abSon sitios muy bonitos pero tienen el peligro que tienen y hay que respetarlo\u00bb, ha insistido.<\/p>\n<p class=\"v-p\">La tragedia de Santiago del Teide se produce justo un mes despu\u00e9s de que <a href=\"https:\/\/www.canarias7.es\/sucesos\/seis-heridos-tras-sufrir-golpe-mar-costa-20251108160426-nt.html\" target=\"_blank\" data-voc-vtm-id=\"in-text-traffic\" title=\"otras tres personas fallecieran en Tenerife y quince m\u00e1s resultaron heridas\" data-mrf-link=\"www.canarias7.es\" rel=\"nofollow noopener\">otras tres personas fallecieran en Tenerife y quince m\u00e1s resultaron heridas<\/a> por golpes de mar en varios accidentes ocurridos en la misma jornada.<\/p>\n<p class=\"v-p\">El m\u00e1s grave sucedi\u00f3 en el muelle de Puerto de la Cruz, cuando una gran ola arrastr\u00f3 al mar a diez personas, una de las cuales falleci\u00f3. <strong>Otras dos personas murieron en accidentes similares ese mismo s\u00e1bado en la playa de Granadilla de Abona<\/strong> y en la costa del Charco del Viento, en La Guancha.<\/p>\n<p>Reporta un error<\/p>\n","protected":false},"excerpt":{"rendered":"Efe Santa Cruz de Tenerife Lunes, 8 de diciembre 2025, 11:56 La piscina natural Isla Cangrejo, en Los&hellip;\n","protected":false},"author":2,"featured_media":278156,"comment_status":"","ping_status":"","sticky":false,"template":"","format":"standard","meta":{"footnotes":""},"categories":[8],"tags":[17,18,25,24,13,14,8185,11,19,20,7204,9,10,15,16,60602,2602,9738,67655,23,12,21,22,67656],"class_list":{"0":"post-278155","1":"post","2":"type-post","3":"status-publish","4":"format-standard","5":"has-post-thumbnail","7":"category-espana","8":"tag-breaking-news","9":"tag-breakingnews","10":"tag-es","11":"tag-espana","12":"tag-featured-news","13":"tag-featurednews","14":"tag-gigantes","15":"tag-headlines","16":"tag-latest-news","17":"tag-latestnews","18":"tag-natural","19":"tag-news","20":"tag-noticias","21":"tag-noticias-destacadas","22":"tag-noticiasdestacadas","23":"tag-oleaje","24":"tag-peligro","25":"tag-piscina","26":"tag-precintada","27":"tag-spain","28":"tag-titulares","29":"tag-ultimas-noticias","30":"tag-ultimasnoticias","31":"tag-vallada"},"share_on_mastodon":{"url":"https:\/\/pubeurope.com\/@es\/115685610761385769","error":""},"_links":{"self":[{"href":"https:\/\/www.europesays.com\/es\/wp-json\/wp\/v2\/posts\/278155","targetHints":{"allow":["GET"]}}],"collection":[{"href":"https:\/\/www.europesays.com\/es\/wp-json\/wp\/v2\/posts"}],"about":[{"href":"https:\/\/www.europesays.com\/es\/wp-json\/wp\/v2\/types\/post"}],"author":[{"embeddable":true,"href":"https:\/\/www.europesays.com\/es\/wp-json\/wp\/v2\/users\/2"}],"replies":[{"embeddable":true,"href":"https:\/\/www.europesays.com\/es\/wp-json\/wp\/v2\/comments?post=278155"}],"version-history":[{"count":0,"href":"https:\/\/www.europesays.com\/es\/wp-json\/wp\/v2\/posts\/278155\/revisions"}],"wp:featuredmedia":[{"embeddable":true,"href":"https:\/\/www.europesays.com\/es\/wp-json\/wp\/v2\/media\/278156"}],"wp:attachment":[{"href":"https:\/\/www.europesays.com\/es\/wp-json\/wp\/v2\/media?parent=278155"}],"wp:term":[{"taxonomy":"category","embeddable":true,"href":"https:\/\/www.europesays.com\/es\/wp-json\/wp\/v2\/categories?post=278155"},{"taxonomy":"post_tag","embeddable":true,"href":"https:\/\/www.europesays.com\/es\/wp-json\/wp\/v2\/tags?post=278155"}],"curies":[{"name":"wp","href":"https:\/\/api.w.org\/{rel}","templated":true}]}}