{"id":278164,"date":"2025-12-08T19:41:08","date_gmt":"2025-12-08T19:41:08","guid":{"rendered":"https:\/\/www.europesays.com\/es\/278164\/"},"modified":"2025-12-08T19:41:08","modified_gmt":"2025-12-08T19:41:08","slug":"es-genial-porque-vale-para-todo","status":"publish","type":"post","link":"https:\/\/www.europesays.com\/es\/278164\/","title":{"rendered":"Es genial porque vale para todo"},"content":{"rendered":"<p class=\"c-paragraph\">Carmen Lomana (77 a\u00f1os) ha vuelto a compartir uno de sus secretos de belleza. En este caso se trata de una crema &#8216;low cost&#8217; de toda la vida, de la que s\u00f3lo puede decir cosas buenas porque sirve para todo.<\/p>\n<p class=\"c-paragraph\">La socialit\u00e9, como muchas espa\u00f1olas ha declarado su amor por la cl\u00e1sica crema Nivea de la lata azul, ya que es un cl\u00e1sico que nunca falla y que puedes utilizar tanto para hidratar y nutrir la piel como \u00abpara prevenir las estr\u00edas\u00bb o <a href=\"https:\/\/www.20minutos.es\/mujer\/belleza\/truco-cuchara-crema-nivea-resultado-piel-joven-arrugas-manchas-efectivo_5542522_0.html\" rel=\"nofollow noopener\" target=\"_blank\">incluso reducir la inflamaci\u00f3n de bolsas y ojeras<\/a>.<\/p>\n<p>La crema Nivea de lata azul, el cl\u00e1sico que nunca falla<\/p>\n<p class=\"c-paragraph\">La crema Nivea de lata azul nos lleva acompa\u00f1ando desde muchas generaciones. Es uno de los productos de belleza &#8216;low cost&#8217; a los que m\u00e1s usos le podemos dar en nuestros hogares ya que sirve tanto como base para algunos trucos de limpieza como para hidratar y nutrir nuestra piel. Incluso hemos aprendido a c\u00f3mo utilizarla para <a href=\"https:\/\/www.20minutos.es\/mujer\/belleza\/truco-crema-nivea-brazos-tonificados-adios-alas-murcielago-5680063\/\" rel=\"nofollow noopener\" target=\"_blank\">evitar la flacidez en los brazos y despedirnos de las poco queridas &#8216;alas de murci\u00e9lago&#8217;<\/a>.<\/p>\n<p class=\"c-paragraph\">Carmen Lomana, tambi\u00e9n siente debilidad por esta crema de toda la vida de Nivea. Ella misma ha reconocido que \u00abcada vez que abre la lata azul le vienen a su memoria escenas de su ni\u00f1ez\u00bb.<\/p>\n<p class=\"c-paragraph\">A sus 77 a\u00f1os, la leonesa asegura la lata azul de Nivea \u00abes un &#8216;must&#8217; de cualquier casa y, tambi\u00e9n del bolso para garantizar una piel hidratada a todas horas\u00bb.<\/p>\n<p>Carmen Lomana comparte este uso de la Nivea de lata azul<\/p>\n<p class=\"c-paragraph\">Como bien dec\u00edamos, la lata azul de Nivea lleva lleva existiendo desde hace m\u00e1s de 100 a\u00f1os y bien hemos hablado de las numerosas virtudes de este cl\u00e1sico producto de belleza.<\/p>\n<p class=\"c-paragraph\">Sin embargo, Carmen Lomana, que asegura que vale para todo, ha confesado tambi\u00e9n que esta crema es su gran aliada para eliminar las arrugas de los labios.<\/p>\n<p class=\"c-paragraph\">El neceser de Carmen Lomana seguro que est\u00e1 lleno de productos de grandes marcas de precios elevados pero, tambi\u00e9n ha asegurado que esta crema &#8216;low cost&#8217; nunca falla en su casa porque la utiliza para \u00abnutrir manos, codos, rodillas y prevenir estr\u00edas\u00bb.<\/p>\n","protected":false},"excerpt":{"rendered":"Carmen Lomana (77 a\u00f1os) ha vuelto a compartir uno de sus secretos de belleza. En este caso se&hellip;\n","protected":false},"author":2,"featured_media":278165,"comment_status":"","ping_status":"","sticky":false,"template":"","format":"standard","meta":{"footnotes":""},"categories":[174],"tags":[3451,4957,255,4971,23140,146,147,25,24,256,267,23],"class_list":{"0":"post-278164","1":"post","2":"type-post","3":"status-publish","4":"format-standard","5":"has-post-thumbnail","7":"category-famosos","8":"tag-belleza","9":"tag-carmen-lomana","10":"tag-celebrities","11":"tag-cosmetica","12":"tag-cuidado-de-la-piel","13":"tag-entertainment","14":"tag-entretenimiento","15":"tag-es","16":"tag-espana","17":"tag-famosos","18":"tag-planseo","19":"tag-spain"},"share_on_mastodon":{"url":"https:\/\/pubeurope.com\/@es\/115685653455830762","error":""},"_links":{"self":[{"href":"https:\/\/www.europesays.com\/es\/wp-json\/wp\/v2\/posts\/278164","targetHints":{"allow":["GET"]}}],"collection":[{"href":"https:\/\/www.europesays.com\/es\/wp-json\/wp\/v2\/posts"}],"about":[{"href":"https:\/\/www.europesays.com\/es\/wp-json\/wp\/v2\/types\/post"}],"author":[{"embeddable":true,"href":"https:\/\/www.europesays.com\/es\/wp-json\/wp\/v2\/users\/2"}],"replies":[{"embeddable":true,"href":"https:\/\/www.europesays.com\/es\/wp-json\/wp\/v2\/comments?post=278164"}],"version-history":[{"count":0,"href":"https:\/\/www.europesays.com\/es\/wp-json\/wp\/v2\/posts\/278164\/revisions"}],"wp:featuredmedia":[{"embeddable":true,"href":"https:\/\/www.europesays.com\/es\/wp-json\/wp\/v2\/media\/278165"}],"wp:attachment":[{"href":"https:\/\/www.europesays.com\/es\/wp-json\/wp\/v2\/media?parent=278164"}],"wp:term":[{"taxonomy":"category","embeddable":true,"href":"https:\/\/www.europesays.com\/es\/wp-json\/wp\/v2\/categories?post=278164"},{"taxonomy":"post_tag","embeddable":true,"href":"https:\/\/www.europesays.com\/es\/wp-json\/wp\/v2\/tags?post=278164"}],"curies":[{"name":"wp","href":"https:\/\/api.w.org\/{rel}","templated":true}]}}