{"id":278170,"date":"2025-12-08T19:47:08","date_gmt":"2025-12-08T19:47:08","guid":{"rendered":"https:\/\/www.europesays.com\/es\/278170\/"},"modified":"2025-12-08T19:47:08","modified_gmt":"2025-12-08T19:47:08","slug":"el-albacete-balompie-coge-oxigeno-con-una-victoria-en-burgos","status":"publish","type":"post","link":"https:\/\/www.europesays.com\/es\/278170\/","title":{"rendered":"El Albacete Balompi\u00e9 coge ox\u00edgeno con una victoria en Burgos"},"content":{"rendered":"<p style=\"\">Corr\u00eda el minuto 82 del partido en &#8216;El Plant\u00edo&#8217; cuando un saque de esquina por la derecha a favor del &#8216;Alba&#8217; permiti\u00f3 una prolongaci\u00f3n de Pepe S\u00e1nchez de cabeza de lo que se aprovech\u00f3 Jetf\u00e9<strong> empujar en boca de gol el bal\u00f3n a la <\/strong> &#8230; <strong>red. <\/strong>La diana del delantero canario lleg\u00f3 en un momento en el que el 0-0 inicial parec\u00eda que era resultado con el que acabar\u00eda la contienda. <\/p>\n<p class=\"voc-p\" style=\"\">Esta victoria conseguida en Burgos permite a la escuadra blanquilla, esta tarde de color rojo-gris, <strong>tomar ox\u00edgeno<\/strong> para salir de los puestos peligrosos de la clasificaci\u00f3n. El pr\u00f3ximo partido del Albacete Balompi\u00e9 ser\u00e1 el del domingo en el Carlos Belmonte a partir de las 16.15 horas, donde recibe al M\u00e1laga CF. Antes, este martes (13.00 horas), el &#8216;Alba&#8217; conocer\u00e1 su rival de los dieciseisavos de final de la Copa Rey al igual que lo sabr\u00e1n los otros dos equipos de la regi\u00f3n en el bombo: CF Talavera y Deportivo Guadalajara. <\/p>\n<p class=\"voc-p\" style=\"\"><strong>El primer tiempo fue de ligero dominio burgal\u00e9s<\/strong> lo que deriv\u00f3 en dos opciones de lograr un gol por medio de Mario Gonz\u00e1lez y Curro que no encontraron el premio para el 1-0 en los minutos 24 y 26, respectivamente.<\/p>\n<p class=\"voc-p\" style=\"\"> Por su parte, <strong>Morci roz\u00f3 el 0-1 en la \u00faltima jugada digna de menci\u00f3n<\/strong> de esta primera mitad con un disparo que se march\u00f3 ligeramente desviado tras una galopada de Valverde. <\/p>\n<p class=\"voc-p\" style=\"\">Tras la reanudaci\u00f3n,<strong> el Albacete Balompi\u00e9 le plant\u00f3 cara a su adversario y en el minuto 72 se pudo poner por delante<\/strong> en el marcador con un ob\u00fas de Riki desde la frontal del \u00e1rea que mand\u00f3 el esf\u00e9rico al larguero. <\/p>\n<p class=\"voc-p\" style=\"\">Bien es cierto que, en el minuto 58, tuvo<strong> el Burgos CF la opci\u00f3n del 1-0 con un buen disparo de \u00cd\u00f1igo C\u00f3rdoba<\/strong> que Mari\u00f1o desvi\u00f3 de forma magistral para evitar el 1-0. En el minuto 82 lleg\u00f3 el gol definitivo ya relatado de Jetft\u00e9. Y <strong>hasta el final de la batalla no hubo ya apenas sufrimiento real<\/strong> para la defensa albacete\u00f1a para aguantar un triunfo con s\u00edntoma de vital.<\/p>\n<p>\nFicha t\u00e9cnica del partido\n<\/p>\n<p class=\"voc-p\" style=\"\"><strong>Burgos CF:<\/strong> Cantero; Lizancos, Aitor C\u00f3rdoba, Atienza, Florian; David Gonz\u00e1lez (Ferm\u00edn, m. 63), Grego Sierra, Morante (Mollejo, m. 84), Curro (Mateo Mej\u00eda, m. 73); Mario Gonzalez (\u00cdnigo C\u00f3rdoba, m. 46) y Appin (Fer Ni\u00f1o, m. 46)<\/p>\n<p class=\"voc-p\" style=\"\"><strong>Albacete Balompi\u00e9:<\/strong> Mari\u00f1o; Lorenzo (Fran G\u00e1mez, m. 79), Pepe S\u00e1nchez, Vallejo, Neva, Jogo (Javi Moreno, m. 88); Pacheco, Riki, Morci (Lazo, m. 69); Valverde (Agus Medina, m. 79) y Escriche (Jetf\u00e9, m. 69) <\/p>\n<p class=\"voc-p\" style=\"\"><strong>\u00c1rbitro:<\/strong> Gorka Etayo. Comit\u00e9 vasco. Tarjera amarilla para los locales Florian, Ferm\u00edn y Lizancos. Por parte visitante, a Jogo<\/p>\n<p class=\"voc-p\" style=\"\"><strong>Gol:<\/strong> 0-1, m. 82: Jetf\u00e9<\/p>\n<p class=\"voc-p\" style=\"\"><strong>Incidencias:<\/strong> Partido de la jornada 17 de Segunda divisi\u00f3n disputado este lunes festivo por la tarde en el estadio El Plant\u00edo ante 8.978 espectadores (cifra oficial). Antes del inicio del partido se le tribut\u00f3 un homenaje a Fer Ni\u00f1o por sus 100 encuentro como jugador del Burgos CF. <\/p>\n","protected":false},"excerpt":{"rendered":"Corr\u00eda el minuto 82 del partido en &#8216;El Plant\u00edo&#8217; cuando un saque de esquina por la derecha a&hellip;\n","protected":false},"author":2,"featured_media":278171,"comment_status":"","ping_status":"","sticky":false,"template":"","format":"standard","meta":{"footnotes":""},"categories":[93],"tags":[2545,14295,623,16431,168,25,24,9790,23,167,1261],"class_list":{"0":"post-278170","1":"post","2":"type-post","3":"status-publish","4":"format-standard","5":"has-post-thumbnail","7":"category-deportes","8":"tag-albacete","9":"tag-balompie","10":"tag-burgos","11":"tag-coge","12":"tag-deportes","13":"tag-es","14":"tag-espana","15":"tag-oxigeno","16":"tag-spain","17":"tag-sports","18":"tag-victoria"},"share_on_mastodon":{"url":"https:\/\/pubeurope.com\/@es\/115685677192350616","error":""},"_links":{"self":[{"href":"https:\/\/www.europesays.com\/es\/wp-json\/wp\/v2\/posts\/278170","targetHints":{"allow":["GET"]}}],"collection":[{"href":"https:\/\/www.europesays.com\/es\/wp-json\/wp\/v2\/posts"}],"about":[{"href":"https:\/\/www.europesays.com\/es\/wp-json\/wp\/v2\/types\/post"}],"author":[{"embeddable":true,"href":"https:\/\/www.europesays.com\/es\/wp-json\/wp\/v2\/users\/2"}],"replies":[{"embeddable":true,"href":"https:\/\/www.europesays.com\/es\/wp-json\/wp\/v2\/comments?post=278170"}],"version-history":[{"count":0,"href":"https:\/\/www.europesays.com\/es\/wp-json\/wp\/v2\/posts\/278170\/revisions"}],"wp:featuredmedia":[{"embeddable":true,"href":"https:\/\/www.europesays.com\/es\/wp-json\/wp\/v2\/media\/278171"}],"wp:attachment":[{"href":"https:\/\/www.europesays.com\/es\/wp-json\/wp\/v2\/media?parent=278170"}],"wp:term":[{"taxonomy":"category","embeddable":true,"href":"https:\/\/www.europesays.com\/es\/wp-json\/wp\/v2\/categories?post=278170"},{"taxonomy":"post_tag","embeddable":true,"href":"https:\/\/www.europesays.com\/es\/wp-json\/wp\/v2\/tags?post=278170"}],"curies":[{"name":"wp","href":"https:\/\/api.w.org\/{rel}","templated":true}]}}