{"id":278172,"date":"2025-12-08T19:48:13","date_gmt":"2025-12-08T19:48:13","guid":{"rendered":"https:\/\/www.europesays.com\/es\/278172\/"},"modified":"2025-12-08T19:48:13","modified_gmt":"2025-12-08T19:48:13","slug":"cuba-eleva-a-44-las-muertes-en-la-epidemia-de-chikunguna-y-dengue","status":"publish","type":"post","link":"https:\/\/www.europesays.com\/es\/278172\/","title":{"rendered":"Cuba eleva a 44 las muertes en la epidemia de chikungu\u00f1a y dengue"},"content":{"rendered":"<p class=\"paragraph\">El Gobierno cubano <b>elev\u00f3 este lunes a 44 las muertes en la actual epidemia de chikungu\u00f1a y dengue<\/b>, ocho de los cuales eran menores de edad.<\/p>\n<p class=\"paragraph\">La viceministra de Salud, Carilda Pe\u00f1a, asegur\u00f3 en la televisi\u00f3n estatal que <b>de los once nuevos fallecidos confirmados en la semana pasada, siete fueron por chikungu\u00f1a (entre ellos seis menores de 18 a\u00f1os) <\/b>y cuatro por dengue (con dos menores de edad).<\/p>\n<p class=\"paragraph\">El domingo se registraron <b>3.063 casos de s\u00edndrome febril inespec\u00edfico -la fiebre alta<\/b> es el primer s\u00edntoma de ambas arbovirosis- y se diagnosticaron 385 nuevos casos de dengue y 199 de chikungu\u00f1a.<\/p>\n<p class=\"paragraph\">El n\u00famero total de ingresados (la mayor\u00eda en sus domicilios) ascend\u00eda a 32.553, de los que 70 se encontraban en cuidados intensivos, entre los que \u00abpriman\u00bb los menores de edad, dijo Pe\u00f1a. De ellos, hay once en estado \u00abcr\u00edtico, pero estable\u00bb.<\/p>\n<p class=\"paragraph\">El n\u00famero total de casos de chikungu\u00f1a en <b>la actual epidemia se situ\u00f3 al cierre de la semana previa en los 42.015 casos<\/b>, seg\u00fan la viceministra, que volvi\u00f3 a no dar cifras de los casos de dengue.<\/p>\n<p class=\"paragraph\">No obstante, el sitio web de la Organizaci\u00f3n Panamericana de la Salud (OPS), que registra los datos que le aportan las autoridades sanitarias de cada pa\u00eds, recogi\u00f3 un total de 25.995 casos de dengue en Cuba hasta finales de noviembre.<\/p>\n<p class=\"paragraph\">De nuevo no se registraron casos de oropouche,\u00a0 seg\u00fan el Ministerio de Salud P\u00fablica.<\/p>\n<p class=\"paragraph\"><b>Pe\u00f1a resalt\u00f3 el descenso en las cifras de nuevos casos febriles en la semana previa en comparaci\u00f3n con la anterior,<\/b> 27.707 frente a 38.788, lo que a su juicio muestra los \u00abresultados\u00bb que est\u00e1n teniendo las acciones contra la epidemia.<\/p>\n<p class=\"paragraph\">El Gobierno cubano reconoci\u00f3 por primera vez el 12 de noviembre que el pa\u00eds sufr\u00eda una epidemia de chikungu\u00f1a y dengue, pese a que los primeros casos <b>se diagnosticaron en junio y que las infecciones se hab\u00edan disparado en septiembre y octubre.<\/b><\/p>\n<p class=\"paragraph\">La epidemia ha encontrado en Cuba un terreno f\u00e9rtil para extenderse debido a la grave crisis econ\u00f3mica que padece el pa\u00eds, que limita la capacidad de prevenci\u00f3n -p<b>rincipalmente mediante la fumigaci\u00f3n masiva contra los mosquitos-, control &#8211;<\/b>con test para confirmar el tipo de enfermedad- y atenci\u00f3n a los enfermos, por falta de medicamentos.\u00a0<\/p>\n","protected":false},"excerpt":{"rendered":"El Gobierno cubano elev\u00f3 este lunes a 44 las muertes en la actual epidemia de chikungu\u00f1a y dengue,&hellip;\n","protected":false},"author":2,"featured_media":278173,"comment_status":"","ping_status":"","sticky":false,"template":"","format":"standard","meta":{"footnotes":""},"categories":[92],"tags":[25,24,165,61,166,23],"class_list":{"0":"post-278172","1":"post","2":"type-post","3":"status-publish","4":"format-standard","5":"has-post-thumbnail","7":"category-salud","8":"tag-es","9":"tag-espana","10":"tag-health","11":"tag-internacional","12":"tag-salud","13":"tag-spain"},"share_on_mastodon":{"url":"https:\/\/pubeurope.com\/@es\/115685681283027846","error":""},"_links":{"self":[{"href":"https:\/\/www.europesays.com\/es\/wp-json\/wp\/v2\/posts\/278172","targetHints":{"allow":["GET"]}}],"collection":[{"href":"https:\/\/www.europesays.com\/es\/wp-json\/wp\/v2\/posts"}],"about":[{"href":"https:\/\/www.europesays.com\/es\/wp-json\/wp\/v2\/types\/post"}],"author":[{"embeddable":true,"href":"https:\/\/www.europesays.com\/es\/wp-json\/wp\/v2\/users\/2"}],"replies":[{"embeddable":true,"href":"https:\/\/www.europesays.com\/es\/wp-json\/wp\/v2\/comments?post=278172"}],"version-history":[{"count":0,"href":"https:\/\/www.europesays.com\/es\/wp-json\/wp\/v2\/posts\/278172\/revisions"}],"wp:featuredmedia":[{"embeddable":true,"href":"https:\/\/www.europesays.com\/es\/wp-json\/wp\/v2\/media\/278173"}],"wp:attachment":[{"href":"https:\/\/www.europesays.com\/es\/wp-json\/wp\/v2\/media?parent=278172"}],"wp:term":[{"taxonomy":"category","embeddable":true,"href":"https:\/\/www.europesays.com\/es\/wp-json\/wp\/v2\/categories?post=278172"},{"taxonomy":"post_tag","embeddable":true,"href":"https:\/\/www.europesays.com\/es\/wp-json\/wp\/v2\/tags?post=278172"}],"curies":[{"name":"wp","href":"https:\/\/api.w.org\/{rel}","templated":true}]}}