{"id":278174,"date":"2025-12-08T19:49:10","date_gmt":"2025-12-08T19:49:10","guid":{"rendered":"https:\/\/www.europesays.com\/es\/278174\/"},"modified":"2025-12-08T19:49:10","modified_gmt":"2025-12-08T19:49:10","slug":"robados-a-punta-de-pistola-ocho-collages-de-matisse-en-una-exposicion-en-sao-paulo-cultura","status":"publish","type":"post","link":"https:\/\/www.europesays.com\/es\/278174\/","title":{"rendered":"Robados a punta de pistola ocho \u2018collages\u2019 de Matisse en una exposici\u00f3n en S\u00e3o Paulo | Cultura"},"content":{"rendered":"<p class=\"\">Eran las \u00faltimas horas para contemplar de cerca <a href=\"https:\/\/elpais.com\/cultura\/2014\/04\/14\/actualidad\/1397496083_068181.html\" target=\"_self\" rel=\"nofollow noopener\" title=\"https:\/\/elpais.com\/cultura\/2014\/04\/14\/actualidad\/1397496083_068181.html\">los collages de Henri Matisse<\/a>, parte de la serie Jazz, cuando dos hombres armados irrumpieron este domingo en la principal biblioteca municipal de S\u00e3o Paulo (Brasil), donde estaban expuestos. A punta de pistola, pero sin disparar un tiro, se llevaron ocho obras del artista franc\u00e9s y cinco del <a href=\"https:\/\/elpais.com\/america\/2025-05-12\/brasil-devuelve-el-brillo-al-palacio-que-inauguro-su-arquitectura-modernista.html\" target=\"_self\" rel=\"nofollow noopener\" title=\"https:\/\/elpais.com\/america\/2025-05-12\/brasil-devuelve-el-brillo-al-palacio-que-inauguro-su-arquitectura-modernista.html\">brasile\u00f1o Candido Portinari<\/a> exhibidas en una muestra que recib\u00eda los primeros visitantes de la jornada de clausura. Los ladrones entraron y salieron por la puerta principal de la biblioteca M\u00e1rio de Andrade, huyendo por las bulliciosas calles del centro hist\u00f3rico de S\u00e3o Paulo. Estas obras de Matisse ya fueron hurtadas a\u00f1os atr\u00e1s. Uno de los ladrones ha sido detenido este lunes, el segundo est\u00e1 tambi\u00e9n identificado, seg\u00fan el diario O Globo.<\/p>\n<p class=\"\">Las obras formaban parte de la exposici\u00f3n Do livro ao museu: MAM S\u00e3o Paulo e a Biblioteca M\u00e1rio de Andrade (Del libro al museo), que inclu\u00eda una veintena de piezas de Matisse en di\u00e1logo con otros artistas de las colecciones de ambas institucionales. La muestra celebraba el centenario de la biblioteca municipal, que lleva el nombre del <a href=\"https:\/\/elpais.com\/television\/2020-12-10\/emicida-intento-contar-mi-epoca-mas-alla-de-la-historia-oficial-de-brasil.html\" target=\"_self\" rel=\"nofollow noopener\" title=\"https:\/\/elpais.com\/television\/2020-12-10\/emicida-intento-contar-mi-epoca-mas-alla-de-la-historia-oficial-de-brasil.html\">poeta y escritor brasile\u00f1o Andrade<\/a>.<\/p>\n<p class=\"\">Los ladrones redujeron a una vigilanta despu\u00e9s de que uno de ellos le mostrara un arma bajo la camisa. Mientras uno la encerraba en un cuarto tras quitarle la radio y el m\u00f3vil, su c\u00f3mplice entr\u00f3 en la sala en la que colgaban las obras, intimid\u00f3 a una pareja mayor que visitaba la exposici\u00f3n, descolg\u00f3 las piezas de la pared, las meti\u00f3 en una bolsa de tela y huyeron. Los grabados de Portinari que tambi\u00e9n se llevaron eran parte de la obra Menino do engenho. <\/p>\n<p class=\"\">El \u00e1lbum Jazz fue creado por Matisse durante la Segunda Guerra Mundial. \u201cHace esos collages, pinta los papeles, los recorta y forma las im\u00e1genes. Ves c\u00f3mo parecen collages, son im\u00e1genes muy potentes, con esa confusi\u00f3n de colores, muy caracter\u00edstica de Matisse con toda esa ambig\u00fcedad por la situaci\u00f3n de la guerra, donde no sabes si ah\u00ed hay violencia o no\u201d, explicaba en un v\u00eddeo promocional Pedro Nery, muse\u00f3logo de la biblioteca municipal.<\/p>\n<p class=\"\">El artista estaba enfermo de c\u00e1ncer cuando pint\u00f3 las obras sustra\u00eddas. Como no pod\u00eda pintar ni esculpir, cre\u00f3 collages. Piezas reunidas en un libro que titul\u00f3 Jazz y del que se publicaron 250 ejemplares. Fue publicado por primera vez en 1947 en Francia.<\/p>\n<p class=\"\">Las m\u00e1s de 25.000 c\u00e1maras de vigilancia instaladas en la ciudad m\u00e1s poblada de Brasil han contribuido a descubrir la ruta de fuga de los autores del robo. El detenido tiene 31 a\u00f1os y antecedentes por robo y tr\u00e1fico de drogas. La furgoneta que usaron hab\u00eda sido localizada antes e inspeccionada por los investigadores.<\/p>\n<p class=\"\">Las grabaciones del sistema Smart Sampa \u2014una especie de <a href=\"https:\/\/www.instagram.com\/reel\/DRz8xPKD2yF\/?igsh=MWd5OTB1czVqcmFh\" target=\"_self\" rel=\"nofollow noopener\" title=\"https:\/\/www.instagram.com\/reel\/DRz8xPKD2yF\/?igsh=MWd5OTB1czVqcmFh\">gran hermano de reconocimiento facial<\/a>\u2014 muestran a uno de los ladrones en una calle cercana a la biblioteca mientras transporta entre las manos las piezas m\u00e1s grandes del bot\u00edn. En un momento dado, las coloca en el suelo y la filmaci\u00f3n se interrumpe, seg\u00fan el citado diario.<\/p>\n<p class=\"\">El escenario del robo es la principal biblioteca municipal de S\u00e3o Paulo, un centro cultural centenario en el centro hist\u00f3rico, un edificio en el que el trasiego de lectores y visitantes es constante. Las obras del \u00e1lbum Jazz regresaron a la colecci\u00f3n de la biblioteca M\u00e1rio de Andrade hace una d\u00e9cada, tras una singular peripecia porque fueron robadas anteriormente sin que el museo se percatara. En 2006 fueron localizadas en por agentes aduaneros argentinos en la frontera. Durante a\u00f1os la biblioteca se neg\u00f3 a reconocer que hubieran sido sustra\u00eddas, hasta que descubri\u00f3 que las piezas que pose\u00eda eran copias, no los originales, que recuper\u00f3 en 2015.<\/p>\n<p><script async src=\"\/\/www.instagram.com\/embed.js\"><\/script><\/p>\n","protected":false},"excerpt":{"rendered":"Eran las \u00faltimas horas para contemplar de cerca los collages de Henri Matisse, parte de la serie Jazz,&hellip;\n","protected":false},"author":2,"featured_media":278175,"comment_status":"","ping_status":"","sticky":false,"template":"","format":"standard","meta":{"footnotes":""},"categories":[91],"tags":[35225,3216,4194,209,146,147,25,24,1469,32644,240,11989,6644,23],"class_list":{"0":"post-278174","1":"post","2":"type-post","3":"status-publish","4":"format-standard","5":"has-post-thumbnail","7":"category-entretenimiento","8":"tag-arte-abstracto","9":"tag-brasil","10":"tag-cuadros","11":"tag-cultura","12":"tag-entertainment","13":"tag-entretenimiento","14":"tag-es","15":"tag-espana","16":"tag-exposiciones-temporales","17":"tag-henri-matisse","18":"tag-obras-arte","19":"tag-robos","20":"tag-sao-paulo","21":"tag-spain"},"share_on_mastodon":{"url":"https:\/\/pubeurope.com\/@es\/115685685172040192","error":""},"_links":{"self":[{"href":"https:\/\/www.europesays.com\/es\/wp-json\/wp\/v2\/posts\/278174","targetHints":{"allow":["GET"]}}],"collection":[{"href":"https:\/\/www.europesays.com\/es\/wp-json\/wp\/v2\/posts"}],"about":[{"href":"https:\/\/www.europesays.com\/es\/wp-json\/wp\/v2\/types\/post"}],"author":[{"embeddable":true,"href":"https:\/\/www.europesays.com\/es\/wp-json\/wp\/v2\/users\/2"}],"replies":[{"embeddable":true,"href":"https:\/\/www.europesays.com\/es\/wp-json\/wp\/v2\/comments?post=278174"}],"version-history":[{"count":0,"href":"https:\/\/www.europesays.com\/es\/wp-json\/wp\/v2\/posts\/278174\/revisions"}],"wp:featuredmedia":[{"embeddable":true,"href":"https:\/\/www.europesays.com\/es\/wp-json\/wp\/v2\/media\/278175"}],"wp:attachment":[{"href":"https:\/\/www.europesays.com\/es\/wp-json\/wp\/v2\/media?parent=278174"}],"wp:term":[{"taxonomy":"category","embeddable":true,"href":"https:\/\/www.europesays.com\/es\/wp-json\/wp\/v2\/categories?post=278174"},{"taxonomy":"post_tag","embeddable":true,"href":"https:\/\/www.europesays.com\/es\/wp-json\/wp\/v2\/tags?post=278174"}],"curies":[{"name":"wp","href":"https:\/\/api.w.org\/{rel}","templated":true}]}}