{"id":278182,"date":"2025-12-08T19:54:17","date_gmt":"2025-12-08T19:54:17","guid":{"rendered":"https:\/\/www.europesays.com\/es\/278182\/"},"modified":"2025-12-08T19:54:17","modified_gmt":"2025-12-08T19:54:17","slug":"los-aliados-europeos-respaldan-a-zelenski-en-londres-tras-criticas-de-trump","status":"publish","type":"post","link":"https:\/\/www.europesays.com\/es\/278182\/","title":{"rendered":"Los aliados europeos respaldan a Zelenski en Londres tras cr\u00edticas de Trump"},"content":{"rendered":"<p>    <img src=\"https:\/\/www.europesays.com\/es\/wp-content\/uploads\/2025\/12\/2025-12-08T123A153A31Z-90602965.jpg\" width=\"1024\" height=\"682\" alt=\"\" loading=\"eager\" decoding=\"sync\" fetchpriority=\"high\"\/><\/p>\n<p>            afp_tickers        <\/p>\n<p>        Este contenido fue publicado en    <\/p>\n<p>        08 diciembre 2025 &#8211; 16:34\n<\/p>\n<p>Los principales aliados europeos de Ucrania mostraron el lunes en Londres su respaldo a Volod\u00edmir Zelenski, tras las cr\u00edticas que recibi\u00f3 de Donald Trump, mostrando su escepticismo sobre detalles del plan estadounidenses para acabar con la guerra contra Rusia.<\/p>\n<p>El presidente ucraniano se reuni\u00f3 durante unas dos horas con los mandatarios de Reino Unido, Alemania y Francia, despu\u00e9s de que Donald Trump lo acusara de no haber le\u00eddo la propuesta estadounidense para poner fin al conflicto.<\/p>\n<p>La reuni\u00f3n, en la residencia del primer ministro brit\u00e1nico, lleg\u00f3 tras varios d\u00edas de conversaciones en Miami entre autoridades de Ucrania y Estados Unidos que concluyeron sin avances.<\/p>\n<p>Starmer recibi\u00f3 en Downing Street al mandatario ucraniano, al canciller alem\u00e1n, Friedrich Merz, y al presidente franc\u00e9s, Emmanuel Macron, para avanzar hacia el fin del conflicto.<\/p>\n<p>Antes del inicio de la reuni\u00f3n, Merz expres\u00f3 su escepticismo sobre \u00abalgunos detalles\u00bb de las propuestas estadounidenses.<\/p>\n<p>\u00abSoy esc\u00e9ptico respecto a algunos detalles que vemos en los documentos procedentes de Estados Unidos, pero debemos debatirlos. Por eso estamos aqu\u00ed\u00bb, declar\u00f3.<\/p>\n<p>Por su parte, Macron se\u00f1al\u00f3 que \u00abel problema principal es lograr una convergencia\u00bb entre las posiciones comunes de los aliados europeos, Ucrania y Estados Unidos.<\/p>\n<p>Seg\u00fan Macron, esa convergencia ser\u00eda necesaria \u00abpara finalizar estas negociaciones de paz e iniciar una nueva fase en las mejores condiciones para Ucrania, los europeos y la seguridad colectiva\u00bb.<\/p>\n<p>En concordancia con Macron, el presidente ucraniano se\u00f1al\u00f3 que \u00abhay ciertas cosas que no podemos gestionar sin los estadounidenses, y otras sin Europa, y por eso debemos tomar decisiones importantes\u00bb.<\/p>\n<p>\u2013 Cuesti\u00f3n territorial \u2013<\/p>\n<p>El punto conflictivo radica en la cuesti\u00f3n de las posibles concesiones territoriales de Ucrania.<\/p>\n<p>Un alto responsable ucraniano indic\u00f3 a AFP que la cuesti\u00f3n territorial sigue siendo \u00abla m\u00e1s problem\u00e1tica\u00bb para poner fin a la guerra, que empez\u00f3 hace casi cuatro a\u00f1os con la invasi\u00f3n rusa.<\/p>\n<p>\u00abPutin no quiere firmar ning\u00fan acuerdo\u00bb si \u00abUcrania no cede territorios\u00bb en Donb\u00e1s, regi\u00f3n del este de ese pa\u00eds tomada parcialmente por las tropas rusas, a\u00f1adi\u00f3 la fuente.<\/p>\n<p>Antes de recibir a Zelenski, Starmer insisti\u00f3 en que no lo presionar\u00e1 a que acepte el acuerdo impulsado por la administraci\u00f3n de Trump.<\/p>\n<p>\u00abNo voy a presionar al presidente\u00bb Zelenski, declar\u00f3 el primer ministro brit\u00e1nico.<\/p>\n<p>El tema del uso de los activos rusos congelados en Europa para financiar a Ucrania habr\u00eda estado en la reuni\u00f3n de Londres, tras la cual los cuatro dirigentes no hicieron declaraciones.\u00a0<\/p>\n<p>El ejecutivo europeo present\u00f3 un plan para recurrir a los activos rusos congelados en Europa, pero choca con las reticencias de B\u00e9lgica, donde tiene su sede la sociedad Euroclear, que posee unos 244.000 millones de d\u00f3lares en activos rusos, de los casi 274.000 millones en la UE.<\/p>\n<p>Tras la reuni\u00f3n en Londres, Zelenski tiene programada otra en Bruselas, este lunes, con el secretario general de la OTAN, Mark Rutte, el presidente del Consejo Europeo, Antonio Costa, y la presidenta de la Comisi\u00f3n Europea, Ursula von der Leyen.<\/p>\n<p>Por su parte, la ministra brit\u00e1nica de Relaciones Exteriores Yvette Cooper, llega el lunes a Washington para reunirse con su hom\u00f3logo estadounidense, Marco Rubio.<\/p>\n<p>Estos encuentros siguen a las reuniones celebradas en Miami (Estados Unidos) entre responsables ucranianos y estadounidenses, en torno al plan que Trump revel\u00f3 hace tres semanas.<\/p>\n<p>\u2013 \u00abMucho trabajo por hacer\u00bb \u2013<\/p>\n<p>El plan inicial de Washington llamaba a Kiev a entregar territorio a Rusia a cambio de algunas garant\u00edas de seguridad, pero no obtuvo el respaldo de Ucrania ni de Europa.<\/p>\n<p>En tanto, Mosc\u00fa continu\u00f3 atacando a Ucrania, donde nueve personas resultaron heridas en las \u00faltimas horas, seg\u00fan las autoridades de Kiev.<\/p>\n<p>Zelenski dijo el s\u00e1bado que sostuvo una conversaci\u00f3n telef\u00f3nica \u00abmuy sustantiva y constructiva\u00bb con los enviados de Trump, Steve Witkoff y Jared Kushner, durante las negociaciones en Miami.<\/p>\n<p>\u00abUcrania est\u00e1 comprometida con continuar trabajando con honestidad con la parte estadounidense para alcanzar una paz real\u00bb, a\u00f1adi\u00f3 Zelenski.<\/p>\n<p>Sin embargo, Trump critic\u00f3 el domingo al presidente ucraniano. \u00abEstoy un poco decepcionado de que Zelenski no haya le\u00eddo la propuesta\u00bb de paz de Washington, asegur\u00f3.<\/p>\n<p>Rusia rechaz\u00f3 partes del plan estadounidense y asegur\u00f3 que queda \u00abmucho trabajo por hacer\u00bb.<\/p>\n<p>bur-psr\/meb\/pc\/an\/mb<\/p>\n","protected":false},"excerpt":{"rendered":"afp_tickers Este contenido fue publicado en 08 diciembre 2025 &#8211; 16:34 Los principales aliados europeos de Ucrania mostraron&hellip;\n","protected":false},"author":2,"featured_media":278183,"comment_status":"","ping_status":"","sticky":false,"template":"","format":"standard","meta":{"footnotes":""},"categories":[5],"tags":[635,17,18,636,83,25,24,13,14,11,86,19,20,9,10,15,16,88,23,90,12,21,22],"class_list":{"0":"post-278182","1":"post","2":"type-post","3":"status-publish","4":"format-standard","5":"has-post-thumbnail","7":"category-titulares","8":"tag-armed-conflict","9":"tag-breaking-news","10":"tag-breakingnews","11":"tag-conflict","12":"tag-diplomacy","13":"tag-es","14":"tag-espana","15":"tag-featured-news","16":"tag-featurednews","17":"tag-headlines","18":"tag-international-relations","19":"tag-latest-news","20":"tag-latestnews","21":"tag-news","22":"tag-noticias","23":"tag-noticias-destacadas","24":"tag-noticiasdestacadas","25":"tag-politics","26":"tag-spain","27":"tag-ticker","28":"tag-titulares","29":"tag-ultimas-noticias","30":"tag-ultimasnoticias"},"share_on_mastodon":{"url":"https:\/\/pubeurope.com\/@es\/115685704953980258","error":""},"_links":{"self":[{"href":"https:\/\/www.europesays.com\/es\/wp-json\/wp\/v2\/posts\/278182","targetHints":{"allow":["GET"]}}],"collection":[{"href":"https:\/\/www.europesays.com\/es\/wp-json\/wp\/v2\/posts"}],"about":[{"href":"https:\/\/www.europesays.com\/es\/wp-json\/wp\/v2\/types\/post"}],"author":[{"embeddable":true,"href":"https:\/\/www.europesays.com\/es\/wp-json\/wp\/v2\/users\/2"}],"replies":[{"embeddable":true,"href":"https:\/\/www.europesays.com\/es\/wp-json\/wp\/v2\/comments?post=278182"}],"version-history":[{"count":0,"href":"https:\/\/www.europesays.com\/es\/wp-json\/wp\/v2\/posts\/278182\/revisions"}],"wp:featuredmedia":[{"embeddable":true,"href":"https:\/\/www.europesays.com\/es\/wp-json\/wp\/v2\/media\/278183"}],"wp:attachment":[{"href":"https:\/\/www.europesays.com\/es\/wp-json\/wp\/v2\/media?parent=278182"}],"wp:term":[{"taxonomy":"category","embeddable":true,"href":"https:\/\/www.europesays.com\/es\/wp-json\/wp\/v2\/categories?post=278182"},{"taxonomy":"post_tag","embeddable":true,"href":"https:\/\/www.europesays.com\/es\/wp-json\/wp\/v2\/tags?post=278182"}],"curies":[{"name":"wp","href":"https:\/\/api.w.org\/{rel}","templated":true}]}}