{"id":278184,"date":"2025-12-08T19:58:11","date_gmt":"2025-12-08T19:58:11","guid":{"rendered":"https:\/\/www.europesays.com\/es\/278184\/"},"modified":"2025-12-08T19:58:11","modified_gmt":"2025-12-08T19:58:11","slug":"el-futuro-de-brooks-koepka-en-liv-golf-es-cada-vez-mas-incierto","status":"publish","type":"post","link":"https:\/\/www.europesays.com\/es\/278184\/","title":{"rendered":"El futuro de Brooks Koepka en LIV Golf es cada vez m\u00e1s incierto"},"content":{"rendered":"<p>            <a href=\"https:\/\/ten-golf.com\/wp-content\/uploads\/2025\/12\/scottoneil.jpg\" data-caption=\"Scott O&#039;Neil (\u00a9 Golffile | Steven Flynn)\" rel=\"nofollow noopener\" target=\"_blank\"><img decoding=\"async\" loading=\"lazy\" width=\"666\" height=\"444\" class=\"entry-thumb td-modal-image\" src=\"https:\/\/www.europesays.com\/es\/wp-content\/uploads\/2025\/12\/scottoneil-666x444.jpg\"   alt=\"Scott O'Neil (\u00a9 Golffile | Steven Flynn)\" title=\"Scott O'Neil (\u00a9 Golffile | Steven Flynn)\"\/><\/a>Scott O&#8217;Neil (\u00a9 Golffile | Steven Flynn)<\/p>\n<p><strong>Scott O\u2019Neil<\/strong> ten\u00eda la oportunidad de despejar dudas y no lo ha hecho. M\u00e1s bien al contrario. El CEO de <strong>LIV Golf<\/strong> se ha sentado a la mesa con el periodista <strong>Josh Carpenter<\/strong> y ha mantenido una interesante charla publicada en <strong>SJB<\/strong> este lunes. Uno de los temas centrales de la conversaci\u00f3n, de la que ya ha aparecido un adelanto, es el futuro de <strong>Brooks Koepka<\/strong>.<\/p>\n<p>Existe un rumor creciente que apunta en la direcci\u00f3n de que el campe\u00f3n de cinco Grandes no va a jugar en <strong>LIV Golf<\/strong> ni siquiera en la temporada 2026, a pesar de que todav\u00eda tiene contrato. Koepka, como <strong>Bryson DeChambeau<\/strong>, finaliza su v\u00ednculo con la liga saud\u00ed a la conclusi\u00f3n de la temporada 2026. Sobre DeChambeau, las informaciones en Estados Unidos apuntan a que ya est\u00e1 negociando la ampliaci\u00f3n de su contrato, mientras que con Koepka indican que todo est\u00e1 parado.<\/p>\n<p>O\u2019Neil podr\u00eda haber aprovechado la entrevista para calmar la especulaci\u00f3n y garantizar la continuidad de Koepka, sin embargo lo que ha hecho es eludir la cuesti\u00f3n y dar una larga cambiada. En definitiva, a\u00f1adir m\u00e1s incertidumbre. \u00abS\u00e9 que no es lo que quieres escuchar, pero sobre los jugadores individuales \u2014y esto vuelve a nuestra pol\u00edtica\u2014, lo gestionamos siguiendo el proceso. As\u00ed que no hemos hecho anuncios sobre jugadores, pero \u00e9l tiene contrato firmado para 2026\u00bb, se\u00f1al\u00f3. Habr\u00eda que ver c\u00f3mo se resuelve ese contrato si finalmente decide irse.<\/p>\n<p>Recordemos que Koepka tiene su sitio asegurado en los Grandes y podr\u00eda jugar en el <strong>DP World Tour<\/strong> por su victoria en el <strong>PGA Championship 2023<\/strong>. En cuanto al <strong>PGA Tour<\/strong>, en teor\u00eda deber\u00eda afrontar una sanci\u00f3n de un a\u00f1o hasta su posible regreso, al menos es lo que se ha hecho hasta ahora, pero trat\u00e1ndose de quien se trata, nadie descarta que se pueda producir un trato diferente. Por cierto, hace unos d\u00edas <strong>Dustin Johnson<\/strong> s\u00ed anunci\u00f3 oficialmente su renovaci\u00f3n de contrato con LIV Golf.<\/p>\n<p>El CEO de LIV abord\u00f3 otros asuntos. Quiz\u00e1 su respuesta m\u00e1s interesante fue respecto a la relaci\u00f3n con el PGA Tour. O\u2019Neil ve un escenario de no agresi\u00f3n. A su juicio, el lugar del circuito americano es Estados Unidos, mientras que LIV podr\u00eda ocupar el resto del mercado mundial. \u00abSiento que habr\u00e1 un nuevo orden mundial, por decirlo as\u00ed. Parece que el actor dominante en EE. UU. ser\u00e1 el PGA Tour y el actor dominante en el resto del mundo va a ser LIV Golf, y c\u00f3mo esas ligas y circuitos coinciden, trabajan juntos, crean contenido y conectan, creo que ir\u00e1 surgiendo con el tiempo. Pero estamos contentos con nuestro progreso, desde luego\u00bb. Es decir, no esperen un acuerdo en breve, pero es posible con el tiempo se repartan el pastel de esa manera.<\/p>\n<p>Para ello, obviamente LIV Golf debe durar mucho en el tiempo. Da la sensaci\u00f3n de que las millonarias p\u00e9rdidas econ\u00f3micas presentadas por la liga en 2024 no son de momento un problema. \u00abEstamos haciendo lo que espero que hagan la mayor\u00eda de empresas con una compa\u00f1\u00eda de cuatro a\u00f1os. Primero: evaluar la estrategia, \u00bfad\u00f3nde vamos? \u00bfPor qu\u00e9 vamos y d\u00f3nde vamos? La misi\u00f3n est\u00e1 muy clara: llevar a algunos de los mejores jugadores a todo el mundo y hacer crecer el golf. As\u00ed que, una vez tienes una misi\u00f3n, tus caminos se vuelven bastante claros. Luego fijas la estrategia: \u00bfc\u00f3mo vamos a llegar? \u00bfC\u00f3mo se ve realmente? Eso lo tenemos perfectamente definido internamente. Despu\u00e9s construyes la estructura y luego vas a por la gente que encaja en esa estructura y nosotros estamos en alg\u00fan punto intermedio de ese proceso\u00bb. Es decir, LIV est\u00e1 a medio camino. Seg\u00fan su palabras queda cuerda para rato, siempre y cuando, claro, mejoren sus n\u00fameros en los pr\u00f3ximos a\u00f1os.<\/p>\n<p>LIV Golf tambi\u00e9n es optimista respecto a la inclusi\u00f3n de la liga saud\u00ed en el ranking mundial. Considera que el paso dado en cuanto al formato, ampliando los torneos de 54 a 72 hoyos, debe ayudar. Una de las razones por las que se hizo es precisamente el ranking mundial y la otra es para que los jugadores de LIV lleguen mejor preparados a los Grandes. De alg\u00fan modo, est\u00e1 asumiendo que la gran revoluci\u00f3n de LIV Golf, jugar a tres d\u00edas, ha resultado un fracaso.<\/p>\n<p data-start=\"888\" data-end=\"1195\">\u00abEl mayor escaparate del mundo son los majors y debemos hacer todo lo posible para preparar de la mejor manera [a los jugadores de LIV] para los ellos\u00bb, dijo O\u2019Neil. \u00abY la sensaci\u00f3n es: vamos a replicar el formato y eso tiene todo el sentido para m\u00ed\u00bb.<\/p>\n<p data-start=\"1197\" data-end=\"1653\">O\u2019Neil tambi\u00e9n dijo que cre\u00eda que el cambio ayudar\u00eda con la solicitud de la liga para obtener puntos del Ranking Mundial. LIV present\u00f3 una nueva solicitud a principios de 2025 y O\u2019Neil afirm\u00f3 que ha habido \u00abbastante intercambio\u00bb entre \u00e9l y el presidente del OWGR, <strong>Trevor Immelman<\/strong>. O\u2019Neil cree que hay una \u00abopci\u00f3n, aunque sea m\u00ednima\u00bb de que LIV reciba puntos antes del inicio de su temporada 2026, pero \u00abhay mucho por hacer en ambos lados\u00bb. \u00bfSignifica esto que veremos a LIV Golf introducir el corte en sus torneos o ampliar el n\u00famero de jugadores que entran u salen de la liga cada a\u00f1o? Es una posibilidad\u2026<\/p>\n","protected":false},"excerpt":{"rendered":"Scott O&#8217;Neil (\u00a9 Golffile | Steven Flynn) Scott O\u2019Neil ten\u00eda la oportunidad de despejar dudas y no lo&hellip;\n","protected":false},"author":2,"featured_media":278185,"comment_status":"","ping_status":"","sticky":false,"template":"","format":"standard","meta":{"footnotes":""},"categories":[275],"tags":[33228,168,25,24,329,968,336,1960,339,340,1909,1910,67657,14324,23,167],"class_list":{"0":"post-278184","1":"post","2":"type-post","3":"status-publish","4":"format-standard","5":"has-post-thumbnail","7":"category-golf","8":"tag-brooks-koepka","9":"tag-deportes","10":"tag-es","11":"tag-espana","12":"tag-golf","13":"tag-liv-golf","14":"tag-notificacion","15":"tag-pga-tour","16":"tag-portada-america","17":"tag-portada-global","18":"tag-portada-top","19":"tag-portada-top-america","20":"tag-ranking-mundial","21":"tag-scott-oneil","22":"tag-spain","23":"tag-sports"},"share_on_mastodon":{"url":"https:\/\/pubeurope.com\/@es\/115685720750571790","error":""},"_links":{"self":[{"href":"https:\/\/www.europesays.com\/es\/wp-json\/wp\/v2\/posts\/278184","targetHints":{"allow":["GET"]}}],"collection":[{"href":"https:\/\/www.europesays.com\/es\/wp-json\/wp\/v2\/posts"}],"about":[{"href":"https:\/\/www.europesays.com\/es\/wp-json\/wp\/v2\/types\/post"}],"author":[{"embeddable":true,"href":"https:\/\/www.europesays.com\/es\/wp-json\/wp\/v2\/users\/2"}],"replies":[{"embeddable":true,"href":"https:\/\/www.europesays.com\/es\/wp-json\/wp\/v2\/comments?post=278184"}],"version-history":[{"count":0,"href":"https:\/\/www.europesays.com\/es\/wp-json\/wp\/v2\/posts\/278184\/revisions"}],"wp:featuredmedia":[{"embeddable":true,"href":"https:\/\/www.europesays.com\/es\/wp-json\/wp\/v2\/media\/278185"}],"wp:attachment":[{"href":"https:\/\/www.europesays.com\/es\/wp-json\/wp\/v2\/media?parent=278184"}],"wp:term":[{"taxonomy":"category","embeddable":true,"href":"https:\/\/www.europesays.com\/es\/wp-json\/wp\/v2\/categories?post=278184"},{"taxonomy":"post_tag","embeddable":true,"href":"https:\/\/www.europesays.com\/es\/wp-json\/wp\/v2\/tags?post=278184"}],"curies":[{"name":"wp","href":"https:\/\/api.w.org\/{rel}","templated":true}]}}