{"id":278190,"date":"2025-12-08T20:03:12","date_gmt":"2025-12-08T20:03:12","guid":{"rendered":"https:\/\/www.europesays.com\/es\/278190\/"},"modified":"2025-12-08T20:03:12","modified_gmt":"2025-12-08T20:03:12","slug":"me-ha-impactado-la-realidad-que-se-vive-aqui","status":"publish","type":"post","link":"https:\/\/www.europesays.com\/es\/278190\/","title":{"rendered":"Me ha impactado la realidad que se vive aqu\u00ed"},"content":{"rendered":"<p id=\"eqWsbE1SjM\" data-wc=\"58\">Est\u00e1 muy contenta y <strong>su voz al otro lado del tel\u00e9fono tiene incluso un leve acento brasile\u00f1o.<\/strong> Hace casi <strong>cuatro meses que Ana Galocha\u00a0<\/strong>hizo la maleta y cruz\u00f3 el Atl\u00e1ntico para <a class=\"hm-link ho-link\" href=\"https:\/\/www.hola.com\/actualidad\/20240415358698\/ana-galocha-mujer-davide-ancelotti-reto-pintora-exposicion-arte\/\" data-mrf-recirculation=\"article-body-link\" rel=\"nofollow noopener\" target=\"_blank\">comenzar un nuevo cap\u00edtulo de su vida junto a su marido, Davide Ancelotti, y sus dos hijos<\/a>, los mellizos Leonardo y Lucas, <strong>en R\u00edo de Janeiro.<\/strong>\u00a0<\/p>\n<p> <img src=\"https:\/\/www.europesays.com\/es\/wp-content\/uploads\/2025\/12\/975392cba9eb-saveclipapp542096811185627042050486693663914646541485827n.jpg\"   width=\"1080\" height=\"1800\" loading=\"lazy\" decoding=\"async\" alt=\"Ana Galocha y Davide Ancelotti en Rio\" fetchpriority=\"auto\" class=\"image ho-image\"\/>\u00a9 @anagalochaf<\/p>\n<p id=\"edZilBW4_2\" data-wc=\"49\"><strong>Los cambios no siempre son f\u00e1ciles<\/strong>, sobre todo cuando son de un d\u00eda para otro y conllevan una mudanza a otro continente con ni\u00f1os peque\u00f1os. Pero <strong>en el mundo del f\u00fatbol se podr\u00eda decir que est\u00e1n hechos de otra pasta<\/strong> y est\u00e1n acostumbrados a nuevos retos sea donde sea.<\/p>\n<p id=\"e97cIUG6mMB\" data-wc=\"88\">Fue en julio cuando se conoci\u00f3 la noticia de que<strong>\u00a0Davide, hijo de Carlos Ancelotti y segundo entrenador del Real Madrid<\/strong>, <strong>fichaba por el equipo carioca Botafogo como entrenador\u00a0<\/strong>y ah\u00ed comenzaba una nueva aventura para su familia. En agosto, <strong>Ana llegaba con sus ni\u00f1os a Brasil y empezaban a adaptarse a una nueva casa<\/strong>, <strong>nuevo colegio, otro idioma<\/strong>, nuevas rutinas\u2026<strong>\u00a0Ella y Davide forman un equipo perfecto\u00a0<\/strong>y despu\u00e9s de estar en Alemania, Inglaterra, Italia y Espa\u00f1a, este nuevo salto daba v\u00e9rtigo, pero juntos pueden con todo.\u00a0<\/p>\n<p id=\"eE-qBaGMj4o\" data-wc=\"62\">Ahora, <a class=\"hm-link ho-link\" href=\"https:\/\/www.hola.com\/actualidad\/20250615838065\/inesperado-detalle-ana-galocha-nuera-ancelotti-boda-alba-redondo\/\" data-mrf-recirculation=\"article-body-link\" rel=\"nofollow noopener\" target=\"_blank\">hemos hablado con la pintora sevillana sobre c\u00f3mo se est\u00e1 acostumbrando y nos ha desvelado c\u00f3mo son sus rutinas<\/a>, lo que m\u00e1s le ha impresionado de la ciudad y c\u00f3mo est\u00e1n viviendo esta experiencia su marido y los ni\u00f1os. Spoiler: ha escalado, visitado las favelas, juega al tenis y a punto est\u00e1 de arrancarse a bailar samba. \u00a1Ella es una todoterreno!<\/p>\n<p> <img src=\"https:\/\/www.europesays.com\/es\/wp-content\/uploads\/2025\/12\/1a5c52a44ffe-saveclipapp43390994135898020146816615085250594669701901n.jpg\"   width=\"819\" height=\"1024\" loading=\"lazy\" decoding=\"async\" alt=\"Ana Galocha y Davide Ancelotti en la primera exposici\u00f3n de la artista\" fetchpriority=\"auto\" class=\"image ho-image\"\/>\u00a9 @anagalochafAna Galocha y Davide Ancelotti en la primera exposici\u00f3n de la artista<\/p>\n<p class=\"question-s1\" id=\"eWZatPNjhw_\" data-wc=\"8\"><strong>\u00bfC\u00f3mo est\u00e1s? \u00bfQu\u00e9 tal en R\u00edo de Janeiro?<\/strong><\/p>\n<p class=\"answer-s1\" id=\"e2C_t-z8MUY\" data-wc=\"6\">Estoy bien. <strong>Me gusta mucho cambiar.<\/strong><\/p>\n<p class=\"question-s1\" id=\"eOgXAme-UqO\" data-wc=\"27\"><strong>Pero esto es un gran cambio, porque ya no es solo irte a otra ciudad o a otro pa\u00eds europeo, es que te has ido muy lejos.<\/strong><\/p>\n<p class=\"answer-s1\" id=\"e1LnUGo2iu4\" data-wc=\"79\">S\u00ed. Y, adem\u00e1s, <strong>despu\u00e9s de haber estado en una de mis ciudades favoritas, que es Madrid,\u00a0<\/strong>con lo cual, es todav\u00eda m\u00e1s dif\u00edcil. Irte a tantos kil\u00f3metros de tu casa, que para viajar te hace falta casi un d\u00eda y medio, da un poco de v\u00e9rtigo. Es m\u00e1s, cuando me enter\u00e9 de la noticia, hablamos Davide y yo, y c<strong>omo siempre, le apoy\u00e9 al m\u00e1ximo,\u00a0<\/strong>pero despu\u00e9s, <strong>a las dos horas, me entraron ganas de llorar y llor\u00e9 mucho.<\/strong><\/p>\n<p> <img src=\"https:\/\/www.europesays.com\/es\/wp-content\/uploads\/2025\/12\/305a0a379c19-saveclipapp499516765185423978680486695241999966814262999n.jpg\"   width=\"819\" height=\"1024\" loading=\"lazy\" decoding=\"async\" alt=\"Ana Galocha en la playa\" fetchpriority=\"auto\" class=\"image ho-image\"\/>\u00a9 @anagalochaf<\/p>\n<p class=\"question-s1\" id=\"eVCVygoQNzM\" data-wc=\"5\"><strong>\u00bfCu\u00e1ntos meses llevas ya all\u00ed?<\/strong><\/p>\n<p class=\"answer-s1\" id=\"e2bM9i2HN09\" data-wc=\"11\">Llegu\u00e9 a final de agosto, <strong>diciembre ser\u00e1 mi cuarto mes\u00a0<\/strong>aqu\u00ed.\u00a0<\/p>\n<p class=\"question-s1\" id=\"ezEhuzid8mb\" data-wc=\"5\"><strong>\u00bfEst\u00e1is ya acostumbrados al cambio?<\/strong><\/p>\n<p class=\"answer-s1\" id=\"e_RHcN-D-2Z\" data-wc=\"16\"><strong>Hace ya dos meses que todos estamos habituados.\u00a0<\/strong>En eso somos unos campeones, tambi\u00e9n mis ni\u00f1os.<\/p>\n<p class=\"question-s1\" id=\"eeJj4enPuVI\" data-wc=\"11\"><strong>Es una mudanza \u200bcomplicada, buscar casa, colegio y todo tan lejos.\u00a0<\/strong><\/p>\n<p class=\"answer-s1\" id=\"evMSqDEFgKh\" data-wc=\"68\">Sobre todo porque<strong>\u00a0no sabes cu\u00e1nto tiempo vas a estar.\u00a0<\/strong>No es encontrar una casa y ya saber que vas a estar aqu\u00ed. Es que<strong>\u00a0buscas una casa, un colegio, haces tu vida y de repente te puedes ir cualquier d\u00eda<\/strong> y no sabes cu\u00e1ndo, no tienes una fecha. Eso es lo que m\u00e1s cuesta, pero ya me acostumbr\u00e9 a no pensar. Vivo mucho el d\u00eda a d\u00eda.<\/p>\n<p> <img src=\"https:\/\/www.europesays.com\/es\/wp-content\/uploads\/2025\/12\/7e32d6265924-saveclipapp587960900185810474830486696213913323850904845n.jpg\"   width=\"768\" height=\"1024\" loading=\"lazy\" decoding=\"async\" alt=\"Ana Galocha en Rio de Janeiro\" fetchpriority=\"auto\" class=\"image ho-image\"\/>\u00a9 @anagalochafAna Galocha explorando Brasil<br \/>\nVivir el presente<\/p>\n<p class=\"question-s1\" id=\"eCBAZeMmcD0\" data-wc=\"17\"><strong>Es que no te queda otra porque si intentas hacer planes a largo plazo te acabas agobiando.\u00a0<\/strong><\/p>\n<p class=\"answer-s1\" id=\"eOUC-s5ZahAe\" data-wc=\"106\">Es que no tiene sentido. N<strong>o puedo planear porque es imposible<\/strong>. \u00bfPara qu\u00e9 me voy a crearme problemas cuando todav\u00eda no existen? Y esto me ha ayudado mucho en todos los aspectos de la vida, no solo en este tema. E<a class=\"hm-link ho-link\" href=\"https:\/\/www.hola.com\/actualidad\/20220620333899\/ana-galocha-boda-davide-hijo-carlo-ancelotti\/\" data-mrf-recirculation=\"article-body-link\" rel=\"nofollow noopener\" target=\"_blank\">s bueno hacer el ejercicio de pensar un poco m\u00e1s en el presente porque la vida te cambia en un momento por cualquier cosa<\/a>. No hace falta tener una vida como la m\u00eda, le pasa a todo el mundo. Entonces<strong>, es muy bueno no pensar tanto en el ma\u00f1ana,\u00a0<\/strong>porque yo he vivido en el f\u00fatbol un mal partido y al d\u00eda siguiente nos han echado.\u00a0<\/p>\n<p class=\"question-s1\" id=\"e6LW3jEnEvmj\" data-wc=\"16\"><strong>Hablando de f\u00fatbol, \u00bfc\u00f3mo se vive en Brasil? \u00bfDe una forma m\u00e1s intensa que en Espa\u00f1a?<\/strong><\/p>\n<p class=\"answer-s1\" id=\"eUqj26n6K4lA\" data-wc=\"119\">Si te digo la verdad, <strong>es una de las cosas que m\u00e1s me comentan, pero no noto una diferencia tan grande<\/strong>. En Espa\u00f1a he visto a la gente muy volcada con el f\u00fatbol.<strong>\u00a0Brasil es muy grande y aqu\u00ed a la gente, econ\u00f3micamente, le cuesta mucho ir a los partidos.<\/strong> Entonces, los estadios est\u00e1n m\u00e1s vac\u00edos, por lo menos el Botafogo. En el Bernab\u00e9u hay m\u00e1s presi\u00f3n de la afici\u00f3n, para bien y para mal. Eso s\u00ed,<strong>\u00a0la presi\u00f3n medi\u00e1tica es dura<\/strong> aqu\u00ed tambi\u00e9n porque hay mucha gente que se dedica a hablar de f\u00fatbol, no solamente los periodistas, tambi\u00e9n hay muchos blogs. Yo intento no mirar nada, busco informaci\u00f3n cuando ganamos -r\u00ede-, <strong>intento vivir un poco al margen.\u00a0<\/strong><\/p>\n<p class=\"question-s1\" id=\"ezs49tTVddR7\" data-wc=\"4\"><strong>\u00bfC\u00f3mo llevas el idioma?<\/strong><\/p>\n<p class=\"answer-s1\" id=\"eC-B6nfnKvkJ\" data-wc=\"125\">Oye, tengo que estar orgullosa porque <strong>llevo solo tres meses y ya entiendo muy bien y m\u00e1s o menos me defiendo hablando.<\/strong> Yo siempre, cuando voy a vivir a un pa\u00eds, intento tambi\u00e9n <strong>conocer y relacionarme con la gente del pa\u00eds.<\/strong> No me encierro solo con amigas del f\u00fatbol, que tambi\u00e9n las tengo, pero me gusta mucho conocer la cultura, tradiciones\u2026 Aqu\u00ed con e<strong>l tenis, que estoy jugando mucho, me re\u00fano en la playa y juego con un grupo que son todos cariocas<\/strong>. La persona que trabaja en mi casa tambi\u00e9n es de aqu\u00ed, as\u00ed que escucho mucho portugu\u00e9s y lo hablo mucho, por lo que estoy aprendiendo de forma muy natural. El problema que tengo ahora es que \u00a1he olvidado el italiano! \u00a1Es horrible!\u00a0<\/p>\n<p> <img src=\"https:\/\/www.europesays.com\/es\/wp-content\/uploads\/2025\/12\/9acf7cb4a410-saveclipapp587894480185816807020486691661382345467674305n.jpg\"   width=\"824\" height=\"1024\" loading=\"lazy\" decoding=\"async\" alt=\"Ana Galocha con una de sus obras\" fetchpriority=\"auto\" class=\"image ho-image\"\/>\u00a9 @anagalochaf<br \/>\nSamba en las favelas<\/p>\n<p class=\"question-s1\" id=\"eNlVEkqmyrJ6\" data-wc=\"16\"><strong>\u00bfQu\u00e9 es lo que m\u00e1s te ha llamado la atenci\u00f3n del cambio de cultura de Brasil?<\/strong><\/p>\n<p class=\"answer-s1\" id=\"eJrb03CFiUzO\" data-wc=\"152\"><strong>Me ha impactado la realidad que viven, conocer las favelas, el tema de la seguridad\u2026\u00a0<\/strong>Y si te hablo de la ciudad, me parece tan bonita. El otro d\u00eda fui a la monta\u00f1a con unas amigas, unas \u00abmam\u00e1s escaladoras\u00bb, y ver todo desde arriba es alucinante.<strong>\u00a0Ves todo R\u00edo de Janeiro, el mar precioso, el contraste de la ciudad y sus edificios altos y las favelas.\u00a0<\/strong>El cambio es impresionante. Pero<strong>\u00a0lo que m\u00e1s me llam\u00f3 la atenci\u00f3n ha sido eso, las diferencias.<\/strong> Aqu\u00ed la gente gana poco y trabaja mucho. Las distancias son muy largas para ir a trabajar,<strong>\u00a0hay gente que puede tardar tres horas en ir y volver un d\u00eda cualquiera.<\/strong> Y despu\u00e9s, su cultura. Hace unos d\u00edas estuvimos viendo los ensayos de para el carnaval, porque ellos ensayan todo el a\u00f1o. Se re\u00fanen en las favelas, son como pe\u00f1as, y cada una tiene su m\u00fasica y su tem\u00e1tica.\u00a0<\/p>\n<p class=\"question-s1\" id=\"ecWEpEum192Q\" data-wc=\"4\"><strong>All\u00ed llamar\u00edas la atenci\u00f3n.<\/strong><\/p>\n<p class=\"answer-s1\" id=\"eXk7t_sEB6oX\" data-wc=\"93\">Ellos <strong>nos llaman gringas<\/strong>. Cuando llegu\u00e9 all\u00ed, yo soy morenita y bajita, pero <strong>mis amigas son todas rubias y altas<\/strong> y entramos con una de las damas que baila, que es la mujer de un jugador. La gente se preguntaba, \u00bfqu\u00e9 hacen aqu\u00ed estas gringas? Pero fue muy bien. Eso s\u00ed, <strong>tienes que entrar con coche blindado y tener muchas precauciones\u00a0<\/strong>porque es peligroso. Lo que aprend\u00ed con esta visita es que<strong>\u00a0vivo en una burbuja.<\/strong> Yo me siento segura en mi barrio, pero hay que tener cuidado y saber d\u00f3nde te mueves.<\/p>\n<p class=\"question-s1\" id=\"egubbNsbAEe5\" data-wc=\"7\"><strong>\u00bfQu\u00e9 tal se han adaptado tus hijos?<\/strong><\/p>\n<p class=\"answer-s1\" id=\"elutbipdQKZ9\" data-wc=\"53\">Estoy alucinando con ellos, per<strong>o me hablan mucho de Madrid y de sus amigos de all\u00ed.\u00a0<\/strong>Pero son unos campeones. No me han creado ning\u00fan tipo de sensaci\u00f3n de que est\u00e1n mal. Y <strong>hablan en portugu\u00e9s super simp\u00e1ticos y con acento<\/strong>. Me corrigen todo el tiempo cuando me escuchan a m\u00ed hablar portugu\u00e9s.<\/p>\n<p> <img src=\"https:\/\/www.europesays.com\/es\/wp-content\/uploads\/2025\/12\/18442c02bc88-saveclipapp49145324718538053991048669866953071233607866n.jpg\"   width=\"819\" height=\"1024\" loading=\"lazy\" decoding=\"async\" alt=\"Ana Galocha vestida de flamenca\" fetchpriority=\"auto\" class=\"image ho-image\"\/>\u00a9 @anagalochafAna, lista para la feria<\/p>\n<p class=\"question-s1\" id=\"eknPtFMO0EOz\" data-wc=\"3\"><strong>\u00bfT\u00fa sigues pintando?<\/strong><\/p>\n<p class=\"answer-s1\" id=\"e6HBmp8hpUi1\" data-wc=\"101\">S\u00ed. Al principio<strong>\u00a0me cost\u00f3 un poco.\u00a0<\/strong><strong>Me lleg\u00f3 muy tarde todo el material y me cost\u00f3 un poquito estar inspirada<\/strong>, pero ya s\u00ed, he vuelto con mis monstruos que me dan alegr\u00eda y me <strong>ayudan a lo que yo pretendo solamente con la pintura, que es disfrutar<\/strong>. Aqu\u00ed tengo muchas horas libres para m\u00ed y se me hac\u00eda demasiado largo porque te levantas muy temprano. Y<strong>\u00a0la pintura es para m\u00ed como siempre, mi v\u00e1lvula de escape<\/strong>, mi salvaci\u00f3n, mi momento. Aqu\u00ed tengo muchas m\u00e1s cosas que hacer que en otros sitios, pero la pintura siempre ha sido mi terapia.<\/p>\n<p>Una trotamundos todoterreno<\/p>\n<p class=\"question-s1\" id=\"eebjZMoTlLIN\" data-wc=\"27\"><strong>Y en el tiempo que llevas, por lo que se ve, ya has hecho amigas y tienes muchos planes. Se te ve que te has adaptado bien.\u00a0<\/strong><\/p>\n<p class=\"answer-s1\" id=\"ehOTFmnWOjt5\" data-wc=\"90\">El otro d\u00eda<strong>\u00a0mi cu\u00f1ada estuvo aqu\u00ed\u00a0<\/strong>y me encant\u00f3 que me dijera: \u201cEres una t\u00eda <strong>muy fuerte, muy valiente, no todo el mundo ser\u00eda capaz de cambiar tan r\u00e1pido<\/strong> como t\u00fa\u201d. Ella ha vivido mucho conmigo en muchos pa\u00edses y sabe que no tengo ninguna dificultad, aunque el idioma no lo hable. Pero yo eso no lo veo y muchas veces no me valoro, \u00bfsabes? Pero es verdad qu<strong>e me busco la vida sola, me adapto, conozco gente de fuera\u2026<\/strong> y tengo que valorar un poco m\u00e1s esa parte.<\/p>\n<p class=\"question-s1\" id=\"exUEVltTL6_H\" data-wc=\"17\"><strong>Pues tienes que darle mucho valor porque no todo el mundo se atrever\u00eda a vivir cambios as\u00ed.\u00a0<\/strong><\/p>\n<p class=\"answer-s1\" id=\"e2xUWAN5jgHc\" data-wc=\"135\">Tambi\u00e9n te digo que<strong>\u00a0estoy s\u00faper agradecida<\/strong>, porque el otro d\u00eda cuando estaba en la monta\u00f1a o viendo c\u00f3mo bailaban samba, pensaba: \u201c<strong>Qu\u00e9 suerte tengo de poder estar viendo con mis ojos este paisaj<\/strong>e, de estar conociendo esta cultura y a la gente que estoy conociendo\u00bb. <a class=\"hm-link ho-link\" href=\"https:\/\/www.hola.com\/novias\/20220610211560\/davide-ancelotti-boda-ana-galocha-vestido-novia\/\" data-mrf-recirculation=\"article-body-link\" rel=\"nofollow noopener\" target=\"_blank\">Intento siempre apoyarme en esas cosas buenas que tiene la experiencia que estoy viviendo gracias a Davide<\/a> y no apoyarme tanto en las partes m\u00e1s negativas, que tambi\u00e9n es duro, la verdad. Pero tiene tantas cosas bonitas\u2026 \u00a1Es que yo nac\u00ed para esto! Davide ha encontrado una persona que en ese sentido no le va a dar problemas. Eso s\u00ed, <strong>\u00e9l trabaja mucho y me gustar\u00eda estar m\u00e1s con \u00e9l, pero llevo bien estar sola.\u00a0<\/strong>No soy una persona que le agobia, somos una buena pareja en ese sentido.\u00a0<\/p>\n<p> <img src=\"https:\/\/www.europesays.com\/es\/wp-content\/uploads\/2025\/12\/62ab7cabc625-saveclipapp561402419185695193290486697549337357228538694n.jpg\"   width=\"1080\" height=\"1080\" loading=\"lazy\" decoding=\"async\" alt=\"Ana Galocha con una de sus obras\" fetchpriority=\"auto\" class=\"image ho-image\"\/>\u00a9 @anagalochaf<\/p>\n<p class=\"question-s1\" id=\"eGMRwlNJaTSj\" data-wc=\"17\"><strong>\u00bfQu\u00e9 planes ten\u00e9is para Navidad? \u00bfLas vas a pasar all\u00ed las fiestas all\u00ed o volv\u00e9is a Espa\u00f1a?<\/strong><\/p>\n<p class=\"answer-s1\" id=\"eqQqQhRvWaKd\" data-wc=\"76\">Pue<strong>s nos vamos a Madrid a principios de diciembre<\/strong>. Y, \u00bfsabes de lo que tengo muchas ganas? De pedirme un Globo. Mira, que curioso, pero <strong>me apetece estar all\u00ed en casa y pedir comida todo el rato<\/strong> -r\u00ede-. Yo me ir\u00e9 a Madrid unos d\u00edas antes y Davide llegar\u00e1 un poco despu\u00e9s con los ni\u00f1os para<strong>\u00a0pasar la Nochebuena all\u00ed.\u00a0<\/strong>Despu\u00e9s volveremos porque el 3 de enero ya tiene que volver \u00e9l a trabajar a Brasil.\u00a0<\/p>\n<p class=\"question-s1\" id=\"epZS2i8V6Zw_\" data-wc=\"12\"><strong>\u00bfQu\u00e9 balance haces de este 2025, que ya queda poquito para terminarlo?<\/strong><\/p>\n<p class=\"answer-s1\" id=\"esn_TvQ7N8Wo\" data-wc=\"57\">\u00a1Que <strong>se ha pasado muy r\u00e1pido<\/strong>! Pienso que ha sido un a\u00f1o de tantos cambios\u2026 Es que<strong>\u00a0empec\u00e9 viviendo en Madrid y ahora estoy viviendo en R\u00edo de Janeiro,<\/strong> son muchas emociones. Estuvimos<strong>\u00a0a punto de ir a Escocia<\/strong>, de repente, nos qued\u00e1bamos en Madrid, de repente, R\u00edo\u2026 Ha sido <strong>un a\u00f1o muy loco pero muy positivo. \u00a0<\/strong><\/p>\n<p class=\"question-s1\" id=\"eHyH42dXyjmW\" data-wc=\"7\"><strong>\u00bfQu\u00e9 le pides al a\u00f1o que viene?<\/strong><\/p>\n<p class=\"answer-s1\" id=\"eFwulI8XNyfz\" data-wc=\"54\">Que siga as\u00ed. S<strong>i es que yo no me puedo pedir m\u00e1s a la vida. Que no falte salud, de verdad.<\/strong> Que a mis ni\u00f1os los cambios no les sean duros y si tenemos que volver a cambiar o seguimos aqu\u00ed, que sean felices ellos y que no falte la salud a la familia.\u00a0<\/p>\n","protected":false},"excerpt":{"rendered":"Est\u00e1 muy contenta y su voz al otro lado del tel\u00e9fono tiene incluso un leve acento brasile\u00f1o. Hace&hellip;\n","protected":false},"author":2,"featured_media":278191,"comment_status":"","ping_status":"","sticky":false,"template":"","format":"standard","meta":{"footnotes":""},"categories":[268],"tags":[517,168,25,24,280,282,281,23,167],"class_list":{"0":"post-278190","1":"post","2":"type-post","3":"status-publish","4":"format-standard","5":"has-post-thumbnail","7":"category-futbol","8":"tag-actualidad","9":"tag-deportes","10":"tag-es","11":"tag-espana","12":"tag-football","13":"tag-futbol","14":"tag-soccer","15":"tag-spain","16":"tag-sports"},"share_on_mastodon":{"url":"https:\/\/pubeurope.com\/@es\/115685740409709196","error":""},"_links":{"self":[{"href":"https:\/\/www.europesays.com\/es\/wp-json\/wp\/v2\/posts\/278190","targetHints":{"allow":["GET"]}}],"collection":[{"href":"https:\/\/www.europesays.com\/es\/wp-json\/wp\/v2\/posts"}],"about":[{"href":"https:\/\/www.europesays.com\/es\/wp-json\/wp\/v2\/types\/post"}],"author":[{"embeddable":true,"href":"https:\/\/www.europesays.com\/es\/wp-json\/wp\/v2\/users\/2"}],"replies":[{"embeddable":true,"href":"https:\/\/www.europesays.com\/es\/wp-json\/wp\/v2\/comments?post=278190"}],"version-history":[{"count":0,"href":"https:\/\/www.europesays.com\/es\/wp-json\/wp\/v2\/posts\/278190\/revisions"}],"wp:featuredmedia":[{"embeddable":true,"href":"https:\/\/www.europesays.com\/es\/wp-json\/wp\/v2\/media\/278191"}],"wp:attachment":[{"href":"https:\/\/www.europesays.com\/es\/wp-json\/wp\/v2\/media?parent=278190"}],"wp:term":[{"taxonomy":"category","embeddable":true,"href":"https:\/\/www.europesays.com\/es\/wp-json\/wp\/v2\/categories?post=278190"},{"taxonomy":"post_tag","embeddable":true,"href":"https:\/\/www.europesays.com\/es\/wp-json\/wp\/v2\/tags?post=278190"}],"curies":[{"name":"wp","href":"https:\/\/api.w.org\/{rel}","templated":true}]}}