{"id":278194,"date":"2025-12-08T20:07:12","date_gmt":"2025-12-08T20:07:12","guid":{"rendered":"https:\/\/www.europesays.com\/es\/278194\/"},"modified":"2025-12-08T20:07:12","modified_gmt":"2025-12-08T20:07:12","slug":"ella-es-satin-greco-la-espectacular-ganadora-de-drag-race-espana-5","status":"publish","type":"post","link":"https:\/\/www.europesays.com\/es\/278194\/","title":{"rendered":"Ella es Sat\u00edn Greco, la espectacular ganadora de &#8216;Drag Race Espa\u00f1a 5&#8217;"},"content":{"rendered":"<p data-gtm-element-container=\"modulo-texto-link\" class=\"paragraph\">La quinta edici\u00f3n de &#8216;<strong>Drag Race Espa\u00f1a<\/strong>&#8216; en <strong>atresplayer <\/strong>ya tiene ganadora: <strong>Sat\u00edn Greco<\/strong>. Tras diez semanas de intensos retos de costura, interpretaci\u00f3n, canto y comedia, llegaba el momento de decidir qui\u00e9n era la quinta superestrella drag espa\u00f1ola del formato que ha arrasado un a\u00f1o m\u00e1s en <strong>atresplayer<\/strong>.<\/p>\n<p data-gtm-element-container=\"modulo-texto-link\" class=\"paragraph\">Las finalistas protagonizaron un emocionante episodio final en el que la audiencia las pudo ver compartir una divertida noche de pijamas con <strong>Supremme de Luxe<\/strong>, estrenaron su canci\u00f3n original &#8216;<strong>BYPASS<\/strong>&#8216; con un espectacular videoclip y se enfrentaron a una impresionante batalla de &#8216;lipsyncs&#8217; por la corona bajo la categor\u00eda &#8216;mi mejor look drag&#8217;.<\/p>\n<blockquote>\n<p>        &#8216;Drag Race Espa\u00f1a&#8217; tendr\u00e1 sexta temporada y &#8216;All Stars 2&#8217;<\/p>\n<\/blockquote>\n<p>                <img loading=\"lazy\" decoding=\"async\" data-full-src=\"https:\/\/www.mundodeportivo.com\/uploads\/2025\/11\/30\/692ca92420c26.jpeg\" alt=\"'Drag Race Espa\u00f1a 6'\" width=\"449\" height=\"257\" src=\"https:\/\/www.europesays.com\/es\/wp-content\/uploads\/2025\/12\/692ca92420c26.jpeg\" class=\"lazy\"\/><\/p>\n<p class=\"caption-title \">&#8216;Drag Race Espa\u00f1a 6&#8217;<\/p>\n<p>                    LANDER LARRANAGA<\/p>\n<p data-gtm-element-container=\"modulo-texto-link\" class=\"paragraph\">Pero solo una se llev\u00f3 la victoria\u2026 y ella fue <strong>Sat\u00edn Greco<\/strong>. La andaluza fue proclamada vencedora, ganando as\u00ed <strong>los 50.000 euros de premio<\/strong>, el mayor de la historia del formato en Espa\u00f1a. Lo hizo tras protagonizar una espectacular carrera en esta temporada en la que ha triunfado con sus looks, su carisma y ha emocionado a todos con su historia.<\/p>\n<p>    Lee tambi\u00e9n<\/p>\n<p>                <img loading=\"lazy\" decoding=\"async\" data-full-src=\"https:\/\/www.mundodeportivo.com\/uploads\/2025\/11\/30\/692ca91384b44.jpeg\" alt=\"'Drag Race All Stars 2'\" width=\"449\" height=\"257\" src=\"https:\/\/www.europesays.com\/es\/wp-content\/uploads\/2025\/11\/692ca91384b44.jpeg\" class=\"lazy\"\/><\/p>\n<p class=\"caption-title \">&#8216;Drag Race All Stars 2&#8217;<\/p>\n<p>                    LANDER LARRANAGA<\/p>\n<p data-gtm-element-container=\"modulo-texto-link\" class=\"paragraph\">La autodenominada \u00ab<strong>madre<\/strong>\u00bb de esta temporada 5, tiene como referente \u00abel arte espa\u00f1ol y las grandes folcl\u00f3ricas: Lola Flores, Roc\u00edo Jurado o Lina Morgan\u00bb y se lleva la victoria tras haber conquistado al p\u00fablico y al jurado en esta temporada.<strong> Ana Locking, Javier Calvo y Javier Ambrossi,<\/strong> junto a la presentadora <strong>Supremme de Luxe,<\/strong> tuvieron la \u00faltima palabra a la hora de decidir la identidad de la ganadora de &#8216;Drag Race Espa\u00f1a 5&#8217;.<\/p>\n","protected":false},"excerpt":{"rendered":"La quinta edici\u00f3n de &#8216;Drag Race Espa\u00f1a&#8216; en atresplayer ya tiene ganadora: Sat\u00edn Greco. Tras diez semanas de&hellip;\n","protected":false},"author":2,"featured_media":278195,"comment_status":"","ping_status":"","sticky":false,"template":"","format":"standard","meta":{"footnotes":""},"categories":[171],"tags":[146,147,25,24,23,214],"class_list":{"0":"post-278194","1":"post","2":"type-post","3":"status-publish","4":"format-standard","5":"has-post-thumbnail","7":"category-tv","8":"tag-entertainment","9":"tag-entretenimiento","10":"tag-es","11":"tag-espana","12":"tag-spain","13":"tag-tv"},"share_on_mastodon":{"url":"https:\/\/pubeurope.com\/@es\/115685756030082879","error":""},"_links":{"self":[{"href":"https:\/\/www.europesays.com\/es\/wp-json\/wp\/v2\/posts\/278194","targetHints":{"allow":["GET"]}}],"collection":[{"href":"https:\/\/www.europesays.com\/es\/wp-json\/wp\/v2\/posts"}],"about":[{"href":"https:\/\/www.europesays.com\/es\/wp-json\/wp\/v2\/types\/post"}],"author":[{"embeddable":true,"href":"https:\/\/www.europesays.com\/es\/wp-json\/wp\/v2\/users\/2"}],"replies":[{"embeddable":true,"href":"https:\/\/www.europesays.com\/es\/wp-json\/wp\/v2\/comments?post=278194"}],"version-history":[{"count":0,"href":"https:\/\/www.europesays.com\/es\/wp-json\/wp\/v2\/posts\/278194\/revisions"}],"wp:featuredmedia":[{"embeddable":true,"href":"https:\/\/www.europesays.com\/es\/wp-json\/wp\/v2\/media\/278195"}],"wp:attachment":[{"href":"https:\/\/www.europesays.com\/es\/wp-json\/wp\/v2\/media?parent=278194"}],"wp:term":[{"taxonomy":"category","embeddable":true,"href":"https:\/\/www.europesays.com\/es\/wp-json\/wp\/v2\/categories?post=278194"},{"taxonomy":"post_tag","embeddable":true,"href":"https:\/\/www.europesays.com\/es\/wp-json\/wp\/v2\/tags?post=278194"}],"curies":[{"name":"wp","href":"https:\/\/api.w.org\/{rel}","templated":true}]}}