{"id":278198,"date":"2025-12-08T20:10:12","date_gmt":"2025-12-08T20:10:12","guid":{"rendered":"https:\/\/www.europesays.com\/es\/278198\/"},"modified":"2025-12-08T20:10:12","modified_gmt":"2025-12-08T20:10:12","slug":"florentino-perez-ya-tiene-a-zidane-en-la-cabeza","status":"publish","type":"post","link":"https:\/\/www.europesays.com\/es\/278198\/","title":{"rendered":"Florentino P\u00e9rez ya tiene a Zidane en la cabeza"},"content":{"rendered":"<p style=\"\">Hace tres semanas, un inesperado encuentro levant\u00f3 el runr\u00fan en el madridismo. Zinedine Zidane, habitual aficionado en los partidos del equipo blanco, tambi\u00e9n se dej\u00f3 ver en el encuentro de la <a href=\"https:\/\/www.abc.es\/deportes\/epica-victoria-dolphins-bernabeu-topes-nfl-madrid-20251116184453-nt.html\" target=\"_blank\" data-voc-vtm-id=\"in-text-traffic\" title=\"NFL entre los Dolphins y los Commanders\" data-mrf-link=\"www.abc.es\" rel=\"nofollow noopener\">NFL entre los Dolphins y los Commanders<\/a>. En la previa, apareci\u00f3 por el  &#8230; c\u00e9sped para darse un ba\u00f1o de masas mientras ejerc\u00eda de invitado VIP. Y justo en ese momento, casualmente, o no, se encontr\u00f3 con Florentino P\u00e9rez, que andaba ejerciendo de cicerone junto a los responsables de la NFL, Ayuso y Almeida.<\/p>\n<p class=\"voc-p\" style=\"\">Hubo abrazos, confidencias, cari\u00f1o rec\u00edproco y risas. Un cara a cara p\u00fablico que enterr\u00f3, si es que no estaba ya, cualquier rumor de distanciamiento entre Zidane y Florentino. No hay que olvidar que la segunda etapa del franc\u00e9s en el banquillo del Real Madrid acab\u00f3 con <a href=\"https:\/\/www.abc.es\/deportes\/real-madrid\/abci-zidane-explica-adios-porque-club-no-confianza-necesito-202105310817_noticia.html\" target=\"_blank\" data-voc-vtm-id=\"in-text-traffic\" title=\"una dura carta de Zizou\" data-mrf-link=\"www.abc.es\" rel=\"nofollow noopener\">una dura carta de Zizou<\/a> en la que valoraba las dos veces que el presidente hab\u00eda confiado en \u00e9l, pero tambi\u00e9n le se\u00f1alaba con el dedo: \u00abMe voy porque siento que el club ya no me da la confianza que necesito, no me ofrece el apoyo para construir algo a medio o largo plazo. Soy un ganador nato y estaba aqu\u00ed para conquistar trofeos, pero m\u00e1s all\u00e1 de esto est\u00e1n los seres humanos, las emociones, la vida y tengo la sensaci\u00f3n de que estas cosas no han sido valoradas, de que no se ha entendido que as\u00ed tambi\u00e9n se mantiene la din\u00e1mica de un gran club. Incluso, de cierta forma, se me ha reprochado\u00bb.<\/p>\n<p class=\"voc-p\" style=\"\">Aquella misiva, publicada en el diario &#8216;As&#8217;, resquebraj\u00f3 una relaci\u00f3n casi paternal entre ambos. Si Florentino es hoy quien es, es en gran parte gracias a figuras como Zidane. Y el franc\u00e9s tambi\u00e9n tiene mucho que agradecer al mandatario blanco, pero en ese mes de mayo de 2021 se inici\u00f3 un distanciamiento que con el paso del tiempo fue quedando en el olvido. Tanto que hoy es Zidane el candidato n\u00famero uno para <a href=\"https:\/\/www.abc.es\/deportes\/real-madrid\/calma-tensa-xabi-club-exige-reaccion-ugente-20251201124657-nt.html\" target=\"_blank\" data-voc-vtm-id=\"in-text-traffic\" title=\"sustituir a Xabi si el mi\u00e9rcoles el Madrid no le gana al City\" data-mrf-link=\"www.abc.es\" rel=\"nofollow noopener\">sustituir a Xabi si el mi\u00e9rcoles el Madrid no le gana al City<\/a>. Muy complicado que Florentino, que ya se march\u00f3 el domingo muy enfadado, no ponga el pulgar hacia abajo si los ingleses vencen en el Bernab\u00e9u.<\/p>\n<p class=\"voc-p\" style=\"\">As\u00ed que Zidane es el plan A del presidente, que levanta la cabeza y tampoco ve un mercado jugoso para sustituir al tolosarra. Hay lo que hay, y entre esa poca oferta, <a href=\"https:\/\/www.abc.es\/deportes\/futbol\/luciano-moggi-florentino-saque-doble-zidane-20251020211533-nt.html\" target=\"_blank\" data-voc-vtm-id=\"in-text-traffic\" title=\"Zidane es el que m\u00e1s confianza genera a Florentino\" data-mrf-link=\"www.abc.es\" rel=\"nofollow noopener\">Zidane es el que m\u00e1s confianza genera a Florentino<\/a>. Otra cosa ser\u00e1 convencerlo porque el franc\u00e9s tiene un compromiso con la selecci\u00f3n gala a partir de septiembre. Deschamps dejar\u00e1 el banquillo de los &#8216;bleus&#8217; una vez termine el Mundial 2026 y tras a\u00f1os de espera, por fin Zidane va a poder cumplir uno de sus sue\u00f1os: dirigir a Francia, con quien se proclam\u00f3 campeona del mundo en 1998. \u00bfRenunciar\u00eda Zidane a este viejo y esperado anhelo por sentarse una tercera vez en el banquillo del Bernab\u00e9u? Nadie lo sabe.<\/p>\n<p class=\"voc-p\" style=\"\">Tambi\u00e9n pudiera suceder que Zidane aceptase sustituir a Alonso solo hasta final de temporada, pero tiene un riesgo importante. Le puede salir cara, como en su primera etapa, donde en cinco meses logr\u00f3 hacer campe\u00f3n de Champions al Madrid. O tambi\u00e9n se la puede pegar y llegar al banquillo de Francia con una mancha innecesaria.<\/p>\n<p class=\"voc-pretitle\">Dicotom\u00eda<\/p>\n<p class=\"voc-title\">Arbeloa, adem\u00e1s de inexperiencia, es \u00edntimo de Xabi, pero en el club se le tiene mucha fe <\/p>\n<p class=\"voc-p\" style=\"\">En el caso de que, despedido Alonso, Zidane no aceptase la propuesta de Florentino, hay otros dos nombres encima de la mesa. El tapado es Arbeloa, actual entrenador del Castilla y amigo personal de Xabi. Curiosa dicotom\u00eda. Qui\u00e9n le iba a decir al canterano que solo seis meses despu\u00e9s de reemplazar a Ra\u00fal como jefe del filial, quiz\u00e1s le toque saltar al primer equipo para ocupar el hueco de un &#8216;bro&#8217;. Ser\u00eda una apuesta arriesgada e inexperta, pero igual que con <a href=\"https:\/\/www.abc.es\/deportes\/real-madrid\/raul-real-madrid-convencido-volvera-dia-20250527124212-nt.html#:~:text=%C2%ABEn%20el%20d%C3%ADa%20de%20hoy,como%20profesional%20y%20como%20persona.\" target=\"_blank\" data-voc-vtm-id=\"in-text-traffic\" title=\"Ra\u00fal nunca se pens\u00f3 en \u00e9l cuando hab\u00eda peligro de despido\" data-mrf-link=\"www.abc.es\" rel=\"nofollow noopener\">Ra\u00fal nunca se pens\u00f3 en \u00e9l cuando hab\u00eda peligro de despido<\/a> en Ancelotti, en Arbeloa se tiene m\u00e1s fe. <\/p>\n<p class=\"voc-p\" style=\"\">Fe que apenas hay en el el plan C. A Florentino hace muchos a\u00f1os que le pirra Klopp, pero eso no quiere decir que lo vaya a fichar. Ni siquiera ahora, que anda medio retirado con un cargo de <a href=\"https:\/\/www.abc.es\/deportes\/futbol\/fichaje-klopp-red-bull-acaba-imagen-the-20241010120929-nt.html\" target=\"_blank\" data-voc-vtm-id=\"in-text-traffic\" title=\"director deportivo en el departamento de f\u00fatbol de Red Bull\" data-mrf-link=\"www.abc.es\" rel=\"nofollow noopener\">director deportivo en el departamento de f\u00fatbol de Red Bull<\/a>. Jurgen es un perfil de entrenador que no casa con la manera que tiene P\u00e9rez de llevar el Madrid. Un club presidencialista no est\u00e1 hecho para el alem\u00e1n, y salvo que alguno de los dos ceda en su modo de pensar, es una operaci\u00f3n inviable.<\/p>\n","protected":false},"excerpt":{"rendered":"Hace tres semanas, un inesperado encuentro levant\u00f3 el runr\u00fan en el madridismo. Zinedine Zidane, habitual aficionado en los&hellip;\n","protected":false},"author":2,"featured_media":278199,"comment_status":"","ping_status":"","sticky":false,"template":"","format":"standard","meta":{"footnotes":""},"categories":[93],"tags":[61414,168,25,24,13335,38724,2568,67659,23,167,28527,41134],"class_list":{"0":"post-278198","1":"post","2":"type-post","3":"status-publish","4":"format-standard","5":"has-post-thumbnail","7":"category-deportes","8":"tag-arbeloa","9":"tag-deportes","10":"tag-es","11":"tag-espana","12":"tag-florentino","13":"tag-klopp","14":"tag-plan","15":"tag-quimera","16":"tag-spain","17":"tag-sports","18":"tag-tapado","19":"tag-zidane"},"share_on_mastodon":{"url":"https:\/\/pubeurope.com\/@es\/115685767766731571","error":""},"_links":{"self":[{"href":"https:\/\/www.europesays.com\/es\/wp-json\/wp\/v2\/posts\/278198","targetHints":{"allow":["GET"]}}],"collection":[{"href":"https:\/\/www.europesays.com\/es\/wp-json\/wp\/v2\/posts"}],"about":[{"href":"https:\/\/www.europesays.com\/es\/wp-json\/wp\/v2\/types\/post"}],"author":[{"embeddable":true,"href":"https:\/\/www.europesays.com\/es\/wp-json\/wp\/v2\/users\/2"}],"replies":[{"embeddable":true,"href":"https:\/\/www.europesays.com\/es\/wp-json\/wp\/v2\/comments?post=278198"}],"version-history":[{"count":0,"href":"https:\/\/www.europesays.com\/es\/wp-json\/wp\/v2\/posts\/278198\/revisions"}],"wp:featuredmedia":[{"embeddable":true,"href":"https:\/\/www.europesays.com\/es\/wp-json\/wp\/v2\/media\/278199"}],"wp:attachment":[{"href":"https:\/\/www.europesays.com\/es\/wp-json\/wp\/v2\/media?parent=278198"}],"wp:term":[{"taxonomy":"category","embeddable":true,"href":"https:\/\/www.europesays.com\/es\/wp-json\/wp\/v2\/categories?post=278198"},{"taxonomy":"post_tag","embeddable":true,"href":"https:\/\/www.europesays.com\/es\/wp-json\/wp\/v2\/tags?post=278198"}],"curies":[{"name":"wp","href":"https:\/\/api.w.org\/{rel}","templated":true}]}}