{"id":278202,"date":"2025-12-08T20:12:10","date_gmt":"2025-12-08T20:12:10","guid":{"rendered":"https:\/\/www.europesays.com\/es\/278202\/"},"modified":"2025-12-08T20:12:10","modified_gmt":"2025-12-08T20:12:10","slug":"de-momento-todo-va-bien","status":"publish","type":"post","link":"https:\/\/www.europesays.com\/es\/278202\/","title":{"rendered":"\u00abDe momento todo va bien\u00bb"},"content":{"rendered":"<p style=\"\">Cinco meses despu\u00e9s <a href=\"https:\/\/www.abc.es\/espana\/borja-semper-anuncia-padece-cancer-20250714133041-nt.html\" data-voc-vtm-id=\"in-text-traffic\" title=\"de anunciar que padec\u00eda c\u00e1ncer\" data-mrf-link=\"www.abc.es\" rel=\"nofollow noopener\" target=\"_blank\">de anunciar que padec\u00eda c\u00e1ncer<\/a> y que probablemente iba a permanecer alejado de la primera l\u00ednea durante un tiempo, el portavoz del PP Borja S\u00e9mper <strong>ha publicado un mensaje en redes sociales<\/strong> sobre su estado de salud. \u00abDe momento todo  &#8230; va bien\u00bb, ha lanzado junto a una fotograf\u00eda <strong>en la que aparece con el pelo m\u00e1s corto y barba<\/strong>.<\/p>\n<p class=\"voc-p\" style=\"\">En el texto, S\u00e9mper ha explicado que lleva m\u00e1s de cuatro meses de tratamiento y <strong>cuatro semanas sin quimioterapia<\/strong>. \u00abEmpieza a salir pelo y poco a poco recupero \u00e1nimo y fuerzas para afrontar lo que queda por delante\u00bb, ha a\u00f1adido.<\/p>\n<p class=\"voc-p\" style=\"\">El dirigente del PP ha terminado <strong>agradeciendo<\/strong> \u00abtanto afecto y \u00e1nimos\u00bb recibidos durante este tiempo. <\/p>\n<p class=\"voc-p\" style=\"\">Fue el pasado 14 de julio, al terminar su rueda de prensa semanal, cuando S\u00e9mper, de 49 a\u00f1os, ped\u00eda a los periodistas, a\u00fan presentes en la sala, <strong>un minuto de atenci\u00f3n<\/strong>. \u00abHace unos d\u00edas, en el contexto de un chequeo m\u00e9dico rutinario me detectaron un tumor cancer\u00edgeno que me va a llevar a someterme a un tratamiento exigente, que va a hacer que mi f\u00edsico cambie y que mi presencia p\u00fablica se ver\u00e1 alterada\u00bb, <strong>expres\u00f3 visiblemente emocionado ante la sorpresa <\/strong>de los all\u00ed presentes.<\/p>\n<p class=\"voc-p\" style=\"\">\u00abConf\u00edo en que no demasiado tiempo podamos celebrar una recuperaci\u00f3n, mi curaci\u00f3n, entre otras cosas, porque la alternativa no me gusta nada\u00bb, expres\u00f3 entonces. Posteriormente, a\u00f1adi\u00f3 que el tumor hab\u00eda sido detectado \u00aben una fase muy primigenia y la expectativa m\u00e9dica es de curaci\u00f3n\u00bb. <\/p>\n<p class=\"voc-p\" style=\"\">Adem\u00e1s del cargo de portavoz del partido, el dirigente vasco ejerce como vicesecretario de Cultura y Deportes.<\/p>\n","protected":false},"excerpt":{"rendered":"Cinco meses despu\u00e9s de anunciar que padec\u00eda c\u00e1ncer y que probablemente iba a permanecer alejado de la primera&hellip;\n","protected":false},"author":2,"featured_media":278203,"comment_status":"","ping_status":"","sticky":false,"template":"","format":"standard","meta":{"footnotes":""},"categories":[91],"tags":[14649,7533,1066,5810,67660,146,147,25,24,6633,1140,2812,6495,40146,23,575],"class_list":{"0":"post-278202","1":"post","2":"type-post","3":"status-publish","4":"format-standard","5":"has-post-thumbnail","7":"category-entretenimiento","8":"tag-bien","9":"tag-borja","10":"tag-cancer","11":"tag-cinco","12":"tag-diagnosticado","13":"tag-entertainment","14":"tag-entretenimiento","15":"tag-es","16":"tag-espana","17":"tag-haber","18":"tag-meses","19":"tag-momento","20":"tag-reaparece","21":"tag-semper","22":"tag-spain","23":"tag-tras"},"share_on_mastodon":{"url":"https:\/\/pubeurope.com\/@es\/115685775532435201","error":""},"_links":{"self":[{"href":"https:\/\/www.europesays.com\/es\/wp-json\/wp\/v2\/posts\/278202","targetHints":{"allow":["GET"]}}],"collection":[{"href":"https:\/\/www.europesays.com\/es\/wp-json\/wp\/v2\/posts"}],"about":[{"href":"https:\/\/www.europesays.com\/es\/wp-json\/wp\/v2\/types\/post"}],"author":[{"embeddable":true,"href":"https:\/\/www.europesays.com\/es\/wp-json\/wp\/v2\/users\/2"}],"replies":[{"embeddable":true,"href":"https:\/\/www.europesays.com\/es\/wp-json\/wp\/v2\/comments?post=278202"}],"version-history":[{"count":0,"href":"https:\/\/www.europesays.com\/es\/wp-json\/wp\/v2\/posts\/278202\/revisions"}],"wp:featuredmedia":[{"embeddable":true,"href":"https:\/\/www.europesays.com\/es\/wp-json\/wp\/v2\/media\/278203"}],"wp:attachment":[{"href":"https:\/\/www.europesays.com\/es\/wp-json\/wp\/v2\/media?parent=278202"}],"wp:term":[{"taxonomy":"category","embeddable":true,"href":"https:\/\/www.europesays.com\/es\/wp-json\/wp\/v2\/categories?post=278202"},{"taxonomy":"post_tag","embeddable":true,"href":"https:\/\/www.europesays.com\/es\/wp-json\/wp\/v2\/tags?post=278202"}],"curies":[{"name":"wp","href":"https:\/\/api.w.org\/{rel}","templated":true}]}}