{"id":278214,"date":"2025-12-08T20:21:18","date_gmt":"2025-12-08T20:21:18","guid":{"rendered":"https:\/\/www.europesays.com\/es\/278214\/"},"modified":"2025-12-08T20:21:18","modified_gmt":"2025-12-08T20:21:18","slug":"federacion-chilena-de-golf-noticias-10","status":"publish","type":"post","link":"https:\/\/www.europesays.com\/es\/278214\/","title":{"rendered":"Federaci\u00f3n Chilena de Golf &#8211; Noticias"},"content":{"rendered":"<p>En un domingo lleno de emociones, Vicente Encina escribi\u00f3 una de las p\u00e1ginas m\u00e1s memorables de su carrera al consumar una remontada magistral que le otorg\u00f3 el t\u00edtulo del 56\u00ba Abierto Club de Golf Papudo 2025, cerrando con broche de oro una semana de alto nivel competitivo en la costa nacional, sumando su primer lauro como jugador profesional.<\/p>\n<p>Apoyado en una espectacular tarjeta de 64 golpes (-4) en la ronda final, el profesional escal\u00f3 hasta la cima del leaderboard para coronarse campe\u00f3n con un acumulado de -13, logrando una ventaja de dos golpes sobre Gustavo Silva, quien finaliz\u00f3 segundo con -11.<\/p>\n<p style=\"text-align: center;\"><img loading=\"lazy\" decoding=\"async\" src=\"https:\/\/www.europesays.com\/es\/wp-content\/uploads\/2025\/12\/3O7A4831.jpg\" alt=\"\" width=\"600\" height=\"400\"\/><\/p>\n<p>La gesta de Encina estuvo marcada por un arranque dubitativo con bogeys en los hoyos 3 y 4, que r\u00e1pidamente se transform\u00f3 en una contundente exhibici\u00f3n al anotar seis birdies consecutivos entre las banderas 6 y 11. Aunque cedi\u00f3 un golpe en el 17, sell\u00f3 su actuaci\u00f3n con un birdie en el 18, cerrando una jornada memorable que le permiti\u00f3 alzar el trofeo.<\/p>\n<p>En la categor\u00eda de Varones Aficionados, Joaqu\u00edn Sandoval se impuso con notable regularidad tras presentar tarjetas de 67, 68 y 68 golpes, culminando con un acumulado de -1 que le otorg\u00f3 el t\u00edtulo con una ventaja de dos golpes sobre Diego Vargas, quien concluy\u00f3 segundo con +2 tras un torneo tambi\u00e9n muy s\u00f3lido.<\/p>\n<p>Por el lado femenino, Manuela Aceves supo gestionar con inteligencia la exigencia del recorrido en la jornada decisiva. Con una \u00faltima ronda de 72 golpes (+4), asegur\u00f3 el campeonato en Damas con un acumulado de +14, finalizando cinco golpes por delante de Constanza Maldonado.<\/p>\n<p style=\"text-align: center;\"><img loading=\"lazy\" decoding=\"async\" src=\"https:\/\/www.europesays.com\/es\/wp-content\/uploads\/2025\/12\/O7A4840.jpg\" alt=\"\" width=\"600\" height=\"400\"\/><\/p>\n<p>El palmar\u00e9s del cl\u00e1sico costero se complet\u00f3 con los triunfos etarios de Diego Vargas (Varones Pre Juveniles), Sebasti\u00e1n Mart\u00ednez (Varones Juveniles), Joaqu\u00edn Sandoval (Varones Adultos), Nicol\u00e1s Castillo (Varones Mid Amateur), Mart\u00edn Figueroa (Varones Pre Senior) y Manuela Aceves (Damas Juveniles).<\/p>\n<p>De esta manera concluy\u00f3 con \u00e9xito una nueva edici\u00f3n del Abierto de Papudo, torneo que reafirma su tradici\u00f3n en el calendario nacional y que convirti\u00f3 a la localidad costera en el epicentro del golf chileno.<\/p>\n<p><a href=\"https:\/\/abiertopapudo.cl\/2025\/resultados\" target=\"_blank\" rel=\"noopener nofollow\"><strong>RESULTADOS<\/strong><\/a><\/p>\n<p>\n\t\t\t\t\t\t\t\t\t\t\t\t\t\t\t\t\t\tPublicado el<br \/>\n\t\t\t\t\t\t\t\t\t\t\t\t\t\t\t\t\t\t<b><br \/>\n\t\t\t\t\t\t\t\t\t\t\t\t\t\t\t\t\t\t07 de diciembre, 2025\t\t\t\t\t\t\t\t\t<\/b>\n\t\t\t\t\t\t\t\t<\/p>\n","protected":false},"excerpt":{"rendered":"En un domingo lleno de emociones, Vicente Encina escribi\u00f3 una de las p\u00e1ginas m\u00e1s memorables de su carrera&hellip;\n","protected":false},"author":2,"featured_media":278215,"comment_status":"","ping_status":"","sticky":false,"template":"","format":"standard","meta":{"footnotes":""},"categories":[275],"tags":[2047,28552,28549,168,25,24,28550,28551,329,19127,20793,23,167],"class_list":{"0":"post-278214","1":"post","2":"type-post","3":"status-publish","4":"format-standard","5":"has-post-thumbnail","7":"category-golf","8":"tag-chile","9":"tag-chile-golf","10":"tag-chilegolf","11":"tag-deportes","12":"tag-es","13":"tag-espana","14":"tag-fcg","15":"tag-federacion-chilena-de-golf","16":"tag-golf","17":"tag-handicap","18":"tag-indice","19":"tag-spain","20":"tag-sports"},"share_on_mastodon":{"url":"https:\/\/pubeurope.com\/@es\/115685811246029047","error":""},"_links":{"self":[{"href":"https:\/\/www.europesays.com\/es\/wp-json\/wp\/v2\/posts\/278214","targetHints":{"allow":["GET"]}}],"collection":[{"href":"https:\/\/www.europesays.com\/es\/wp-json\/wp\/v2\/posts"}],"about":[{"href":"https:\/\/www.europesays.com\/es\/wp-json\/wp\/v2\/types\/post"}],"author":[{"embeddable":true,"href":"https:\/\/www.europesays.com\/es\/wp-json\/wp\/v2\/users\/2"}],"replies":[{"embeddable":true,"href":"https:\/\/www.europesays.com\/es\/wp-json\/wp\/v2\/comments?post=278214"}],"version-history":[{"count":0,"href":"https:\/\/www.europesays.com\/es\/wp-json\/wp\/v2\/posts\/278214\/revisions"}],"wp:featuredmedia":[{"embeddable":true,"href":"https:\/\/www.europesays.com\/es\/wp-json\/wp\/v2\/media\/278215"}],"wp:attachment":[{"href":"https:\/\/www.europesays.com\/es\/wp-json\/wp\/v2\/media?parent=278214"}],"wp:term":[{"taxonomy":"category","embeddable":true,"href":"https:\/\/www.europesays.com\/es\/wp-json\/wp\/v2\/categories?post=278214"},{"taxonomy":"post_tag","embeddable":true,"href":"https:\/\/www.europesays.com\/es\/wp-json\/wp\/v2\/tags?post=278214"}],"curies":[{"name":"wp","href":"https:\/\/api.w.org\/{rel}","templated":true}]}}