{"id":278216,"date":"2025-12-08T20:22:19","date_gmt":"2025-12-08T20:22:19","guid":{"rendered":"https:\/\/www.europesays.com\/es\/278216\/"},"modified":"2025-12-08T20:22:19","modified_gmt":"2025-12-08T20:22:19","slug":"sergi-bruguera-eligio-al-mejor-tenista-de-la-historia-entre-djokovic-federer-y-nadal-fue-increible","status":"publish","type":"post","link":"https:\/\/www.europesays.com\/es\/278216\/","title":{"rendered":"Sergi Bruguera eligi\u00f3 al mejor tenista de la historia entre Djokovic, Federer y Nadal: \u00abFue incre\u00edble\u00bb"},"content":{"rendered":"<p data-testid=\"paragraph\" class=\"mb-[20px] md:mb-[30px] break-word\">El <a href=\"https:\/\/bolavip.com\/ar\/tenis\" target=\"_blank\" rel=\"noreferrer noopener nofollow\" class=\"break-word font-articleLinkText text-articleLinkText hover:text-articleLinkTextHover hover:bg-articleLinkTextHoverBg cursor-pointer border-solid border-b-articleLinkTextHover\">tenis<\/a> espa\u00f1ol siempre tuvo enormes representantes a nivel ATP. Los pioneros fueron <a href=\"https:\/\/bolavip.com\/ar\/tenis\/fue-campeon-de-roland-garros-perdio-todo-por-la-crisis-y-recibio-la-ayuda-de-rafael-nadal-yo-por-el-hago-lo-que-sea\" target=\"_blank\" rel=\"noreferrer noopener nofollow\" class=\"break-word font-articleLinkText text-articleLinkText hover:text-articleLinkTextHover hover:bg-articleLinkTextHoverBg cursor-pointer border-solid border-b-articleLinkTextHover\">Andr\u00e9s Gimeno<\/a>, Manuel Santana y <a href=\"https:\/\/bolavip.com\/ar\/tenis\/gano-el-us-open-es-el-segundo-espanol-mas-ganador-detras-de-rafael-nadal-y-se-peleo-con-guillermo-vilas-se-le-subio-la-fama-a-la-cabeza\" target=\"_blank\" rel=\"noreferrer noopener nofollow\" class=\"break-word font-articleLinkText text-articleLinkText hover:text-articleLinkTextHover hover:bg-articleLinkTextHoverBg cursor-pointer border-solid border-b-articleLinkTextHover\">Manuel Orantes<\/a>, m\u00e1s adelante en el tiempo aparecieron <strong>Sergi Bruguera<\/strong>, Alberto Berasategui y Emilio S\u00e1nchez Vicario. La camada siguiente los tuvo a Alex Corretja, Carlos Moy\u00e1 y Juan Carlos Ferrero entre los m\u00e1s destacados. A mediados de los 2000 emergi\u00f3 la figura de <a href=\"https:\/\/bolavip.com\/ar\/tema\/rafael-nadal\" target=\"_blank\" rel=\"noreferrer noopener nofollow\" class=\"break-word font-articleLinkText text-articleLinkText hover:text-articleLinkTextHover hover:bg-articleLinkTextHoverBg cursor-pointer border-solid border-b-articleLinkTextHover\">Rafael Nadal<\/a> y eclips\u00f3 a todos.<\/p>\n<p data-testid=\"paragraph\" class=\"mb-[20px] md:mb-[30px] break-word\"><strong>Sergi Bruguera naci\u00f3 en Barcelona en 1971 y en 1988 ya era tenista profesional, especialista en canchas de polvo de ladrillo.<\/strong> Gan\u00f3 Roland Garros en dos oportunidades, tambi\u00e9n fue medallista ol\u00edmpico y una vez que dej\u00f3 la actividad profesional sigui\u00f3 ligado al mundo del tenis, tanto en su rol de entrenador como tambi\u00e9n de capit\u00e1n del equipo espa\u00f1ol de Copa Davis.<\/p>\n<p>Bruguera eligi\u00f3 al mejor tenista de la historia<\/p>\n<p data-testid=\"paragraph\" class=\"mb-[20px] md:mb-[30px] break-word\">En 2013, Sergi Bruguera dialog\u00f3 con Eurosport y destac\u00f3 a Rafael Nadal como el mejor tenista de la historia: \u201c<strong>Nadal es el mejor de todos por lo ha ganado todo en el tenis: Grand Slams, medalla ol\u00edmpica, Copa Davis. <\/strong>Por eso creo que es el mejor\u201d. Adem\u00e1s, agreg\u00f3: \u201c<strong>Fue incre\u00edble lo que hizo tras su lesi\u00f3n. C\u00f3mo fue capaz de superarla para volver a ser n\u00famero uno del mundo<\/strong>\u201c.<\/p>\n<p data-testid=\"paragraph\" class=\"mb-[20px] md:mb-[30px] break-word\">\u201cPara ser el n\u00famero uno del mundo hay que hacerlo casi todo bien.\u00a0<strong>Rafa ha mejorado mucho. A ese nivel tienes que atacar. Ser m\u00e1s agresivo. \u00c9l ha sabido cambiar su tenis porque tiene una gran capacidad para aprender<\/strong>\u201c, complet\u00f3 el bicampe\u00f3n de Roland Garros.<\/p>\n<p><img decoding=\"async\" src=\"https:\/\/www.europesays.com\/es\/wp-content\/uploads\/2025\/12\/BAR_20251208_BAR_595635_Nadal-y-Bruguera-02_8635a9c4.webp&#038;width=1818&#038;height=2476.webp\" width=\"1818\" height=\"2476\" alt=\"Nadal y Bruguera tras ganar la Copa Davis 2019 en la que Sergi era capit\u00e1n del equipo espa\u00f1ol. (Foto: Getty).\" class=\"h-auto\" loading=\"lazy\"\/><\/p>\n<p class=\"text-center mt-5 text-[14px] leading-[20px] font-normal\">Nadal y Bruguera tras ganar la Copa Davis 2019 en la que Sergi era capit\u00e1n del equipo espa\u00f1ol. (Foto: Getty).<\/p>\n<p>La enorme carrera de Sergi Bruguera<a title=\"Mart\u00edn Jaite liquid\u00f3 a un ex n\u00famero 1 del mundo del tenis: \u201cInsignificante\u201d\" href=\"https:\/\/bolavip.com\/ar\/tenis\/martin-jaite-liquido-a-un-ex-numero-1-del-mundo-del-tenis-insignificante\" target=\"_self\" rel=\"nofollow noopener\" class=\"article-also-read-embed\"><img decoding=\"async\" class=\"aspect-square max-w-[100px] m-[10px] md:m-0\" src=\"https:\/\/www.europesays.com\/es\/wp-content\/uploads\/2025\/12\/1765225338_54_image\" alt=\"Mart\u00edn Jaite liquid\u00f3 a un ex n\u00famero 1 del mundo del tenis: \u201cInsignificante\u201d\" width=\"200\" height=\"200\" loading=\"lazy\"\/><\/p>\n<p class=\"font-secondary my-[13px] uppercase text-alsoReadSeeAlso bg-alsoReadSeeAlsoBackground alsoReadSeeAlso w-fit\">ver tambi\u00e9n<\/p>\n<p class=\"w-full line-clamp-3 md:line-clamp-2 text-alsoReadEmbedTitle font-primary alsoReadLink\">Mart\u00edn Jaite liquid\u00f3 a un ex n\u00famero 1 del mundo del tenis: \u201cInsignificante\u201d<\/p>\n<p><\/a><\/p>\n<p data-testid=\"paragraph\" class=\"mb-[20px] md:mb-[30px] break-word\">Bruguera se inici\u00f3 en el profesionalismo en 1988 y para 1991 consigui\u00f3 su primer t\u00edtulo a nivel ATP. <strong>Su primer gran logr\u00f3 fue en Roland Garros cuando grit\u00f3 campe\u00f3n tras superar en la final a Jim Courier en cinco sets. Al a\u00f1o siguiente repiti\u00f3 en Par\u00eds<\/strong>, pero en esta oportunidad le gan\u00f3 la final a Alberto Berasategui, su compatriota.<\/p>\n<p data-testid=\"paragraph\" class=\"mb-[20px] md:mb-[30px] break-word\"><strong>En total, Sergi Bruguera gan\u00f3 14 t\u00edtulos a nivel ATP, de los cuales trece de ellos fueron en polvo de ladrillo y el restante en cancha dura.<\/strong> En lo que respecta al ranking, su mejor posici\u00f3n la alcanz\u00f3 en 1994 cuando lleg\u00f3 a ser el n\u00famero 3 del mundo. Para 1996 consigui\u00f3 darle una medalla ol\u00edmpica a Espa\u00f1a en los Juegos Ol\u00edmpico de Atlanta, en aquella oportunidad se qued\u00f3 con la de Plata tras caer en la final ante Andre Agassi.<\/p>\n<p><img decoding=\"async\" src=\"https:\/\/www.europesays.com\/es\/wp-content\/uploads\/2025\/12\/BAR_20251208_BAR_595635_Bruguera-Agassi-y-Paes_711d08cc.webp&#038;width=2469&#038;height=3631.webp\" width=\"2469\" height=\"3631\" alt=\"Bruguera, Agassi y Paes, el podio del tenis individual masculino en los Juegos Ol\u00edmpicos de Atlanta 1996. (Foto: Getty).\" class=\"h-auto\" loading=\"lazy\"\/><\/p>\n<p class=\"text-center mt-5 text-[14px] leading-[20px] font-normal\">Bruguera, Agassi y Paes, el podio del tenis individual masculino en los Juegos Ol\u00edmpicos de Atlanta 1996. (Foto: Getty).<\/p>\n<p>DATOS CLAVE<\/p>\n<ul class=\"list-disc ps-10 mb-[20px] md:mb-[30px]\">\n<li class=\"break-word\"><strong>Sergi Bruguera<\/strong> naci\u00f3 en <strong>Barcelona<\/strong> en <strong>1971<\/strong> y fue tenista profesional desde <strong>1988<\/strong>.<\/li>\n<li class=\"break-word\"><strong>Bruguera<\/strong> gan\u00f3 <strong>Roland Garros<\/strong> en <strong>dos oportunidades<\/strong> y fue <strong>medallista ol\u00edmpico<\/strong>.<\/li>\n<li class=\"break-word\">El extenista <strong>Sergi Bruguera<\/strong> declar\u00f3 a <strong>Eurosport<\/strong> en <strong>2013<\/strong> que <strong>Rafael Nadal<\/strong> es el mejor de la historia.<\/li>\n<\/ul>\n","protected":false},"excerpt":{"rendered":"El tenis espa\u00f1ol siempre tuvo enormes representantes a nivel ATP. Los pioneros fueron Andr\u00e9s Gimeno, Manuel Santana y&hellip;\n","protected":false},"author":2,"featured_media":278217,"comment_status":"","ping_status":"","sticky":false,"template":"","format":"standard","meta":{"footnotes":""},"categories":[274],"tags":[168,25,24,3439,20585,23,167,327,326],"class_list":{"0":"post-278216","1":"post","2":"type-post","3":"status-publish","4":"format-standard","5":"has-post-thumbnail","7":"category-tenis","8":"tag-deportes","9":"tag-es","10":"tag-espana","11":"tag-rafael-nadal","12":"tag-roland-garros","13":"tag-spain","14":"tag-sports","15":"tag-tenis","16":"tag-tennis"},"share_on_mastodon":{"url":"https:\/\/pubeurope.com\/@es\/115685815216231374","error":""},"_links":{"self":[{"href":"https:\/\/www.europesays.com\/es\/wp-json\/wp\/v2\/posts\/278216","targetHints":{"allow":["GET"]}}],"collection":[{"href":"https:\/\/www.europesays.com\/es\/wp-json\/wp\/v2\/posts"}],"about":[{"href":"https:\/\/www.europesays.com\/es\/wp-json\/wp\/v2\/types\/post"}],"author":[{"embeddable":true,"href":"https:\/\/www.europesays.com\/es\/wp-json\/wp\/v2\/users\/2"}],"replies":[{"embeddable":true,"href":"https:\/\/www.europesays.com\/es\/wp-json\/wp\/v2\/comments?post=278216"}],"version-history":[{"count":0,"href":"https:\/\/www.europesays.com\/es\/wp-json\/wp\/v2\/posts\/278216\/revisions"}],"wp:featuredmedia":[{"embeddable":true,"href":"https:\/\/www.europesays.com\/es\/wp-json\/wp\/v2\/media\/278217"}],"wp:attachment":[{"href":"https:\/\/www.europesays.com\/es\/wp-json\/wp\/v2\/media?parent=278216"}],"wp:term":[{"taxonomy":"category","embeddable":true,"href":"https:\/\/www.europesays.com\/es\/wp-json\/wp\/v2\/categories?post=278216"},{"taxonomy":"post_tag","embeddable":true,"href":"https:\/\/www.europesays.com\/es\/wp-json\/wp\/v2\/tags?post=278216"}],"curies":[{"name":"wp","href":"https:\/\/api.w.org\/{rel}","templated":true}]}}