{"id":278220,"date":"2025-12-08T20:26:08","date_gmt":"2025-12-08T20:26:08","guid":{"rendered":"https:\/\/www.europesays.com\/es\/278220\/"},"modified":"2025-12-08T20:26:08","modified_gmt":"2025-12-08T20:26:08","slug":"ilusion-desatada-con-la-posible-vuelta-de-luis-suarez-en-enero","status":"publish","type":"post","link":"https:\/\/www.europesays.com\/es\/278220\/","title":{"rendered":"Ilusi\u00f3n desatada con la posible vuelta de Luis Su\u00e1rez en enero"},"content":{"rendered":"<p data-gtm-element-container=\"modulo-texto-link\" class=\"paragraph\">Licencia para so\u00f1ar a lo grande. Luis Su\u00e1rez, de 38 a\u00f1os, deshoja la margarita con la posibilidad de volver a casa este enero. Su contrato con el conjunto estadounidense, reciente campe\u00f3n de la MLS Cup, acaba en breve.\u00a0<\/p>\n<p data-gtm-element-container=\"modulo-texto-link\" class=\"paragraph\">Este lunes, el vicepresidente del Tricolor, Flavio Perchman, dijo a la Agencia EFE que Nacional est\u00e1 esperando que el goleador hist\u00f3rico de la selecci\u00f3n uruguaya avise si quiere volver o si decide no hacerlo.<\/p>\n<p data-gtm-element-container=\"modulo-texto-link\" class=\"paragraph\">\u00abEsperamos a los pr\u00f3ximos d\u00edas, a ver qu\u00e9 decide \u00e9l sobre seguir o no en Miami y despu\u00e9s veremos. Estamos a la expectativa\u00bb, puntualiz\u00f3 el dirigente.<\/p>\n<p data-gtm-element-container=\"modulo-texto-link\" class=\"paragraph\">En ese sentido, a\u00f1adi\u00f3 que ya existe un v\u00ednculo entre las partes y que Su\u00e1rez tiene claro que cuando decida volver al club en el que comenz\u00f3 su carrera como futbolista profesional tiene \u00ablas puertas abiertas\u00bb.<\/p>\n<p data-gtm-element-container=\"modulo-texto-link\" class=\"paragraph\">Mientras tanto, varios seguidores se encuentran utilizando nuevamente en la red social X la etiqueta #Su\u00e1rezANacional, que en el a\u00f1o 2022 lleg\u00f3 a m\u00e1s de 50 millones de cuentas en 35 pa\u00edses del mundo.<\/p>\n<p data-gtm-element-container=\"modulo-texto-link\" class=\"paragraph\">En aquel momento, exjugadores, destacados cient\u00edficos, pol\u00edticos e integrantes del Gobierno se sumaron a la movida que acab\u00f3 con la llegada del atacante.<\/p>\n<p data-gtm-element-container=\"modulo-texto-link\" class=\"paragraph\">En julio de 2022, durante una entrevista con ESPN, Su\u00e1rez habl\u00f3 sobre el inter\u00e9s por contratarlo que tuvo River Plate argentino y destac\u00f3 que se ilusion\u00f3 con esa posibilidad por la forma en que lo quisieron.<\/p>\n<p data-gtm-element-container=\"modulo-texto-link\" class=\"paragraph\">Agreg\u00f3 que le llam\u00f3 la atenci\u00f3n que el Nacional no se interesara por contratarlo en el momento en el que \u00e9l le abri\u00f3 la puerta a un posible retorno a Sudam\u00e9rica.<\/p>\n<p data-gtm-element-container=\"modulo-texto-link\" class=\"paragraph\">\u00abEso capaz que uno, como hincha del club, que sali\u00f3 de ah\u00ed, se siente un poco dolido, pero no es nada de que ahora me vengan a llamar o me vengan a ofrecer porque ahora no est\u00e1 esa posibilidad\u00bb, se\u00f1al\u00f3.<\/p>\n<p data-gtm-element-container=\"modulo-texto-link\" class=\"paragraph\">Tras esa declaraci\u00f3n, el entonces presidente de Nacional, Jos\u00e9 Fuentes, comenz\u00f3 a trabajar en la llegada del atacante e incluso viaj\u00f3 a Madrid para convencerlo de tener un segundo ciclo en el Tricolor.<\/p>\n<p>    Lee tambi\u00e9n<\/p>\n<p data-gtm-element-container=\"modulo-texto-link\" class=\"paragraph\">Varios d\u00edas despu\u00e9s, Su\u00e1rez confirm\u00f3 que ten\u00eda un preacuerdo con Nacional y horas m\u00e1s tarde el fichaje fue confirmado. El 31 de julio, el futbolista lleg\u00f3 a Montevideo y fue arropado por miles de aficionados que lo acompa\u00f1aron en una caravana y llenaron el estadio Gran Parque Central para recibirlo.<\/p>\n<p data-gtm-element-container=\"modulo-texto-link\" class=\"paragraph\">El goleador debut\u00f3 de manera oficial con la camiseta de Nacional en mayo de 2005 y se despidi\u00f3 en julio de 2006 tras jugar 48 partidos, de anotar 12 goles oficiales y de conquistar en dos oportunidades el Campeonato Uruguayo.<\/p>\n<p data-gtm-element-container=\"modulo-texto-link\" class=\"paragraph\">En su retorno, Su\u00e1rez disput\u00f3 otros 16 encuentros en los que anot\u00f3 ocho goles, uno de ellos en el triunfo por 3-1 en el Cl\u00e1sico frente a Pe\u00f1arol.\u00a0All\u00ed el goleador sum\u00f3 otros dos t\u00edtulos: el Torneo Clausura y un nuevo Campeonato Uruguayo.\u00a0<\/p>\n","protected":false},"excerpt":{"rendered":"Licencia para so\u00f1ar a lo grande. Luis Su\u00e1rez, de 38 a\u00f1os, deshoja la margarita con la posibilidad de&hellip;\n","protected":false},"author":2,"featured_media":278221,"comment_status":"","ping_status":"","sticky":false,"template":"","format":"standard","meta":{"footnotes":""},"categories":[268],"tags":[168,25,24,280,282,281,23,167],"class_list":{"0":"post-278220","1":"post","2":"type-post","3":"status-publish","4":"format-standard","5":"has-post-thumbnail","7":"category-futbol","8":"tag-deportes","9":"tag-es","10":"tag-espana","11":"tag-football","12":"tag-futbol","13":"tag-soccer","14":"tag-spain","15":"tag-sports"},"share_on_mastodon":{"url":"https:\/\/pubeurope.com\/@es\/115685830770272288","error":""},"_links":{"self":[{"href":"https:\/\/www.europesays.com\/es\/wp-json\/wp\/v2\/posts\/278220","targetHints":{"allow":["GET"]}}],"collection":[{"href":"https:\/\/www.europesays.com\/es\/wp-json\/wp\/v2\/posts"}],"about":[{"href":"https:\/\/www.europesays.com\/es\/wp-json\/wp\/v2\/types\/post"}],"author":[{"embeddable":true,"href":"https:\/\/www.europesays.com\/es\/wp-json\/wp\/v2\/users\/2"}],"replies":[{"embeddable":true,"href":"https:\/\/www.europesays.com\/es\/wp-json\/wp\/v2\/comments?post=278220"}],"version-history":[{"count":0,"href":"https:\/\/www.europesays.com\/es\/wp-json\/wp\/v2\/posts\/278220\/revisions"}],"wp:featuredmedia":[{"embeddable":true,"href":"https:\/\/www.europesays.com\/es\/wp-json\/wp\/v2\/media\/278221"}],"wp:attachment":[{"href":"https:\/\/www.europesays.com\/es\/wp-json\/wp\/v2\/media?parent=278220"}],"wp:term":[{"taxonomy":"category","embeddable":true,"href":"https:\/\/www.europesays.com\/es\/wp-json\/wp\/v2\/categories?post=278220"},{"taxonomy":"post_tag","embeddable":true,"href":"https:\/\/www.europesays.com\/es\/wp-json\/wp\/v2\/tags?post=278220"}],"curies":[{"name":"wp","href":"https:\/\/api.w.org\/{rel}","templated":true}]}}