{"id":278229,"date":"2025-12-08T20:33:09","date_gmt":"2025-12-08T20:33:09","guid":{"rendered":"https:\/\/www.europesays.com\/es\/278229\/"},"modified":"2025-12-08T20:33:09","modified_gmt":"2025-12-08T20:33:09","slug":"cisma-en-el-liverpool-entre-slot-y-salah-mi-reaccion-es-clara-no-estara-ante-el-inter-afirma-el-tecnico-futbol-deportes","status":"publish","type":"post","link":"https:\/\/www.europesays.com\/es\/278229\/","title":{"rendered":"Cisma en el Liverpool entre Slot y Salah: \u201cMi reacci\u00f3n es clara, no estar\u00e1 ante el Inter\u201d, afirma el t\u00e9cnico | F\u00fatbol | Deportes"},"content":{"rendered":"<p class=\"\">El Liverpool se encuentra en un estado de guerra. La relaci\u00f3n entre el entrenador, Arne Slot, y la principal estrella del equipo, <a href=\"https:\/\/elpais.com\/deportes\/futbol\/2025-08-10\/salah-critica-el-homenaje-de-la-uefa-al-pele-palestino-por-no-especificar-las-causas-de-su-muerte.html\" target=\"_self\" rel=\"nofollow noopener\" title=\"https:\/\/elpais.com\/deportes\/futbol\/2025-08-10\/salah-critica-el-homenaje-de-la-uefa-al-pele-palestino-por-no-especificar-las-causas-de-su-muerte.html\">Mohamed Salah<\/a>, est\u00e1 completamente destruida. El efecto m\u00e1s inmediato del cisma cada vez m\u00e1s grande entre t\u00e9cnico y jugador se ha plasmado con la no inclusi\u00f3n de Salah en la lista de convocados del Liverpool para el duelo de Champions League ante el Inter de este martes en Mil\u00e1n (21.00, Movistar).<a href=\"https:\/\/www.liverpoolfc.com\/news\/liverpool-name-19-man-squad-inter-fixture\" target=\"_self\" rel=\"nofollow noopener\" title=\"https:\/\/www.liverpoolfc.com\/news\/liverpool-name-19-man-squad-inter-fixture\"> Salah ha sido fulminado por el t\u00e9cnico holand\u00e9s<\/a>, que no ha perdonado las declaraciones del egipcio despu\u00e9s del choque ante el Leeds del pasado fin de semana. Salah no disput\u00f3 ni un solo minuto en el duelo, que acab\u00f3 con empate a tres goles. Era su tercera suplencia consecutiva.<\/p>\n<p class=\"\">\u201cEs la primera vez que pasa en mi carrera deportiva. Estoy muy decepcionado. He hecho mucho por este club. Siento que el club me est\u00e1 traicionando. He dicho muchas veces que ten\u00eda una buena relaci\u00f3n con el entrenador, pero de repente ya no la tenemos, no s\u00e9 por qu\u00e9. Me parece que alguien no me quiere en el club\u201d, afirm\u00f3 Salah, quien lleva jugados 19 partidos en este curso, con cinco goles anotados. \u201cNo es la primera vez ni ser\u00e1 la \u00faltima que un jugador, cuando no juega, dice cosas as\u00ed, mi reacci\u00f3n es clara: \u00e9l no est\u00e1 aqu\u00ed esta noche\u201d, afirm\u00f3 el propio Slot en la rueda de prensa previa al choque ante el Inter. \u201cSoy educado, pero eso no significa que sea d\u00e9bil\u201d, a\u00f1adi\u00f3 Slot.<\/p>\n<blockquote class=\"twitter-tweet\">\n<p lang=\"en\" dir=\"ltr\">The Reds have named a 19-man squad for Tuesday\u2019s Champions League clash with Internazionale:<\/p>\n<p>\u2014 Liverpool FC (@LFC) <a href=\"https:\/\/twitter.com\/LFC\/status\/1998053202982531143?ref_src=twsrc%5Etfw\" rel=\"nofollow noopener\" target=\"_blank\">December 8, 2025<\/a><\/p><\/blockquote>\n<p class=\"\">La tensa relaci\u00f3n entre Slot y Salah es el cap\u00edtulo m\u00e1s llamativo de la discreta temporada del Liverpool. El campe\u00f3n ingl\u00e9s es el noveno clasificado de la Premier, a 10 puntos del l\u00edder, <a href=\"https:\/\/elpais.com\/deportes\/futbol\/2025-12-06\/emery-vuelve-a-imponerse-a-arteta-y-guardiola-avanza-al-segundo-puesto-de-la-premier.html\" target=\"_self\" rel=\"nofollow noopener\" title=\"https:\/\/elpais.com\/deportes\/futbol\/2025-12-06\/emery-vuelve-a-imponerse-a-arteta-y-guardiola-avanza-al-segundo-puesto-de-la-premier.html\">el Arsenal<\/a>. En la Champions, a pesar de alg\u00fan triunfo de m\u00e9rito, como el cosechado frente al Madrid (1-0), el Liverpool ocupa el puesto 13\u00ba. Eso s\u00ed, con nueve puntos est\u00e1 solo a uno de la octava plaza. En su \u00faltimo encuentro europeo, el Liverpool cay\u00f3 1-4 en casa frente al PSV. Salah, con contrato hasta 2027, se concentrar\u00e1 el pr\u00f3ximo d\u00eda 15 para disputar la Copa de \u00c1frica con Egipto. El duelo ante el Brighton podr\u00eda ser su \u00faltimo partido si se le busca una salida en el mercado de invierno. \u201cNo tengo ni idea. No puedo contestar a eso ahora\u201d, dijo el t\u00e9cnico Slot cuando se le pregunt\u00f3 por esa posibilidad. <\/p>\n<p class=\"\">La temporada del Liverpool ha tenido tintes desastrosos. Lejos, por ahora, de sus objetivos, el actual campe\u00f3n de la Premier solo ha ganado, por ejemplo, uno de sus \u00faltimos seis partidos en todas las competiciones que disputa. Entre el nueve y 26 de noviembre acumul\u00f3 tres derrotas muy dolorosas: 3-0 ante el City y 0-3 frente al <a href=\"https:\/\/elpais.com\/deportes\/futbol\/2025-09-24\/antony-rescata-un-punto-para-el-betis-ante-el-nottingham-en-su-estreno-en-la-europa-league.html\" target=\"_self\" rel=\"nofollow noopener\" title=\"https:\/\/elpais.com\/deportes\/futbol\/2025-09-24\/antony-rescata-un-punto-para-el-betis-ante-el-nottingham-en-su-estreno-en-la-europa-league.html\">Nottingham Forest <\/a>en la Premier, y el comentado 1-4 contra el PSV en la Champions. Y todo, despu\u00e9s de invertir en fichajes, como los de Wirtz o Isak, cerca de 500 millones de euros en el pasado verano.<\/p>\n<p><script async src=\"https:\/\/platform.twitter.com\/widgets.js\" charset=\"utf-8\"><\/script><\/p>\n","protected":false},"excerpt":{"rendered":"El Liverpool se encuentra en un estado de guerra. La relaci\u00f3n entre el entrenador, Arne Slot, y la&hellip;\n","protected":false},"author":2,"featured_media":278230,"comment_status":"","ping_status":"","sticky":false,"template":"","format":"standard","meta":{"footnotes":""},"categories":[93],"tags":[67662,1241,1540,168,1539,25,24,282,1538,30060,67663,2016,18694,1240,23,167],"class_list":{"0":"post-278229","1":"post","2":"type-post","3":"status-publish","4":"format-standard","5":"has-post-thumbnail","7":"category-deportes","8":"tag-arnold-slot","9":"tag-champions-league","10":"tag-competiciones","11":"tag-deportes","12":"tag-entrenadores","13":"tag-es","14":"tag-espana","15":"tag-futbol","16":"tag-futbolistas","17":"tag-inter-milan","18":"tag-leeds-united","19":"tag-liverpool-fc","20":"tag-mohamed-salah","21":"tag-premier-league","22":"tag-spain","23":"tag-sports"},"share_on_mastodon":{"url":"https:\/\/pubeurope.com\/@es\/115685858225520086","error":""},"_links":{"self":[{"href":"https:\/\/www.europesays.com\/es\/wp-json\/wp\/v2\/posts\/278229","targetHints":{"allow":["GET"]}}],"collection":[{"href":"https:\/\/www.europesays.com\/es\/wp-json\/wp\/v2\/posts"}],"about":[{"href":"https:\/\/www.europesays.com\/es\/wp-json\/wp\/v2\/types\/post"}],"author":[{"embeddable":true,"href":"https:\/\/www.europesays.com\/es\/wp-json\/wp\/v2\/users\/2"}],"replies":[{"embeddable":true,"href":"https:\/\/www.europesays.com\/es\/wp-json\/wp\/v2\/comments?post=278229"}],"version-history":[{"count":0,"href":"https:\/\/www.europesays.com\/es\/wp-json\/wp\/v2\/posts\/278229\/revisions"}],"wp:featuredmedia":[{"embeddable":true,"href":"https:\/\/www.europesays.com\/es\/wp-json\/wp\/v2\/media\/278230"}],"wp:attachment":[{"href":"https:\/\/www.europesays.com\/es\/wp-json\/wp\/v2\/media?parent=278229"}],"wp:term":[{"taxonomy":"category","embeddable":true,"href":"https:\/\/www.europesays.com\/es\/wp-json\/wp\/v2\/categories?post=278229"},{"taxonomy":"post_tag","embeddable":true,"href":"https:\/\/www.europesays.com\/es\/wp-json\/wp\/v2\/tags?post=278229"}],"curies":[{"name":"wp","href":"https:\/\/api.w.org\/{rel}","templated":true}]}}