{"id":278241,"date":"2025-12-08T20:39:10","date_gmt":"2025-12-08T20:39:10","guid":{"rendered":"https:\/\/www.europesays.com\/es\/278241\/"},"modified":"2025-12-08T20:39:10","modified_gmt":"2025-12-08T20:39:10","slug":"los-fallecidos-por-el-golpe-de-mar-en-tenerife-se-saltaron-el-precinto-de-seguridad","status":"publish","type":"post","link":"https:\/\/www.europesays.com\/es\/278241\/","title":{"rendered":"Los fallecidos por el golpe de mar en Tenerife se saltaron el precinto de seguridad"},"content":{"rendered":"<p style=\"\">Ya son cuatro las personas que han muerto tras ser arrastradas este domingo por un golpe de mar en Tenerife, cuando una ola se llev\u00f3 a varios ba\u00f1istas en la <a href=\"https:\/\/www.abc.es\/espana\/canarias\/tres-muertos-golpe-mar-tenerife-20251207204557-nt.html\" target=\"_self\" data-voc-vtm-id=\"in-text-traffic\" title=\"piscina natural de la zona de Los Gigantes\" data-mrf-link=\"www.abc.es\" rel=\"nofollow noopener\">piscina natural de la zona de Los Gigantes<\/a>, en Santiago del Teide. Adem\u00e1s, hay  &#8230; una quinta persona en estado grave ingresada en el hospital y se mantiene activo el dispositivo de b\u00fasqueda de un desaparecido por mar y aire.<\/p>\n<p class=\"voc-p\" style=\"\">Los cuatro fallecidos son turistas que vulneraron el precinto del espacio, que permanec\u00eda cerrado desde el viernes por la declaraci\u00f3n de prealerta por fen\u00f3menos costeros peligrosos, decretada por el Gobierno de Canarias. Se trata de un charco que est\u00e1 expuesto al oleaje, por eso \u00abhay carteles que advierten del peligro y por eso se valla y se precinta cuando hay alertas\u00bb, aunque \u00abmuchas personas se saltan las restricciones y acuden al sitio por su promoci\u00f3n en las redes sociales\u00bb, ha lamentado el alcalde de Santiago del Teide, Emilio Navarro.<\/p>\n<p class=\"voc-p\" style=\"\">Cada d\u00eda, denuncia, numerosos turistas se saltan el precinto haciendo palanca en las vallas y pasan por debajo para ba\u00f1arse en este lugar. La Polic\u00eda Local y la Guardia Civil trabajan continuamente para mantener el precinto y el vallado y es frecuente que tengan que acudir a evacuar a ba\u00f1istas de estos espacios. Son \u00absitios muy bonitos, pero tienen el peligro que tienen y hay que respetarlo\u00bb, ha subrayado Navarro.<\/p>\n<p class=\"voc-p\" style=\"\">\u00abConstantemente advertimos de estos peligros\u00bb, pero \u00abcada vez m\u00e1s gente, sobre todo turistas\u00bb, no respetan la se\u00f1alizaci\u00f3n al ver estos lugares promocionados en las redes sociales, <\/p>\n<p class=\"voc-p\" style=\"\">Los fallecidos son un hombre de 35 a\u00f1os, una mujer de 55 y un hombre de edad no registrada, y por el momento se sabe que dos de las v\u00edctimas son de nacionalidad rumana y eslovaca.<\/p>\n<p>\nCuatro muertos en Tenerife\n<\/p>\n<p class=\"voc-p\" style=\"\">A los fallecidos del domingo se ha sumado esta ma\u00f1ana una cuarta v\u00edctima, una mujer que pudo ser reanimada al practicarle las maniobras cardiopulmonares tras ser localizada en parada cardiorrespiratoria en el mar. La mujer fue rescatada por un socorrista desde una moto acu\u00e1tica y evacuada hasta el muelle, donde personal del SUC practic\u00f3 maniobras de reanimaci\u00f3n avanzadas hasta revertir la parada cardiorrespiratoria y estabilizar a la afectada. Despu\u00e9s fue trasladada en ambulancia al helic\u00f3ptero medicalizado para su evacuaci\u00f3n a\u00e9rea al hospital Nuestra Se\u00f1ora de Candelaria. Pese a los esfuerzos por salvarla, finalmente, no ha logrado superar los efectos de la parada y ha fallecido en el centro hospitalario.<\/p>\n<p class=\"voc-p\" style=\"\">El accidente se produjo este domingo sobre las 16.07 horas, cuando en la piscina conocida como Isla Cangrejo, una ola de grandes dimensiones golpe\u00f3 a varias personas que estaban en la zona y las arrastr\u00f3 hasta las rocas.<\/p>\n<p>\nLa ola se llev\u00f3 a siete personas\n<\/p>\n<p class=\"voc-p\" style=\"\">Adem\u00e1s de los fallecidos, otra persona se encuentra hospitalizada por un traumatismo craneoencef\u00e1lico de gravedad. En este golpe de mar fueron arrastradas hasta siete personas, varias de ellas resultaron heridas leves y fueron atendidas por los equipos sanitarios desplazados al lugar por traumatismos y signos de ahogamiento. <\/p>\n<p class=\"voc-p\" style=\"\">Durante la jornada del lunes se ha mantenido el dispositivo de b\u00fasqueda de, al menos, un desaparecido. \u00abIntentamos localizar a una posible v\u00edctima ahogada y a\u00fan desaparecida\u00bb, apunta la Guardia Civil, que trabaja junto a medios de Salvamento Mar\u00edtimo que rastrean la zona en busca de un ba\u00f1ista que a\u00fan no ha sido localizado.<\/p>\n<p class=\"voc-p\" style=\"\">A pesar de que la tragedia ha sacudido a la isla de Tenerife, la conmoci\u00f3n ha durado apenas unas horas para varios turistas, que hoy nuevamente y mientras se mantiene activa la b\u00fasqueda del ba\u00f1ista desaparecido han ignorado la prohibici\u00f3n de acceso y los carteles que avisan del riesgo en espa\u00f1ol, ingl\u00e9s y alem\u00e1n, teniendo que ser evacuadas por los cuerpos de seguridad.<\/p>\n<p>\nUn accidente similar el mes pasado\n<\/p>\n<p class=\"voc-p\" style=\"\">Esta piscina natural, conocida como Isla Cangrejo, ha sido el escenario de la fatal tragedia, cuando se cumple un mes de un incidente similar donde perdieron la vida tres personas y una decena resultaron heridas. En este caso, el 8 de noviembre, los incidentes se produjeron en la playa del Roque de Las Bodegas en Taganana, en Santa Cruz de Tenerife, en la playa de El Cabezo de Granadilla de Abona, y en el muelle de Puerto de la Cruz, al norte de la isla de Tenerife, donde un golpe de mar arrastr\u00f3 al agua a diez personas.<\/p>\n<p class=\"voc-p\" style=\"\">Canarias se consolida como una de las comunidades con m\u00e1s tragedias por ahogamientos en 2025, con 67 fallecimientos registrados hasta noviembre. El Ayuntamiento de Santiago del Teide ha decretado tres d\u00edas de luto oficial.<\/p>\n","protected":false},"excerpt":{"rendered":"Ya son cuatro las personas que han muerto tras ser arrastradas este domingo por un golpe de mar&hellip;\n","protected":false},"author":2,"featured_media":278242,"comment_status":"","ping_status":"","sticky":false,"template":"","format":"standard","meta":{"footnotes":""},"categories":[8],"tags":[17,18,25,24,18892,13,14,13654,11,19,20,195,9,10,15,16,67665,67664,585,23,1370,12,21,22],"class_list":{"0":"post-278241","1":"post","2":"type-post","3":"status-publish","4":"format-standard","5":"has-post-thumbnail","7":"category-espana","8":"tag-breaking-news","9":"tag-breakingnews","10":"tag-es","11":"tag-espana","12":"tag-fallecidos","13":"tag-featured-news","14":"tag-featurednews","15":"tag-golpe","16":"tag-headlines","17":"tag-latest-news","18":"tag-latestnews","19":"tag-mar","20":"tag-news","21":"tag-noticias","22":"tag-noticias-destacadas","23":"tag-noticiasdestacadas","24":"tag-precinto","25":"tag-saltaron","26":"tag-seguridad","27":"tag-spain","28":"tag-tenerife","29":"tag-titulares","30":"tag-ultimas-noticias","31":"tag-ultimasnoticias"},"share_on_mastodon":{"url":"https:\/\/pubeurope.com\/@es\/115685881706109401","error":""},"_links":{"self":[{"href":"https:\/\/www.europesays.com\/es\/wp-json\/wp\/v2\/posts\/278241","targetHints":{"allow":["GET"]}}],"collection":[{"href":"https:\/\/www.europesays.com\/es\/wp-json\/wp\/v2\/posts"}],"about":[{"href":"https:\/\/www.europesays.com\/es\/wp-json\/wp\/v2\/types\/post"}],"author":[{"embeddable":true,"href":"https:\/\/www.europesays.com\/es\/wp-json\/wp\/v2\/users\/2"}],"replies":[{"embeddable":true,"href":"https:\/\/www.europesays.com\/es\/wp-json\/wp\/v2\/comments?post=278241"}],"version-history":[{"count":0,"href":"https:\/\/www.europesays.com\/es\/wp-json\/wp\/v2\/posts\/278241\/revisions"}],"wp:featuredmedia":[{"embeddable":true,"href":"https:\/\/www.europesays.com\/es\/wp-json\/wp\/v2\/media\/278242"}],"wp:attachment":[{"href":"https:\/\/www.europesays.com\/es\/wp-json\/wp\/v2\/media?parent=278241"}],"wp:term":[{"taxonomy":"category","embeddable":true,"href":"https:\/\/www.europesays.com\/es\/wp-json\/wp\/v2\/categories?post=278241"},{"taxonomy":"post_tag","embeddable":true,"href":"https:\/\/www.europesays.com\/es\/wp-json\/wp\/v2\/tags?post=278241"}],"curies":[{"name":"wp","href":"https:\/\/api.w.org\/{rel}","templated":true}]}}