{"id":278247,"date":"2025-12-08T20:48:20","date_gmt":"2025-12-08T20:48:20","guid":{"rendered":"https:\/\/www.europesays.com\/es\/278247\/"},"modified":"2025-12-08T20:48:20","modified_gmt":"2025-12-08T20:48:20","slug":"pablo-laso-en-la-pole-para-hacerse-cargo-del-anadolu-efes","status":"publish","type":"post","link":"https:\/\/www.europesays.com\/es\/278247\/","title":{"rendered":"Pablo Laso, en la &#8216;pole&#8217; para hacerse cargo del Anadolu Efes"},"content":{"rendered":"<p class=\"ft-text\">La pausa que se ha tomado <a class=\"ft-link ft-link--decoration\" href=\"https:\/\/www.sport.es\/es\/noticias\/baloncesto\/baskonia-carga-pablo-laso-primera-119510771\" rel=\"nofollow noopener\" target=\"_blank\"><strong>Pablo Laso<\/strong><\/a> en los banquillos tras su destituci\u00f3n el pasado verano como t\u00e9cnico de <strong>Baskonia<\/strong> puede estar cerca de terminar. El entrenador vitoriano est\u00e1 muy cerca de regresar a la Euroliga y seguir su trayectoria en la m\u00e1xima competici\u00f3n continental tras sus experiencias en el propio <strong>Baskonia,<\/strong> en el <strong>Bayern M\u00fanich,<\/strong> y en un <strong>Real Madrid<\/strong> con el que alz\u00f3 el t\u00edtulo en dos ocasiones (2015 y 2018).<\/p>\n<p class=\"ft-text\">Seg\u00fan apunta el portal &#8216;Basketnews&#8217;, <strong>Laso ser\u00eda la primera opci\u00f3n<\/strong> de uno de los m\u00faltiples equipos que en las \u00faltimas semanas ha llevado a cabo la destituci\u00f3n de sus entrenadores. Una situaci\u00f3n que cada temporada se vive m\u00e1s y que suele coincidir con el primer par\u00f3n de las ventanas FIBA.<\/p>\n<p><img decoding=\"async\" src=\"https:\/\/www.europesays.com\/es\/wp-content\/uploads\/2025\/12\/c9126d99-57a4-4ddc-ad07-eefec7b4ea38_alta-libre-aspect-ratio_default_0.jpg\" width=\"1200\" height=\"675\" alt=\"Pablo Laso, en un partido en el Palau Blaugrana al frente de Baskonia\" class=\"ft-helper-img-rd\" loading=\"lazy\"\/><\/p>\n<p class=\"ft-helper-fontColor-quaternary ft-helper-fontSize-body-S ft-helper-spacer-t-xxs\">Pablo Laso, en un partido en el Palau Blaugrana al frente de Baskonia  \/ ACB Photo &#8211; Marc Graupera<\/p>\n<p>Efes se fija en Laso<\/p>\n<p class=\"ft-text\">Ese equipo ser\u00eda el <strong>Anadolu Efes,<\/strong> que despidi\u00f3 a <strong>Igor Kokoskov<\/strong> el pasado 27 de noviembre tras un inicio de campa\u00f1a err\u00e1tico.<\/p>\n<p class=\"ft-text\">El t\u00e9cnico serbio, que en su d\u00eda fue el primer t\u00e9cnico principal europeo en la NBA, volvi\u00f3 a Turqu\u00eda tras su etapa en <strong>Fenerbah\u00e7e<\/strong> la campa\u00f1a 20\/21. Lo hizo tras ejercer estos \u00faltimos cursos como t\u00e9cnico asistente en los <strong>Dallas Mavericks, Brooklyn Nets y Atlanta Hawks.<\/strong><\/p>\n<p class=\"ft-text\">Pero la apuesta no sali\u00f3 tal y como se esperaba, y pese a que fue capaz de <strong>derrotar al Bar\u00e7a<\/strong> cuando m\u00e1s discutido estaba (74-73), la paliza d\u00edas despu\u00e9s en M\u00f3naco (102-66) fue su sentencia.<\/p>\n<p><img decoding=\"async\" src=\"https:\/\/www.europesays.com\/es\/wp-content\/uploads\/2025\/12\/1c5e63af-bab6-48ea-af70-dda605024732_alta-libre-aspect-ratio_default_0.jpg\" width=\"1200\" height=\"675\" alt=\"Will Clyburn se vio las caras ante uno de sus antiguos equipos, Anadolu Efes\" class=\"ft-helper-img-rd\" loading=\"lazy\"\/><\/p>\n<p class=\"ft-helper-fontColor-quaternary ft-helper-fontSize-body-S ft-helper-spacer-t-xxs\">Will Clyburn se vio las caras ante uno de sus antiguos equipos, Anadolu Efes  \/ EFE<\/p>\n<p>Mala situaci\u00f3n de Anadolu Efes<\/p>\n<p class=\"ft-text\">La din\u00e1mica del equipo es negativa, con dos tropiezos posteriores a la destituci\u00f3n de Kokoskov (Real Madrid y Petkim), y la situaci\u00f3n en la clasificaci\u00f3n, tanto en Europa como en Turqu\u00eda tiene mucho margen de mejora: <strong>17\u00ba en Euroliga,<\/strong> con dos victorias m\u00e1s que el colista Asvel, y <strong>cuartos en liga,<\/strong> a tres triunfos del &#8216;Fener&#8217; de <strong>Sarunas Jasikevicius<\/strong> y a cuatro de Besiktas, l\u00edder invicto. Acumulan cuatro tropiezos consecutivos en el campeonato dom\u00e9stico.<\/p>\n<p class=\"ft-text\">Seg\u00fan las mismas informaciones<strong>, Laso se habr\u00eda impuesto en ese casting de nombres en el que Anadolu Efes trabajaba,<\/strong> y las negociaciones entre ambas partes estar\u00edan <strong>avanzadas<\/strong> en busca de cerrar el acuerdo.<\/p>\n<p><img decoding=\"async\" src=\"https:\/\/www.europesays.com\/es\/wp-content\/uploads\/2025\/12\/e18fb00b-165b-41a7-9649-55a00934d546_alta-libre-aspect-ratio_default_0.jpg\" width=\"1200\" height=\"675\" alt=\"Pablo Laso dejar\u00e1 de ser entrenador de Baskonia\" class=\"ft-helper-img-rd\" loading=\"lazy\"\/><\/p>\n<p class=\"ft-helper-fontColor-quaternary ft-helper-fontSize-body-S ft-helper-spacer-t-xxs\">Pablo Laso dejar\u00e1 de ser entrenador de Baskonia  \/ ACB Photo &#8211; Aitor Arrizabalaga<\/p>\n<p class=\"ft-text\">As\u00ed pues, quedar\u00e1 por ver si el acuerdo ve finalmente luz verde, pero sin duda ser\u00eda una <strong>gran noticia<\/strong> que uno de los t\u00e9cnicos espa\u00f1oles m\u00e1s laureados de todos los tiempos vuelva a tener recoveco en un banquillo Euroliga.<\/p>\n","protected":false},"excerpt":{"rendered":"La pausa que se ha tomado Pablo Laso en los banquillos tras su destituci\u00f3n el pasado verano como&hellip;\n","protected":false},"author":2,"featured_media":278248,"comment_status":"","ping_status":"","sticky":false,"template":"","format":"standard","meta":{"footnotes":""},"categories":[269],"tags":[63093,299,2953,298,168,57044,25,24,833,3301,618,23,167],"class_list":{"0":"post-278247","1":"post","2":"type-post","3":"status-publish","4":"format-standard","5":"has-post-thumbnail","7":"category-baloncesto","8":"tag-anadolu","9":"tag-baloncesto","10":"tag-banquillo","11":"tag-basketball","12":"tag-deportes","13":"tag-efes","14":"tag-es","15":"tag-espana","16":"tag-euroliga","17":"tag-laso","18":"tag-pablo","19":"tag-spain","20":"tag-sports"},"share_on_mastodon":{"url":"https:\/\/pubeurope.com\/@es\/115685917644241412","error":""},"_links":{"self":[{"href":"https:\/\/www.europesays.com\/es\/wp-json\/wp\/v2\/posts\/278247","targetHints":{"allow":["GET"]}}],"collection":[{"href":"https:\/\/www.europesays.com\/es\/wp-json\/wp\/v2\/posts"}],"about":[{"href":"https:\/\/www.europesays.com\/es\/wp-json\/wp\/v2\/types\/post"}],"author":[{"embeddable":true,"href":"https:\/\/www.europesays.com\/es\/wp-json\/wp\/v2\/users\/2"}],"replies":[{"embeddable":true,"href":"https:\/\/www.europesays.com\/es\/wp-json\/wp\/v2\/comments?post=278247"}],"version-history":[{"count":0,"href":"https:\/\/www.europesays.com\/es\/wp-json\/wp\/v2\/posts\/278247\/revisions"}],"wp:featuredmedia":[{"embeddable":true,"href":"https:\/\/www.europesays.com\/es\/wp-json\/wp\/v2\/media\/278248"}],"wp:attachment":[{"href":"https:\/\/www.europesays.com\/es\/wp-json\/wp\/v2\/media?parent=278247"}],"wp:term":[{"taxonomy":"category","embeddable":true,"href":"https:\/\/www.europesays.com\/es\/wp-json\/wp\/v2\/categories?post=278247"},{"taxonomy":"post_tag","embeddable":true,"href":"https:\/\/www.europesays.com\/es\/wp-json\/wp\/v2\/tags?post=278247"}],"curies":[{"name":"wp","href":"https:\/\/api.w.org\/{rel}","templated":true}]}}