{"id":278251,"date":"2025-12-08T20:50:21","date_gmt":"2025-12-08T20:50:21","guid":{"rendered":"https:\/\/www.europesays.com\/es\/278251\/"},"modified":"2025-12-08T20:50:21","modified_gmt":"2025-12-08T20:50:21","slug":"terelu-tampoco-asistio-y-carlo-padre-si","status":"publish","type":"post","link":"https:\/\/www.europesays.com\/es\/278251\/","title":{"rendered":"Terelu tampoco asisti\u00f3 y Carlo padre s\u00ed"},"content":{"rendered":"<p><img loading=\"lazy\" decoding=\"async\" src=\"https:\/\/www.europesays.com\/es\/wp-content\/uploads\/2025\/12\/100x100_informalia-logo.jpg\" itemtype=\"\/\/schema.org\/ImageObject\" itemprop=\"url\" alt=\"Informalia\" width=\"64\" height=\"64\" pinger-seen=\"true\"\/><\/p>\n<p>El primer a\u00f1o de vida del hijo de Alejandra Rubio y Carlo Costanzia ha estado marcado por el acercamiento de Mar Flores a su hijo (precisamente por el nacimiento del ni\u00f1o) pero tambi\u00e9n por la vuelta de tuercas que despu\u00e9s dieron las memorias de la modelo, publicadas en septiembre, volviendo a poner en entredicho c\u00f3mo se encuentra verdaderamente la relaci\u00f3n entre madre e hijo, que <a href=\"https:\/\/www.eleconomista.es\/informalia\/famosos\/noticias\/13670032\/12\/25\/mar-flores-y-carlo-costanzia-ponen-punto-y-final-a-su-aventura-en-tve-lo-que-les-unia-tras-las-memorias.html\" title=\"Mar Flores y Carlo Costanzia ponen punto y final a su aventura en TVE, lo que les un\u00eda tras las memorias\" rel=\"nofollow noopener\" target=\"_blank\">ya han terminado de trabajar juntos en la aventura profesional que compart\u00edan en TVE<\/a> (y que se emite en 2026).<\/p>\n<p>Hace unos d\u00edas, de hecho, fue la propia Mar Flores la que volv\u00eda a hablar de su hijo y tambi\u00e9n de la hija de Terelu Campos. Sobre Carlo, dijo: <a href=\"https:\/\/www.eleconomista.es\/informalia\/famosos\/noticias\/13674403\/12\/25\/mar-flores-sorprende-con-una-retahila-de-consejos-y-dardos-a-carlo-costanzia-y-alejandra-rubio-nada-me-gustaria-mas-que-tuviesen-una-vida-mas-tranquila.html\" title=\"Mar Flores sorprende con una retah\u00edla de consejos y dardos a Carlo Costanzia y Alejandra Rubio: &quot;Nada me gustar\u00eda m\u00e1s que tuviesen una vida m\u00e1s tranquila&quot;\" rel=\"nofollow noopener\" target=\"_blank\">\u00abLe deseo mucha suerte porque yo si vuelvo a nacer no quiero ser conocida\u00bb<\/a>. Y en cuanto al engranaje medi\u00e1tico de ambos, a\u00f1adi\u00f3: \u00ab<b>Nada me gustar\u00eda m\u00e1s que ellos tuviesen tambi\u00e9n una vida m\u00e1s tranquila, pero por ellos mismos<\/b> porque son una pareja joven que tienen que tener todo el derecho a vivir la vida como la viven todas las personas. Con sus m\u00e1s y sus menos, pero ojal\u00e1 que en privado\u00bb.<\/p>\n<p>S\u00ed agradeci\u00f3, en cambio, que no expongan al menor en las revistas: <b>\u00abMi hijo s\u00ed que ten\u00eda clar\u00edsimo que no iba a exponer al ni\u00f1o, y lo agradezco porque le van a facilitar much\u00edsimo la vida\u00bb<\/b>.<\/p>\n<p>Y este fin de semana ha llegado el primer cumplea\u00f1os del peque\u00f1o Carlo. Un cumplea\u00f1os que ha estado marcado por los comentarios previos de quien asistir\u00eda y quien no a la celebraci\u00f3n de su primer aniversario. La propia Alejandra ya explic\u00f3 que todos los abuelos estaban invitados, pero en la celebraci\u00f3n no vimos a ninguna de las dos abuelas. S\u00ed a Carlo padre, que sigue unido a su hijo pese a las declaraciones detalladas de Mar en sus memorias. \u00abS\u00faper feliz primer cumplea\u00f1os al ser de luz m\u00e1s maravilloso y guapo que ha entrado en mi vida. Gracias por este regalo del cielo y s\u00faper feliz primer aniversario de padres\u00bb, escribi\u00f3 el italiano en sus redes.<\/p>\n<p>Terelu, por su parte, ya ha explicado los motivos de su ausencia en el cumplea\u00f1os, que se celebr\u00f3 en casa de los padres:<b> \u00abYo est\u00e1 claro que no he ido por razones de trabajo\u00bb<\/b>. Y a\u00f1adi\u00f3: \u00abSi las circunstancias hubieran sido de otra forma y lo hubieran celebrado en otro sitio, como se lleg\u00f3 a plantear, pues la celebraci\u00f3n hubiera sido otra\u00bb.<\/p>\n<p>Mar Flores, por su parte, se encontraba fuera de Espa\u00f1a, en Bruselas, como ella misma ha compartido en sus redes sociales: <b>\u00abAmigas, un concierto, viaje inesperado y buena energ\u00eda con uno de mis grupos favoritos. Mejor imposible este finde de chicas en Bruselas\u00bb<\/b>. Acudi\u00f3 al concierto de Royel Otis con amigas como Elsa Anka.<\/p>\n<p>Tras el inter\u00e9s y comentarios que despiertan las ausencias, la propia Alejandra aclar\u00f3 a las puertas de su casa: \u00abCon Mar tambi\u00e9n lo celebraremos&#8230;\u00bb. Y dej\u00f3 claro, al mismo tiempo, que todos los abuelos han estado volcados en el peque\u00f1o durante su primer a\u00f1o de vida. Sin excepciones. \u00abTodos, ni uno falla\u00bb, insisti\u00f3.<\/p>\n<p>                            <img decoding=\"async\" src=\"https:\/\/www.europesays.com\/es\/wp-content\/uploads\/2025\/12\/alejandra-rubio-cumple-hijo.jpg\" loading=\"lazy\"\/><\/p>\n<p>WhatsApp<a href=\"https:\/\/api.whatsapp.com\/send?text=https:\/\/www.eleconomista.es\/informalia\/famosos\/noticias\/13681134\/12\/25\/mar-flores-de-concierto-en-bruselas-con-elsa-anka-se-pierde-el-primer-cumpleanos-de-su-nieto-terelu-tampoco-asiste-y-carlo-padre-si.html?utm_source%3Dwhatsapp%26utm_medium%3Dshare_button&amp;id=1648118629957_whatsapp\" target=\"_blank\" data-action=\"share\/whatsapp\/share\" aria-label=\"Compartir en Whatsapp\" rel=\"nofollow noopener\"><\/a>Facebook<a id=\"fb-share\" href=\"#\" target=\"_blank\" rel=\"noopener noreferrer\" aria-label=\"Compartir en Facebook\"><\/a>Twitter<a href=\"https:\/\/twitter.com\/share?text=Mar+Flores%2C+de+concierto+en+Bruselas+con+Elsa+Anka%2C+se+perdi%C3%B3+el+primer+cumplea%C3%B1os+de+su+nieto%3A+Terelu+tampoco+asisti%C3%B3+y+Carlo+padre+s%C3%AD&amp;url=https:\/\/www.eleconomista.es\/informalia\/famosos\/noticias\/13681134\/12\/25\/mar-flores-de-concierto-en-bruselas-con-elsa-anka-se-pierde-el-primer-cumpleanos-de-su-nieto-terelu-tampoco-asiste-y-carlo-padre-si.html&amp;via=Informalia&amp;id=1648118839245_twitter\" target=\"_blank\" aria-label=\"Compartir en Twitter\" rel=\"nofollow noopener\"><\/a>Linkedin<a onclick=\"return abrirLinkedin();\" href=\"https:\/\/www.linkedin.com\/shareArticle?text=Mar+Flores%2C+de+concierto+en+Bruselas+con+Elsa+Anka%2C+se+perdi%C3%B3+el+primer+cumplea%C3%B1os+de+su+nieto%3A+Terelu+tampoco+asisti%C3%B3+y+Carlo+padre+s%C3%AD&amp;url=https:\/\/www.eleconomista.es\/informalia\/famosos\/noticias\/13681134\/12\/25\/mar-flores-de-concierto-en-bruselas-con-elsa-anka-se-pierde-el-primer-cumpleanos-de-su-nieto-terelu-tampoco-asiste-y-carlo-padre-si.html&amp;mini=true\" target=\"_blank\" aria-label=\"Compartir en linkedin\" rel=\"nofollow noopener\"><\/a>Beloud<a href=\"https:\/\/beloud.com\/share?text=Mar+Flores%2C+de+concierto+en+Bruselas+con+Elsa+Anka%2C+se+perdi%C3%B3+el+primer+cumplea%C3%B1os+de+su+nieto%3A+Terelu+tampoco+asisti%C3%B3+y+Carlo+padre+s%C3%AD&amp;url=https:\/\/www.eleconomista.es\/informalia\/famosos\/noticias\/13681134\/12\/25\/mar-flores-de-concierto-en-bruselas-con-elsa-anka-se-pierde-el-primer-cumpleanos-de-su-nieto-terelu-tampoco-asiste-y-carlo-padre-si.html&amp;via=Informalia&amp;id=1648118839245_beloud\" target=\"_blank\" aria-label=\"Compartir en beloud\" rel=\"nofollow noopener\"><\/a>Bluesky<a href=\"https:\/\/bsky.app\/intent\/compose?text=https:\/\/bsky.app\/intent\/compose?text=https:\/\/www.eleconomista.es\/informalia\/famosos\/noticias\/13681134\/12\/25\/mar-flores-de-concierto-en-bruselas-con-elsa-anka-se-pierde-el-primer-cumpleanos-de-su-nieto-terelu-tampoco-asiste-y-carlo-padre-si.html&amp;url=https:\/\/www.eleconomista.es\/informalia\/famosos\/noticias\/13681134\/12\/25\/mar-flores-de-concierto-en-bruselas-con-elsa-anka-se-pierde-el-primer-cumpleanos-de-su-nieto-terelu-tampoco-asiste-y-carlo-padre-si.html&amp;via=elEconomistaes&amp;id=1648118839245_bluesky\" target=\"_blank\" aria-label=\"Compartir en bluesky\" rel=\"nofollow noopener\"><\/a><\/p>\n<p><script async src=\"https:\/\/platform.twitter.com\/widgets.js\" charset=\"utf-8\"><\/script><\/p>\n","protected":false},"excerpt":{"rendered":"El primer a\u00f1o de vida del hijo de Alejandra Rubio y Carlo Costanzia ha estado marcado por el&hellip;\n","protected":false},"author":2,"featured_media":278252,"comment_status":"","ping_status":"","sticky":false,"template":"","format":"standard","meta":{"footnotes":""},"categories":[174],"tags":[255,146,147,25,24,256,260,23],"class_list":{"0":"post-278251","1":"post","2":"type-post","3":"status-publish","4":"format-standard","5":"has-post-thumbnail","7":"category-famosos","8":"tag-celebrities","9":"tag-entertainment","10":"tag-entretenimiento","11":"tag-es","12":"tag-espana","13":"tag-famosos","14":"tag-gente","15":"tag-spain"},"share_on_mastodon":{"url":"https:\/\/pubeurope.com\/@es\/115685924981902473","error":""},"_links":{"self":[{"href":"https:\/\/www.europesays.com\/es\/wp-json\/wp\/v2\/posts\/278251","targetHints":{"allow":["GET"]}}],"collection":[{"href":"https:\/\/www.europesays.com\/es\/wp-json\/wp\/v2\/posts"}],"about":[{"href":"https:\/\/www.europesays.com\/es\/wp-json\/wp\/v2\/types\/post"}],"author":[{"embeddable":true,"href":"https:\/\/www.europesays.com\/es\/wp-json\/wp\/v2\/users\/2"}],"replies":[{"embeddable":true,"href":"https:\/\/www.europesays.com\/es\/wp-json\/wp\/v2\/comments?post=278251"}],"version-history":[{"count":0,"href":"https:\/\/www.europesays.com\/es\/wp-json\/wp\/v2\/posts\/278251\/revisions"}],"wp:featuredmedia":[{"embeddable":true,"href":"https:\/\/www.europesays.com\/es\/wp-json\/wp\/v2\/media\/278252"}],"wp:attachment":[{"href":"https:\/\/www.europesays.com\/es\/wp-json\/wp\/v2\/media?parent=278251"}],"wp:term":[{"taxonomy":"category","embeddable":true,"href":"https:\/\/www.europesays.com\/es\/wp-json\/wp\/v2\/categories?post=278251"},{"taxonomy":"post_tag","embeddable":true,"href":"https:\/\/www.europesays.com\/es\/wp-json\/wp\/v2\/tags?post=278251"}],"curies":[{"name":"wp","href":"https:\/\/api.w.org\/{rel}","templated":true}]}}