{"id":278268,"date":"2025-12-08T21:01:17","date_gmt":"2025-12-08T21:01:17","guid":{"rendered":"https:\/\/www.europesays.com\/es\/278268\/"},"modified":"2025-12-08T21:01:17","modified_gmt":"2025-12-08T21:01:17","slug":"los-aliados-europeos-de-ucrania-respaldan-a-zelenski-en-londres-tras-criticas-de-trump","status":"publish","type":"post","link":"https:\/\/www.europesays.com\/es\/278268\/","title":{"rendered":"Los aliados europeos de Ucrania respaldan a Zelenski en Londres tras cr\u00edticas de Trump"},"content":{"rendered":"<p>    <img src=\"https:\/\/www.europesays.com\/es\/wp-content\/uploads\/2025\/12\/1765227677_384_2025-12-08T123A153A31Z-90602965.jpg\" width=\"1024\" height=\"682\" alt=\"\" loading=\"eager\" decoding=\"sync\" fetchpriority=\"high\"\/><\/p>\n<p>            afp_tickers        <\/p>\n<p>        Este contenido fue publicado en    <\/p>\n<p>        08 diciembre 2025 &#8211; 21:12\n<\/p>\n<p>Los principales aliados europeos de Ucrania mostraron este lunes en Londres su respaldo a Volodimir Zelenski, tras las cr\u00edticas que recibi\u00f3 de Donald Trump, y expresaron escepticismo sobre detalles del plan estadounidense para terminar la guerra con Rusia.<\/p>\n<p>El presidente ucraniano se reuni\u00f3 durante unas dos horas con los dirigentes de Reino Unido, Alemania y Francia, despu\u00e9s de que Donald Trump lo acusara de no haber le\u00eddo la propuesta estadounidense para poner fin al conflicto.<\/p>\n<p>El primer ministro brit\u00e1nico, Keir Starmer, recibi\u00f3 en Downing Street al mandatario ucraniano, al canciller alem\u00e1n, Friedrich Merz, y al presidente franc\u00e9s, Emmanuel Macron, para avanzar hacia el fin de la guerra.<\/p>\n<p>Los aliados de Zelenski se reunieron despu\u00e9s de que representantes de Ucrania y Estados Unidos negociaran durante varios d\u00edas en Miami, sin lograr un avance en las conversaciones.<\/p>\n<p>Antes del inicio de la reuni\u00f3n de este lunes, Merz expres\u00f3 su escepticismo sobre \u00abalgunos detalles\u00bb de las propuestas estadounidenses.<\/p>\n<p>\u00abSoy esc\u00e9ptico respecto a algunos detalles que vemos en los documentos procedentes de Estados Unidos, pero debemos debatirlos. Por eso estamos aqu\u00ed\u00bb, declar\u00f3.<\/p>\n<p>Por su parte, Macron se\u00f1al\u00f3 que \u00abel problema principal es lograr una convergencia\u00bb entre las posiciones comunes de los aliados europeos, Ucrania y Estados Unidos.<\/p>\n<p>Seg\u00fan el dirigente franc\u00e9s, esa convergencia ser\u00eda necesaria \u00abpara finalizar estas negociaciones de paz e iniciar una nueva fase en las mejores condiciones para Ucrania, los europeos y la seguridad colectiva\u00bb.<\/p>\n<p>En concordancia con Macron, el presidente ucraniano se\u00f1al\u00f3 que \u00abhay ciertas cosas que no podemos gestionar sin los estadounidenses, y otras sin Europa, y por eso debemos tomar decisiones importantes\u00bb.<\/p>\n<p>\u2013 Cuesti\u00f3n territorial \u2013<\/p>\n<p>Un alto funcionario indic\u00f3 a AFP que la cuesti\u00f3n territorial sigue siendo \u00abla m\u00e1s problem\u00e1tica\u00bb para poner fin a la guerra, que empez\u00f3 hace casi cuatro a\u00f1os con la invasi\u00f3n rusa.<\/p>\n<p>\u00abPutin no quiere firmar ning\u00fan acuerdo\u00bb si \u00abUcrania no cede territorios\u00bb en Donb\u00e1s, regi\u00f3n del este de ese pa\u00eds tomada parcialmente por las tropas rusas, a\u00f1adi\u00f3 la fuente.<\/p>\n<p>Tras las reuniones, Zelenski afirm\u00f3 en una rueda de prensa online que el gobierno de Kiev no tiene el derecho \u00ablegal\u00bb ni \u00abmoral\u00bb de ceder territorios ucranianos a Rusia.<\/p>\n<p>\u00ab\u00bfNos planteamos ceder territorios? No tenemos ning\u00fan derecho legal para hacerlo, en virtud de la legislaci\u00f3n ucraniana, nuestra Constituci\u00f3n y el derecho internacional. Y tampoco tenemos ning\u00fan derecho moral\u00bb, declar\u00f3.<\/p>\n<p>Antes de recibir a Zelenski, Starmer insisti\u00f3 en que no lo presionar\u00e1 a que acepte el acuerdo impulsado por Trump.<\/p>\n<p>Los dirigentes tambi\u00e9n abordaron el tema del uso de los activos rusos congelados en Europa para financiar a Ucrania.\u00a0<\/p>\n<p>El ejecutivo de la UE present\u00f3 un plan para recurrir a los activos rusos congelados en Europa, pero choca con las reticencias de B\u00e9lgica, donde tiene su sede la sociedad Euroclear, que posee unos 244.000 millones de d\u00f3lares en activos rusos, de los casi 274.000 millones en la UE.<\/p>\n<p>Tras el encuentro en Londres, Zelenski viaj\u00f3 a Bruselas para reunirse en la noche del lunes con el secretario general de la OTAN, Mark Rutte, el presidente del Consejo Europeo, Antonio Costa, y la presidenta de la Comisi\u00f3n Europea, Ursula von der Leyen. Despu\u00e9s, viajar\u00e1 a Italia.<\/p>\n<p>\u2013 Una propuesta el martes \u2013<\/p>\n<p>Zelenski dijo el s\u00e1bado que mantuvo una conversaci\u00f3n telef\u00f3nica muy \u00abconstructiva\u00bb con los enviados de Trump, Steve Witkoff y Jared Kushner, durante las negociaciones en Miami sobre el plan presentado por Estados Unidos.\u00a0<\/p>\n<p>\u00abUcrania est\u00e1 comprometida con continuar trabajando con honestidad con la parte estadounidense para alcanzar una paz real\u00bb, a\u00f1adi\u00f3 Zelenski.<\/p>\n<p>Trump critic\u00f3 el domingo al presidente ucraniano. \u00abEstoy un poco decepcionado de que Zelenski no haya le\u00eddo la propuesta\u00bb de paz de Washington, declar\u00f3.<\/p>\n<p>El plan inicial de Washington planteaba que Ucrania entregara territorio a Rusia, a cambio de algunas garant\u00edas de seguridad, pero no obtuvo el respaldo de Kiev por las cr\u00edticas de ser muy favorable para Mosc\u00fa.<\/p>\n<p>Tras las enmiendas al plan original, los emisarios de Trump viajaron a Mosc\u00fa la semana pasada para presentar el plan modificado al presidente ruso, Vladimir Putin.<\/p>\n<p>Rusia rechaz\u00f3 partes de la propuesta estadounidense y afirm\u00f3 que queda \u00abmucho trabajo por hacer\u00bb.<\/p>\n<p>Zelenski declar\u00f3 que con sus aliados est\u00e1 trabajando sobre la \u00faltima versi\u00f3n del plan estadounidense, presentada por Washington tras el viaje de los emisarios de Trump a Rusia.\u00a0<\/p>\n<p>El mandatario ucraniano afirm\u00f3 que una versi\u00f3n con enmiendas del plan podr\u00eda estar lista para presentarla a Estados Unidos el martes.\u00a0<\/p>\n<p>bur-psr\/meb\/pc\/an\/mb-an\/hgs<\/p>\n","protected":false},"excerpt":{"rendered":"afp_tickers Este contenido fue publicado en 08 diciembre 2025 &#8211; 21:12 Los principales aliados europeos de Ucrania mostraron&hellip;\n","protected":false},"author":2,"featured_media":278269,"comment_status":"","ping_status":"","sticky":false,"template":"","format":"standard","meta":{"footnotes":""},"categories":[42],"tags":[635,17,18,636,83,13,14,11,61,62,63,86,64,19,20,9,10,15,16,88,90,12,21,22,65,66,67],"class_list":{"0":"post-278268","1":"post","2":"type-post","3":"status-publish","4":"format-standard","5":"has-post-thumbnail","7":"category-internacional","8":"tag-armed-conflict","9":"tag-breaking-news","10":"tag-breakingnews","11":"tag-conflict","12":"tag-diplomacy","13":"tag-featured-news","14":"tag-featurednews","15":"tag-headlines","16":"tag-internacional","17":"tag-international","18":"tag-international-news","19":"tag-international-relations","20":"tag-internationalnews","21":"tag-latest-news","22":"tag-latestnews","23":"tag-news","24":"tag-noticias","25":"tag-noticias-destacadas","26":"tag-noticiasdestacadas","27":"tag-politics","28":"tag-ticker","29":"tag-titulares","30":"tag-ultimas-noticias","31":"tag-ultimasnoticias","32":"tag-world","33":"tag-world-news","34":"tag-worldnews"},"share_on_mastodon":{"url":"https:\/\/pubeurope.com\/@es\/115685968590394920","error":""},"_links":{"self":[{"href":"https:\/\/www.europesays.com\/es\/wp-json\/wp\/v2\/posts\/278268","targetHints":{"allow":["GET"]}}],"collection":[{"href":"https:\/\/www.europesays.com\/es\/wp-json\/wp\/v2\/posts"}],"about":[{"href":"https:\/\/www.europesays.com\/es\/wp-json\/wp\/v2\/types\/post"}],"author":[{"embeddable":true,"href":"https:\/\/www.europesays.com\/es\/wp-json\/wp\/v2\/users\/2"}],"replies":[{"embeddable":true,"href":"https:\/\/www.europesays.com\/es\/wp-json\/wp\/v2\/comments?post=278268"}],"version-history":[{"count":0,"href":"https:\/\/www.europesays.com\/es\/wp-json\/wp\/v2\/posts\/278268\/revisions"}],"wp:featuredmedia":[{"embeddable":true,"href":"https:\/\/www.europesays.com\/es\/wp-json\/wp\/v2\/media\/278269"}],"wp:attachment":[{"href":"https:\/\/www.europesays.com\/es\/wp-json\/wp\/v2\/media?parent=278268"}],"wp:term":[{"taxonomy":"category","embeddable":true,"href":"https:\/\/www.europesays.com\/es\/wp-json\/wp\/v2\/categories?post=278268"},{"taxonomy":"post_tag","embeddable":true,"href":"https:\/\/www.europesays.com\/es\/wp-json\/wp\/v2\/tags?post=278268"}],"curies":[{"name":"wp","href":"https:\/\/api.w.org\/{rel}","templated":true}]}}