{"id":278275,"date":"2025-12-08T21:09:13","date_gmt":"2025-12-08T21:09:13","guid":{"rendered":"https:\/\/www.europesays.com\/es\/278275\/"},"modified":"2025-12-08T21:09:13","modified_gmt":"2025-12-08T21:09:13","slug":"el-eneicat-deja-la-elite-del-ciclismo-femenino","status":"publish","type":"post","link":"https:\/\/www.europesays.com\/es\/278275\/","title":{"rendered":"El Eneicat deja la \u00e9lite del ciclismo femenino"},"content":{"rendered":"<p><a class=\"v-mdl-ath__fig-a\" href=\"https:\/\/www.leonoticias.com\/autor\/leonoticias-2282.html\" title=\"Leonoticias\" rel=\"nofollow noopener\" target=\"_blank\"><br \/>\n<img decoding=\"async\" class=\"v-mdl-ath__img\" src=\"https:\/\/www.europesays.com\/es\/wp-content\/uploads\/2025\/11\/1764073091_330_autor-2282-foto-1.jpeg\" alt=\"Leonoticias\"\/><br \/>\n<\/a><\/p>\n<p class=\"v-mdl-ath__p v-mdl-ath__p--6\">\nLunes, 8 de diciembre 2025, 19:06<\/p>\n<p class=\"v-p\">En el camino del ciclismo, a veces es necesario dar un paso atr\u00e1s para tomar impulso. Con ese pensamiento, el Eneicat ha comunicado con sus aficionados y patrocinadores una decisi\u00f3n \u00abmeditada y profundamente ligada a la esencia de nuestro proyecto\u00bb: no competir\u00e1n en UCI Continental y lo haremos como equipo de categor\u00eda nacional, manteniendo intacta su estructura profesional y todos los recursos que nos les tra\u00eddo hasta aqu\u00ed.<\/p>\n<p class=\"v-p\">Esta decisi\u00f3n no responde a una renuncia, sino a una convicci\u00f3n. \u00abEntramos en una nueva etapa marcada por una apuesta firme por la juventud, la formaci\u00f3n y la cantera, pilares que consideramos indispensables para construir un proyecto s\u00f3lido, sostenible y con identidad propia\u00bb. Quieren ser el equipo en el que las j\u00f3venes talentos puedan crecer, formarse y dar sus primeros grandes pasos en el ciclismo profesional.<\/p>\n<p class=\"v-p\">Aunque dejan atr\u00e1s la categor\u00eda Continental, su calendario seguir\u00e1 contando con una amplia presencia internacional. Continuar\u00e1n midiendo sus fuerzas fuera de nuestras fronteras, compitiendo en las mejores pruebas que se adapten al desarrollo de las corredoras y demostrando que el compromiso y el trabajo no entienden de etiquetas.<\/p>\n<p class=\"v-p\">Cada una de estas decisiones refleja \u00abel amor por este deporte y la ambici\u00f3n de construir algo duradero. Sabemos que el camino no siempre es f\u00e1cil, pero creemos firmemente que este paso nos permitir\u00e1 crecer con mayor solidez, fortalecer nuestra estructura deportiva y dar nuevas oportunidades a quienes representan el futuro del ciclismo\u00bb.<\/p>\n<p>Reporta un error<\/p>\n","protected":false},"excerpt":{"rendered":"Lunes, 8 de diciembre 2025, 19:06 En el camino del ciclismo, a veces es necesario dar un paso&hellip;\n","protected":false},"author":2,"featured_media":278276,"comment_status":"","ping_status":"","sticky":false,"template":"","format":"standard","meta":{"footnotes":""},"categories":[273],"tags":[313,312,51,168,1755,17891,25,24,4649,23,167],"class_list":{"0":"post-278275","1":"post","2":"type-post","3":"status-publish","4":"format-standard","5":"has-post-thumbnail","7":"category-ciclismo","8":"tag-ciclismo","9":"tag-cycling","10":"tag-deja","11":"tag-deportes","12":"tag-elite","13":"tag-eneicat","14":"tag-es","15":"tag-espana","16":"tag-femenino","17":"tag-spain","18":"tag-sports"},"share_on_mastodon":{"url":"https:\/\/pubeurope.com\/@es\/115685999927546140","error":""},"_links":{"self":[{"href":"https:\/\/www.europesays.com\/es\/wp-json\/wp\/v2\/posts\/278275","targetHints":{"allow":["GET"]}}],"collection":[{"href":"https:\/\/www.europesays.com\/es\/wp-json\/wp\/v2\/posts"}],"about":[{"href":"https:\/\/www.europesays.com\/es\/wp-json\/wp\/v2\/types\/post"}],"author":[{"embeddable":true,"href":"https:\/\/www.europesays.com\/es\/wp-json\/wp\/v2\/users\/2"}],"replies":[{"embeddable":true,"href":"https:\/\/www.europesays.com\/es\/wp-json\/wp\/v2\/comments?post=278275"}],"version-history":[{"count":0,"href":"https:\/\/www.europesays.com\/es\/wp-json\/wp\/v2\/posts\/278275\/revisions"}],"wp:featuredmedia":[{"embeddable":true,"href":"https:\/\/www.europesays.com\/es\/wp-json\/wp\/v2\/media\/278276"}],"wp:attachment":[{"href":"https:\/\/www.europesays.com\/es\/wp-json\/wp\/v2\/media?parent=278275"}],"wp:term":[{"taxonomy":"category","embeddable":true,"href":"https:\/\/www.europesays.com\/es\/wp-json\/wp\/v2\/categories?post=278275"},{"taxonomy":"post_tag","embeddable":true,"href":"https:\/\/www.europesays.com\/es\/wp-json\/wp\/v2\/tags?post=278275"}],"curies":[{"name":"wp","href":"https:\/\/api.w.org\/{rel}","templated":true}]}}