{"id":278277,"date":"2025-12-08T21:11:15","date_gmt":"2025-12-08T21:11:15","guid":{"rendered":"https:\/\/www.europesays.com\/es\/278277\/"},"modified":"2025-12-08T21:11:15","modified_gmt":"2025-12-08T21:11:15","slug":"valencia-basket-casademont-horario-y-donde-ver-gratis-el-partido-de-euroliga-del-roig-arena","status":"publish","type":"post","link":"https:\/\/www.europesays.com\/es\/278277\/","title":{"rendered":"Valencia Basket &#8211; Casademont: Horario y d\u00f3nde ver gratis el partido de Euroliga del Roig Arena"},"content":{"rendered":"<p class=\"ft-text\">Arranca la Euroliga femenina esta semana con un partidazo en el Roig Arena. <strong>El <\/strong><a class=\"ft-link ft-link--decoration\" href=\"https:\/\/www.superdeporte.es\/valencia-basket\/\" target=\"_blank\" rel=\"nofollow noopener\"><strong>Valencia Basket<\/strong><\/a><strong> recibe al tambi\u00e9n poderoso Casademont Zaragoza<\/strong> en casa con motivo de jornada inaugural de mayor torneo continental.<\/p>\n<p class=\"ft-text\">Las de <a class=\"ft-link ft-link--decoration\" href=\"https:\/\/www.superdeporte.es\/tags\/ruben-burgos\/\" target=\"_blank\" rel=\"nofollow noopener\">Rub\u00e9n Burgos<\/a> quieren dejar claro que son firmes candidatas a todo y una victoria ante las l\u00edderes de la Liga Endesa Femenina ser\u00eda un gran comienzo de competici\u00f3n. Adem\u00e1s, tras la <a class=\"ft-link ft-link--decoration\" href=\"https:\/\/www.superdeporte.es\/valencia-basket\/2025\/12\/07\/roig-arena-celebra-victoria-valencia-basket-ouvina-124550171.html\" target=\"_blank\" rel=\"nofollow noopener\"><strong>vuelta de Ouvi\u00f1a <\/strong><\/a><a class=\"ft-link ft-link--decoration\" href=\"https:\/\/www.superdeporte.es\/valencia-basket\/2025\/12\/07\/roig-arena-celebra-victoria-valencia-basket-ouvina-124550171.html\" target=\"_blank\" rel=\"nofollow noopener\">esta \u00faltima jornada<\/a> despu\u00e9s de una larga baja, el equipo cuenta con otra jugadora de garant\u00edas para la rotaci\u00f3n.<\/p>\n<p><img decoding=\"async\" src=\"https:\/\/www.europesays.com\/es\/wp-content\/uploads\/2025\/12\/2cfa7495-7655-491f-9099-4b323c48a9d4_alta-libre-aspect-ratio_default_0_x682y357.jpg\" width=\"1200\" height=\"775\" alt=\"Cristina Ouvi\u00f1a, con Elena Buenavida en un entrenamiento en el Roig Arena.\" class=\"ft-helper-img-rd\" loading=\"lazy\"\/><\/p>\n<p class=\"ft-helper-fontColor-quaternary ft-helper-fontSize-body-S ft-helper-spacer-t-xxs\">Cristina Ouvi\u00f1a, con Elena Buenavida en un entrenamiento en el Roig Arena.  \/ VBC<\/p>\n<p class=\"ft-text\">Ser\u00e1 la primera vez que el Casademont Zaragoza pise el nuevo <a class=\"ft-link ft-link--decoration\" href=\"https:\/\/www.superdeporte.es\/tags\/roig-arena\/\" target=\"_blank\" rel=\"nofollow noopener\"><strong>Roig Arena<\/strong><\/a>. Eso s\u00ed, esta misma semana lo har\u00e1 por partida doble, ya que el domingo volver\u00e1n a verse las caras en el mismo escenario, aunque esta vez en la Liga Femenina para jugarse el liderato de la competici\u00f3n.<\/p>\n<p>Valencia Basket &#8211; Casademont Zaragoza: horario, ver gratis y en directo el partido de la Euroleague Women del Roig Arena<\/p>\n<p class=\"ft-text\">Se viene una semanita cargada de emociones con los dos duelos ante el Casademont. Para el de Liga Endesa del domingo todav\u00eda hay que esperar y es que antes, este martes 9 de diciembre, deben disputar la <strong>primera jornada del Grupo F de la Euroliga Femenina en el Roig Arena a partir de las 19:15<\/strong>. El partido se podr\u00e1 seguir gratis por televisi\u00f3n a trav\u00e9s de las c\u00e1maras de <a class=\"ft-link ft-link--decoration\" href=\"https:\/\/www.apuntmedia.es\/\" rel=\"nofollow noopener\" target=\"_blank\">\u00c0 Punt<\/a> y de Arag\u00f3n TV, as\u00ed como en la web de <a class=\"ft-link ft-link--decoration\" href=\"https:\/\/www.superdeporte.es\/\" target=\"_blank\" rel=\"nofollow noopener\">SUPER<\/a>.<\/p>\n<p class=\"ft-text\">La Final Six es el objetivo.<\/p>\n","protected":false},"excerpt":{"rendered":"Arranca la Euroliga femenina esta semana con un partidazo en el Roig Arena. El Valencia Basket recibe al&hellip;\n","protected":false},"author":2,"featured_media":278278,"comment_status":"","ping_status":"","sticky":false,"template":"","format":"standard","meta":{"footnotes":""},"categories":[269],"tags":[299,1918,298,2511,5369,168,25,24,10797,833,40358,2918,2915,17893,23,167,235,2916,491],"class_list":{"0":"post-278277","1":"post","2":"type-post","3":"status-publish","4":"format-standard","5":"has-post-thumbnail","7":"category-baloncesto","8":"tag-baloncesto","9":"tag-basket","10":"tag-basketball","11":"tag-casademont","12":"tag-casademont-zaragoza","13":"tag-deportes","14":"tag-es","15":"tag-espana","16":"tag-euroleague-women","17":"tag-euroliga","18":"tag-euroliga-femenina","19":"tag-la-liga","20":"tag-roig-arena","21":"tag-ruben-burgos","22":"tag-spain","23":"tag-sports","24":"tag-valencia","25":"tag-valencia-basket","26":"tag-zaragoza"},"share_on_mastodon":{"url":"https:\/\/pubeurope.com\/@es\/115686007932398522","error":""},"_links":{"self":[{"href":"https:\/\/www.europesays.com\/es\/wp-json\/wp\/v2\/posts\/278277","targetHints":{"allow":["GET"]}}],"collection":[{"href":"https:\/\/www.europesays.com\/es\/wp-json\/wp\/v2\/posts"}],"about":[{"href":"https:\/\/www.europesays.com\/es\/wp-json\/wp\/v2\/types\/post"}],"author":[{"embeddable":true,"href":"https:\/\/www.europesays.com\/es\/wp-json\/wp\/v2\/users\/2"}],"replies":[{"embeddable":true,"href":"https:\/\/www.europesays.com\/es\/wp-json\/wp\/v2\/comments?post=278277"}],"version-history":[{"count":0,"href":"https:\/\/www.europesays.com\/es\/wp-json\/wp\/v2\/posts\/278277\/revisions"}],"wp:featuredmedia":[{"embeddable":true,"href":"https:\/\/www.europesays.com\/es\/wp-json\/wp\/v2\/media\/278278"}],"wp:attachment":[{"href":"https:\/\/www.europesays.com\/es\/wp-json\/wp\/v2\/media?parent=278277"}],"wp:term":[{"taxonomy":"category","embeddable":true,"href":"https:\/\/www.europesays.com\/es\/wp-json\/wp\/v2\/categories?post=278277"},{"taxonomy":"post_tag","embeddable":true,"href":"https:\/\/www.europesays.com\/es\/wp-json\/wp\/v2\/tags?post=278277"}],"curies":[{"name":"wp","href":"https:\/\/api.w.org\/{rel}","templated":true}]}}