{"id":278279,"date":"2025-12-08T21:12:13","date_gmt":"2025-12-08T21:12:13","guid":{"rendered":"https:\/\/www.europesays.com\/es\/278279\/"},"modified":"2025-12-08T21:12:13","modified_gmt":"2025-12-08T21:12:13","slug":"emilio-de-dios-tiene-para-todos-el-tipo-raro-sampaoli-el-maestro-monchi-y-un-orta-del-que-pasa-palabra","status":"publish","type":"post","link":"https:\/\/www.europesays.com\/es\/278279\/","title":{"rendered":"Emilio de Dios tiene para todos: el \u00abtipo raro\u00bb Sampaoli, el \u00abmaestro\u00bb Monchi y un Orta del que &#8216;pasa palabra&#8217;"},"content":{"rendered":"<p>El que fuera hasta el curso pasado &#8216;scouting manager&#8217; nervionense analiza su paso por el club blanquirrojo y se enorgullece de haber apostado por Mendilibar, am\u00e9n de presumir de haber detectado en su d\u00eda a Raphinha y Kound\u00e9<\/p>\n<p class=\"parrafo\">\u00abMe siento muy <strong>orgulloso<\/strong> de haber sido part\u00edcipe  de, en el momento <strong>jodido<\/strong> en el que est\u00e1bamos,  que <strong>Mendilibar<\/strong> entrenase al <strong>Sevilla FC<\/strong>. Es un tipo que a m\u00ed me me ha ca\u00eddo bien desde desde siempre,  desde que yo empec\u00e9 en la direcci\u00f3n deportiva, y no fue una llamada <strong>osada<\/strong>,  desde el punto de vista que nunca hab\u00eda entrenado a un club as\u00ed. <strong>Est\u00e1bamos jodidos, para descender a Segunda<\/strong>, <strong>y  nos ayud\u00f3 a ganar la segunda Europa League<\/strong>  de mi etapa\u00bb, recuerda <strong>Emilio de Dios<\/strong>, <a href=\"https:\/\/www.estadiodeportivo.com\/futbol\/sevilla-fc\/fernando-navarro-emilio-dios-dejan-pertenecer-sevilla-20240408-448281.html\" target=\"_blank\" class=\"intext-link\" rel=\"nofollow noopener\">&#8216;scouting manager&#8217; del club nervionense hasta su destituci\u00f3n a finales de la 23\/24 en una de esas medidas de ahorro auspiciadas por Del Nido Carrasco<\/a>, en una charla con su paisano Sen\u00e9n Mor\u00e1n en su &#8216;Comemos Podcast&#8217;, donde habl\u00f3 de aquellos d\u00edas convulsos en los que <strong>Jorge Sampaoli<\/strong> no fue la soluci\u00f3n deseada al final de la &#8216;<strong>etapa Lopetegui<\/strong>&#8216;.<\/p>\n<p class=\"parrafo\">\u00abEstaba con <strong>Monchi<\/strong>  y <strong>Fernando<\/strong> <strong>Navarro<\/strong> sentado, analizando la situaci\u00f3n de que ten\u00edamos que cambiar de t\u00e9cnico. <strong>Iba a ser un desastre, lo estaba siendo, y nos iba a llevar a una din\u00e1mica de resultados muy jodida<\/strong>. Se hicieron llamadas a varios entrenadores, ya hab\u00eda salido el nombre de &#8216;<strong>Mendi<\/strong>&#8216; y, de repente, <strong>Monchi<\/strong> dice &#8216;<strong>es que como no firmemos a \u00e9ste, que es el que sabe ganar a todos esos equipos de ah\u00ed abajo<\/strong>&#8230;&#8217;. Y, efectivamente, el primer partido es en <strong>C\u00e1diz<\/strong> y  y ganamos <strong>0-2<\/strong>. Si lo hubi\u00e9ramos perdido, nos habr\u00edamos metido en un desastre. Al final, acab\u00f3 levantando la <strong>Europa League<\/strong>. Dos eliminatorias atr\u00e1s, le dije a mi mujer que pidiera el d\u00eda de la final (en el trabajo) y dos m\u00e1s para celebrarlo en <strong>Sevilla<\/strong>. Ten\u00edamos a <strong>Manchester<\/strong> <strong>United<\/strong> y <strong>Juventus<\/strong>. Mi mujer no se lo cre\u00eda, pero yo le insist\u00eda. El <strong>autoconvencimiento<\/strong> de hacer las cosas para ganar te da un <strong>subid\u00f3n<\/strong> diario. Est\u00e1bamos convencidos todos\u00bb, relata el gijon\u00e9s.<\/p>\n<p class=\"parrafo\">Sobre el antecesor de <strong>Jos\u00e9 Luis Mendilibar<\/strong>, nada nuevo: \u00ab<strong>Sampaoli era un tipo raro<\/strong>. La gente del club hablaba de que <strong>de su primera etapa a la segunda hab\u00eda cambiado mucho, no creo que a mejor<\/strong>. <strong>No estaba rodeado de los mejores para \u00e9l<\/strong>&#8230; <strong>Un incendio al lado de la gasolina no creo que sea lo mejor<\/strong>, as\u00ed que resultaba dif\u00edcil. Ten\u00eda un <strong>concepto<\/strong> de juego que no creo que sea el mejor para <strong>instaurarlo<\/strong> a mitad de temporada, sino que precisaba de un trabajo previo en verano, mientras que \u00e9l lleg\u00f3 con la temporada empezada y unas ideas&#8230; Es un <strong>exc\u00e9ntrico cerrado<\/strong>. Cerrado el mercado, me ped\u00eda &#8216;<strong>Emilio<\/strong>, <strong>necesito un hombre libre<\/strong>&#8216;. Y yo le dec\u00eda, &#8216;<strong>claro<\/strong>, <strong>ya s\u00f3lo puede ser uno libre<\/strong>, <strong>porque el mercado est\u00e1 cerrado<\/strong>&#8216;. Y me respond\u00eda: &#8216;\u00bf<strong>Por qu\u00e9 est\u00e1 cerrado el mercado para m\u00ed<\/strong>?&#8217;. Yo le dec\u00eda que no era s\u00f3lo para \u00e9l, sino para todos\u00bb.<\/p>\n<p class=\"parrafo\"><strong>Emilio de Dios<\/strong>, que se hab\u00eda formado en el <strong>Sporting<\/strong>, del que es seguidor su contertulio, pas\u00f3 por <strong>Racing de Santander<\/strong> y <strong\/><a href=\"https:\/\/www.estadiodeportivo.com\/futbol-segunda-division\/2017\/02\/21\/emilio-de-dios-deja-de-ser-el-director-deportivo-del-cd-lugo\/96802.html\" target=\"_blank\" class=\"intext-link\" rel=\"nofollow noopener\">CD Lugo<\/a> antes de incorporarse en <strong>2017<\/strong> al equipo de trabajo que formaron <strong>\u00d3scar Arias<\/strong> y <strong>Joaqu\u00edn Caparr\u00f3s<\/strong> en el <strong>Sevilla FC<\/strong> tras la marcha a la <strong>AS Roma<\/strong> de <strong>Monchi<\/strong>. A la vuelta del isle\u00f1o, se qued\u00f3 a su lado y le &#8216;sobrevivi\u00f3&#8217;, coexistiendo unos meses con <strong>V\u00edctor Orta<\/strong>, que hab\u00eda llegado en el <strong>verano de<\/strong> <strong>2023<\/strong> con sus propios ayudantes, <strong>Gaby Ruiz<\/strong> y <strong>Alberto Cordero<\/strong>, aunque luego apunt\u00f3 p\u00fablicamente que se hab\u00eda ofrecido a rebajarse el sueldo para que tanto el asturiano como <strong>Fernando Navarro<\/strong> pudieran seguir. Una afirmaci\u00f3n que parece poner en duda con sus declaraciones el primero de ellos: \u00abEstuve la \u00faltima temporada con <strong>V\u00edctor<\/strong>. <strong>De todo se aprende<\/strong>. He aprendido de <strong>\u00d3scar<\/strong>, su <strong>tranquilidad<\/strong>; de <strong>Joaqu\u00edn<\/strong>, su <strong>adaptabilidad<\/strong> y de <strong>Monchi<\/strong>, que ha sido un <strong>maestro<\/strong>. En todos los a\u00f1os que llevo de carrera, no creo que encuentres una frase suelta, declaraci\u00f3n o mensaje de texto donde hable mal de alguien. <strong>A veces, no hablo<\/strong>\u00ab.<\/p>\n<p><a class=\"elementos-rel-t2\" href=\"https:\/\/www.estadiodeportivo.com\/futbol\/sporting-gijon\/emilio-dios-suena-con-dos-grandes-entrenadores-volviera-sporting-gijon-20251203-522559.html\" title=\"Emilio de Dios sue\u00f1a con dos grandes entrenadores si volviera al Sporting de Gij\u00f3n \" rel=\"nofollow noopener\" target=\"_blank\"><\/p>\n<p class=\"titular titulo-4\">Emilio de Dios sue\u00f1a con dos grandes entrenadores si volviera al Sporting de Gij\u00f3n <\/p>\n<p><img decoding=\"async\" src=\"https:\/\/www.europesays.com\/es\/wp-content\/uploads\/2025\/12\/c473aea5-d6b3-4dad-91fc-e641b3d98148_320x180.png\" alt=\"Emilio de Dios sue\u00f1a con dos grandes entrenadores si volviera al Sporting de Gij\u00f3n \"\/><\/a><a class=\"elementos-rel-t2\" href=\"https:\/\/www.estadiodeportivo.com\/sevilla\/2019\/08\/30\/emilio-dios-rivales-nombres-llamativos\/240219.html\" title=\"Emilio de Dios: &quot;Los rivales no tienen nombres llamativos pero juegan bien al f\u00fatbol&quot;\" rel=\"nofollow noopener\" target=\"_blank\"><\/p>\n<p class=\"titular titulo-4\">Emilio de Dios: \u00abLos rivales no tienen nombres llamativos pero juegan bien al f\u00fatbol\u00bb<\/p>\n<p><img decoding=\"async\" src=\"https:\/\/www.europesays.com\/es\/wp-content\/uploads\/2025\/12\/entrenamiento-sfc.jpg\" alt=\"Emilio de Dios: &quot;Los rivales no tienen nombres llamativos pero juegan bien al f\u00fatbol&quot;\"\/><\/a><a class=\"elementos-rel-t2\" href=\"https:\/\/www.estadiodeportivo.com\/sevilla\/2019\/03\/13\/getafe-piensa-emilio-dios-sevilla\/214428.html\" title=\"El Getafe piensa en Emilio de Dios, del Sevilla, para su direcci\u00f3n deportiva\" rel=\"nofollow noopener\" target=\"_blank\"><\/p>\n<p class=\"titular titulo-4\">El Getafe piensa en Emilio de Dios, del Sevilla, para su direcci\u00f3n deportiva<\/p>\n<p><img decoding=\"async\" src=\"https:\/\/www.europesays.com\/es\/wp-content\/uploads\/2025\/12\/emilio-de-dios-sevilla-ed.jpg\" alt=\"El Getafe piensa en Emilio de Dios, del Sevilla, para su direcci\u00f3n deportiva\"\/><\/a><\/p>\n<p class=\"parrafo\">En este sentido, el alto ejecutivo ahora en paro recuerda que \u00aben <strong>Sevilla<\/strong> hab\u00eda una <strong>ventaja<\/strong> grande para un secrertario t\u00e9cnico, ya que exist\u00eda un <strong>n\u00facleo<\/strong> <strong>duro<\/strong> de t\u00e9cnicos que llevaba mucho tiempo trabajando junto. <strong>Hay veintipicos ojos que te van filtrando el scouting<\/strong>. Eso te lleva a que el t\u00e9cnico de <strong>Portugal<\/strong> te diga en el mes de octubre &#8216;<strong>Raphinha<\/strong>, <strong>del Vit\u00f3ria de Guimaraes<\/strong>, <strong>es un fen\u00f3meno<\/strong>&#8216;. Sal\u00eda a <strong>8-10 millones<\/strong>, nos posicionamos y <strong>\u00d3scar Arias<\/strong> nos dijo que no pod\u00edamos incluirlo, porque ten\u00edamos todas las fichas <strong>ocupadas<\/strong> en plantilla\u00bb. Algo similar pas\u00f3 con <strong>Kound\u00e9<\/strong>: \u00abLe dije a <strong>Caparr\u00f3s<\/strong> que era el mejor que pod\u00edamos firmar. Eso s\u00ed, le advert\u00ed de que nos iban a pedir un precio muy alto. As\u00ed fue. Nos sentamos con \u00e9l y su agente, pero no lo firmamos. Un a\u00f1o despu\u00e9s, Monchi, capaz de dominar todo lo que est\u00e1 en el ratio de acci\u00f3n de un director deportivo y m\u00e1s, hizo la misma pregunta. &#8216;<strong>\u00bfQu\u00e9 central firmamos?<\/strong>&#8216; Dijimos <strong>Kound\u00e9<\/strong> y reconoci\u00f3 que lo ten\u00eda entre <strong>ceja y ceja<\/strong>. Nos reunimos otra vez con <strong>Jules<\/strong> y lo fichamos\u00bb.<\/p>\n","protected":false},"excerpt":{"rendered":"El que fuera hasta el curso pasado &#8216;scouting manager&#8217; nervionense analiza su paso por el club blanquirrojo y&hellip;\n","protected":false},"author":2,"featured_media":278280,"comment_status":"","ping_status":"","sticky":false,"template":"","format":"standard","meta":{"footnotes":""},"categories":[268],"tags":[16658,168,67668,25,24,284,280,282,53201,14766,67669,2993,281,23,167,67670],"class_list":{"0":"post-278279","1":"post","2":"type-post","3":"status-publish","4":"format-standard","5":"has-post-thumbnail","7":"category-futbol","8":"tag-caparros","9":"tag-deportes","10":"tag-emilio-de-dios","11":"tag-es","12":"tag-espana","13":"tag-estadio-deportivo","14":"tag-football","15":"tag-futbol","16":"tag-mendilibar","17":"tag-monchi","18":"tag-oscar-arias","19":"tag-sevilla-futbol-club","20":"tag-soccer","21":"tag-spain","22":"tag-sports","23":"tag-victor-orta"},"share_on_mastodon":{"url":"https:\/\/pubeurope.com\/@es\/115686011784936880","error":""},"_links":{"self":[{"href":"https:\/\/www.europesays.com\/es\/wp-json\/wp\/v2\/posts\/278279","targetHints":{"allow":["GET"]}}],"collection":[{"href":"https:\/\/www.europesays.com\/es\/wp-json\/wp\/v2\/posts"}],"about":[{"href":"https:\/\/www.europesays.com\/es\/wp-json\/wp\/v2\/types\/post"}],"author":[{"embeddable":true,"href":"https:\/\/www.europesays.com\/es\/wp-json\/wp\/v2\/users\/2"}],"replies":[{"embeddable":true,"href":"https:\/\/www.europesays.com\/es\/wp-json\/wp\/v2\/comments?post=278279"}],"version-history":[{"count":0,"href":"https:\/\/www.europesays.com\/es\/wp-json\/wp\/v2\/posts\/278279\/revisions"}],"wp:featuredmedia":[{"embeddable":true,"href":"https:\/\/www.europesays.com\/es\/wp-json\/wp\/v2\/media\/278280"}],"wp:attachment":[{"href":"https:\/\/www.europesays.com\/es\/wp-json\/wp\/v2\/media?parent=278279"}],"wp:term":[{"taxonomy":"category","embeddable":true,"href":"https:\/\/www.europesays.com\/es\/wp-json\/wp\/v2\/categories?post=278279"},{"taxonomy":"post_tag","embeddable":true,"href":"https:\/\/www.europesays.com\/es\/wp-json\/wp\/v2\/tags?post=278279"}],"curies":[{"name":"wp","href":"https:\/\/api.w.org\/{rel}","templated":true}]}}