{"id":278283,"date":"2025-12-08T21:16:31","date_gmt":"2025-12-08T21:16:31","guid":{"rendered":"https:\/\/www.europesays.com\/es\/278283\/"},"modified":"2025-12-08T21:16:31","modified_gmt":"2025-12-08T21:16:31","slug":"terelu-campos-confiesa-que-vivio-el-reencuentro-entre-dario-y-almudena-en-la-isla-de-las-tentaciones-me-quede-rota","status":"publish","type":"post","link":"https:\/\/www.europesays.com\/es\/278283\/","title":{"rendered":"Terelu Campos confiesa que vivi\u00f3 el reencuentro entre Dar\u00edo y Almudena en &#8216;La isla de las tentaciones&#8217;: \u00abMe qued\u00e9 rota\u00bb"},"content":{"rendered":"<p>&#8216;La isla de las tentaciones 9&#8217; se prepara para uno de los programas m\u00e1s esperados y emocionalmente intensos de toda la edici\u00f3n. Los protagonistas ser\u00e1n, una vez m\u00e1s,<strong> Dar\u00edo y Almudena<\/strong>, la pareja que ha logrado conectar con el p\u00fablico como pocas lo han hecho a lo largo de la historia del formato. Pero la audiencia no ha sido la \u00fanica que est\u00e1 viviendo los problemas de esta relaci\u00f3n de once a\u00f1os de manera intensamente. <strong>Terelu Campos ha confesado que ha vivido uno de los momentos m\u00e1s sobrecogedores<\/strong> de la edici\u00f3n y que podremos ver al completo esta noche.\u00a0<\/p>\n<p><img loading=\"lazy\" decoding=\"async\"   src=\"https:\/\/www.europesays.com\/es\/wp-content\/uploads\/2025\/12\/la-isla-de-las-tentaciones_17305a86_251208213252_1200x675.webp.webp\" alt=\"la isla de las tentaciones \" class=\"lazyload\" width=\"1200\" height=\"675\" data-aspectratio=\"1200\/675\"\/><\/p>\n<p>Dar\u00edo y Almudena se enfrentan a su reencuentro en el espejo y ser\u00e1 uno de los momentos m\u00e1s sobreacogedores.\u00a0<\/p>\n<p>&#13;Telecinco<\/p>\n<p>Tras once a\u00f1os de relaci\u00f3n, los dos j\u00f3venes andaluces<strong> llegaron a Rep\u00fablica Dominicana como los \u201cprimeros amores\u201d del otro<\/strong>, convencidos de que su v\u00ednculo era indestructible. Pero la experiencia les ha sacudido de lleno, oblig\u00e1ndolos a enfrentarse a inseguridades, heridas, miedos e impulsos que nunca antes hab\u00edan aflorado.<\/p>\n<p>Terelu Campos presenci\u00f3 el espejo de Almudena y Dari\u00f3<\/p>\n<p>En el debate de &#8216;La isla de las tentaciones&#8217;, presentado por Sandra Barneda,\u00a0 <a href=\"https:\/\/www.lecturas.com\/television\/terelu-campos-cuenta-razon-su-ausencia-primer-cumpleanos-su-nieto_185436\" target=\"_blank\" rel=\"nofollow noopener\">Terelu Campos<\/a> revel\u00f3 algo que hasta ahora permanec\u00eda en secreto: <strong>ella estaba en Rep\u00fablica Dominicana el d\u00eda en que Dar\u00edo y Almudena se reencontraron en el espejo<\/strong>. Un momento que todav\u00eda no se ha emitido y que, seg\u00fan la colaboradora, ser\u00e1 \u201c<strong>la escena m\u00e1s emocional jam\u00e1s vivida en el programa<\/strong>\u201d.<\/p>\n<p><img loading=\"lazy\" decoding=\"async\"   src=\"https:\/\/www.europesays.com\/es\/wp-content\/uploads\/2025\/12\/la-isla-de-las-tentaciones-dario_f33e8c10_251208213501_1200x626.webp.webp\" alt=\"la isla de las tentaciones Dar\u00edo\" class=\"lazyload\" width=\"1200\" height=\"626\" data-aspectratio=\"1200\/626\"\/><\/p>\n<p>Seg\u00fan el propio Dar\u00edo, las im\u00e1genes del avance de su reencuentro con Almudena \u201cno muestran ni la mitad de lo que pas\u00f3\u201d.<\/p>\n<p>&#13;Telecinco<\/p>\n<p>Antes de comentar lo que presenci\u00f3, el debate mostr\u00f3 el avance ya conocido por los espectadores: una Almudena rota, desesperada, corriendo hacia el espejo mientras gritaba entre l\u00e1grimas. Al otro lado, un Dar\u00edo incr\u00e9dulo y nervioso intentando procesar lo que estaba viendo. Unas im\u00e1genes que, seg\u00fan el propio Dar\u00edo, \u201c<strong>no muestran ni la mitad de lo que pas\u00f3<\/strong>\u201d.<\/p>\n<p><img loading=\"lazy\" decoding=\"async\"   src=\"https:\/\/www.europesays.com\/es\/wp-content\/uploads\/2025\/12\/la-isla-de-las-tentaciones-terelu-campos_4880b748_251208213637_1200x632.webp.webp\" alt=\"la isla de las tentaciones Terelu Campos\" class=\"lazyload\" width=\"1200\" height=\"632\" data-aspectratio=\"1200\/632\"\/><\/p>\n<p>Terelu ha confesado: \u201cYo estaba en Saman\u00e1 cuando ocurri\u00f3 lo del espejo. Creo que en mi vida he visto una magnitud emocional como la que viv\u00ed all\u00ed. Me qued\u00e9 rota\u00bb.\u00a0<\/p>\n<p>&#13;Telecinco<\/p>\n<p>Fue entonces cuando Terelu decidi\u00f3 romper su silencio, tras consultarlo con la presentadora: \u201cYo estaba en Saman\u00e1 cuando ocurri\u00f3 lo del espejo.<strong> Creo que en mi vida he visto una magnitud emocional como la que viv\u00ed all\u00ed. Me qued\u00e9 rota. <\/strong>Cuando crees que lo has visto todo, llegas a ese espejo y ves algo que no ha ocurrido en ninguna edici\u00f3n anterior\u201d. Sandra Barneda corrobor\u00f3 sus palabras asegurando que todo el equipo qued\u00f3 impactado. Una afirmaci\u00f3n que solo ha aumentado la expectaci\u00f3n de cara a esta noche.<\/p>\n<p>La visi\u00f3n de Dar\u00edo<\/p>\n<p>En el debate, Dar\u00edo trat\u00f3 de justificar la actitud que ha tenido en la villa, marcada por los coqueteos con su tentadora Cristina y por una forma de vivir la experiencia que ha desestabilizado por completo a Almudena. \u201cAll\u00ed estaba como un ni\u00f1o en un parque de bolas y no prestaba atenci\u00f3n a nada. <strong>No lo he hecho desde la maldad<\/strong>\u201d, confes\u00f3.\u00a0 Tambi\u00e9n admiti\u00f3 que muchos de sus actos no le parec\u00edan graves \u201chasta que los pensaba despu\u00e9s\u201d, reconociendo que hab\u00eda sobrepasado l\u00edmites que nunca antes hab\u00eda cruzado.<\/p>\n<p><img loading=\"lazy\" decoding=\"async\"   src=\"https:\/\/www.europesays.com\/es\/wp-content\/uploads\/2025\/12\/la-isla-de-las-tentaciones_203fbb02_251208213653_1200x589.webp.webp\" alt=\"la isla de las tentaciones \" class=\"lazyload\" width=\"1200\" height=\"589\" data-aspectratio=\"1200\/589\"\/><\/p>\n<p>En el debate, Dar\u00edo trat\u00f3 de justificar la actitud que ha tenido en la villa, marcada por los coqueteos con su tentadora Cristina.\u00a0<\/p>\n<p>&#13;Telecinco<\/p>\n<p>Pero lo que m\u00e1s da\u00f1o hizo a Almudena no fueron las im\u00e1genes, sino sus palabras. En un momento dado, Dar\u00edo dijo que segu\u00eda en la relaci\u00f3n por \u201crutina\u201d y no porque la quisiera de verdad. Una declaraci\u00f3n que la dej\u00f3 destrozada y que \u00e9l mismo ha matizado: \u201c<strong>Estoy enamorado de Almudena. Si no, \u00bfqu\u00e9 hago once a\u00f1os con ella? <\/strong>Pero all\u00ed estoy hecho un l\u00edo. <strong>Es normal que, con algo nuevo, me entren dudas<\/strong>\u201d.<\/p>\n<p><img decoding=\"async\" src=\"https:\/\/www.europesays.com\/es\/wp-content\/uploads\/2025\/12\/bernardo-pantoja-y-junko_552c56eb_008_251208160404_800x800.webp.webp\" alt=\"Bernardo Pantoja y Junko\" class=\"image lazyload\"\/><img loading=\"lazy\" decoding=\"async\" src=\"https:\/\/www.europesays.com\/es\/wp-content\/uploads\/2025\/12\/bernardo-pantoja-y-junko_552c56eb_008_251208160412_1280x720.webp.webp\" alt=\"La nueva vida de Junko, madrastra de Anabel Pantoja, 3 a\u00f1os despu\u00e9s de la muerte de Bernardo\" class=\"image lazyload\" width=\"1280\" height=\"720\" data-aspectratio=\"1280\/720\"\/><\/p>\n<p>El joven, visiblemente tocado, quiso lanzar un mensaje a la audiencia para que no juzgue antes de tiempo: \u201c<strong>A\u00fan no hab\u00e9is visto todo lo que siento<\/strong>. Es f\u00e1cil conectar con qui\u00e9n est\u00e1 llorando. Yo a veces estoy sufriendo por dentro y no lo suelto.\u201d<\/p>\n<p>Un reencuentro que promete marcar un antes y un despu\u00e9s<img loading=\"lazy\" decoding=\"async\"   src=\"https:\/\/www.europesays.com\/es\/wp-content\/uploads\/2025\/12\/la-isla-de-las-tentaciones_a9d68cf6_251208213720_1200x750.webp.webp\" alt=\"la isla de las tentaciones\" class=\"lazyload\" width=\"1200\" height=\"750\" data-aspectratio=\"1200\/750\"\/><\/p>\n<p>El reencuentro en el espejo, seg\u00fan quienes lo han presenciado, ser\u00e1 un antes y un despu\u00e9s para la pareja.<\/p>\n<p>&#13;Telecinco<\/p>\n<p>Con todo este contexto, el cap\u00edtulo de esta noche se perfila como uno de los m\u00e1s impactantes de la edici\u00f3n. El reencuentro en el espejo, seg\u00fan quienes lo han presenciado, ser\u00e1 un antes y un despu\u00e9s para la pareja. <strong>Las l\u00e1grimas de Almudena, la culpa de Dar\u00edo, los once a\u00f1os de historia y el v\u00ednculo emocional entre ambos<\/strong> se condensar\u00e1n en una escena que promete dejar al p\u00fablico sin aliento. Y si algo ha dejado claro Terelu es que nadie est\u00e1 preparado para lo que est\u00e1 a punto de ver.<\/p>\n","protected":false},"excerpt":{"rendered":"&#8216;La isla de las tentaciones 9&#8217; se prepara para uno de los programas m\u00e1s esperados y emocionalmente intensos&hellip;\n","protected":false},"author":2,"featured_media":278284,"comment_status":"","ping_status":"","sticky":false,"template":"","format":"standard","meta":{"footnotes":""},"categories":[171],"tags":[146,147,25,24,23,214],"class_list":{"0":"post-278283","1":"post","2":"type-post","3":"status-publish","4":"format-standard","5":"has-post-thumbnail","7":"category-tv","8":"tag-entertainment","9":"tag-entretenimiento","10":"tag-es","11":"tag-espana","12":"tag-spain","13":"tag-tv"},"share_on_mastodon":{"url":"https:\/\/pubeurope.com\/@es\/115686028058607043","error":""},"_links":{"self":[{"href":"https:\/\/www.europesays.com\/es\/wp-json\/wp\/v2\/posts\/278283","targetHints":{"allow":["GET"]}}],"collection":[{"href":"https:\/\/www.europesays.com\/es\/wp-json\/wp\/v2\/posts"}],"about":[{"href":"https:\/\/www.europesays.com\/es\/wp-json\/wp\/v2\/types\/post"}],"author":[{"embeddable":true,"href":"https:\/\/www.europesays.com\/es\/wp-json\/wp\/v2\/users\/2"}],"replies":[{"embeddable":true,"href":"https:\/\/www.europesays.com\/es\/wp-json\/wp\/v2\/comments?post=278283"}],"version-history":[{"count":0,"href":"https:\/\/www.europesays.com\/es\/wp-json\/wp\/v2\/posts\/278283\/revisions"}],"wp:featuredmedia":[{"embeddable":true,"href":"https:\/\/www.europesays.com\/es\/wp-json\/wp\/v2\/media\/278284"}],"wp:attachment":[{"href":"https:\/\/www.europesays.com\/es\/wp-json\/wp\/v2\/media?parent=278283"}],"wp:term":[{"taxonomy":"category","embeddable":true,"href":"https:\/\/www.europesays.com\/es\/wp-json\/wp\/v2\/categories?post=278283"},{"taxonomy":"post_tag","embeddable":true,"href":"https:\/\/www.europesays.com\/es\/wp-json\/wp\/v2\/tags?post=278283"}],"curies":[{"name":"wp","href":"https:\/\/api.w.org\/{rel}","templated":true}]}}