{"id":278303,"date":"2025-12-08T21:26:14","date_gmt":"2025-12-08T21:26:14","guid":{"rendered":"https:\/\/www.europesays.com\/es\/278303\/"},"modified":"2025-12-08T21:26:14","modified_gmt":"2025-12-08T21:26:14","slug":"los-medicos-valencianos-se-suman-a-la-huelga-frente-al-borrador-de-estatuto-de-sanidad-noticias-de-la-comunidad-valenciana","status":"publish","type":"post","link":"https:\/\/www.europesays.com\/es\/278303\/","title":{"rendered":"Los m\u00e9dicos valencianos se suman a la huelga frente al borrador de estatuto de Sanidad | Noticias de la Comunidad Valenciana"},"content":{"rendered":"<p class=\"\">El <a href=\"https:\/\/sovamfic.net\/category\/noticias-foro-ap\/\" target=\"_self\" rel=\"nofollow noopener\" title=\"https:\/\/sovamfic.net\/category\/noticias-foro-ap\/\">Foro de M\u00e9dicos de Atenci\u00f3n Primaria de la Comunidad Valenciana (FOMAP-CV)<\/a> ha manifestado p\u00fablicamente su apoyo a las jornadas de huelga m\u00e9dica convocadas para los d\u00edas 9, 10, 11 y 12 de diciembre como parte de las movilizaciones frente al borrador del Estatuto Marco promovido por el Ministerio de Sanidad. Desde el FOMAP CV han afirmado en un comunicado que comparten el diagn\u00f3stico de fondo: si el marco normativo que regula a los m\u00e9dicos no reconoce su cualificaci\u00f3n, responsabilidad y condiciones espec\u00edficas, \u201cel sistema pierde capacidad de captar y retener talento, y eso impacta de forma directa en la seguridad del paciente y en la calidad asistencia\u201d. <\/p>\n<p class=\"\">\u201cEn t\u00e9rminos claros: sin condiciones dignas, no hay sostenibilidad del SNS\u201d, han indicado. Este posicionamiento del FOMAP-CV incorpora -de forma expl\u00edcita- la mirada de la Atenci\u00f3n Primaria y de sus sociedades cient\u00edficas y estudiantes de medicina, adem\u00e1s de la visi\u00f3n colegial y sindical, hecha p\u00fablica con anterioridad. En esa misma l\u00ednea, el Foro de la Profesi\u00f3n M\u00e9dica (CGCOM, FACME, CESM, CNDFM y CEEM) ha reiterado su respaldo a las movilizaciones y ha defendido la \u201cnecesidad\u201d de una normativa espec\u00edfica para el colectivo m\u00e9dico que garantice excelencia profesional, eficiencia del SNS y seguridad del paciente. <\/p>\n<p class=\"\">Para el FOMAP-CV, el debate no va solo de \u201ccondiciones laborales\u201d, sino que tambi\u00e9n va del modelo asistencial. \u201cPrimaria necesita una hoja de ruta que permita trabajar con agendas de calidad, cupos dimensionados y tiempos razonables, acabando con las agendas infinitas que impiden dedicar m\u00e1s tiempo a quien m\u00e1s lo necesita y limitan actividades cl\u00ednicas esenciales\u201d, han dicho. <\/p>\n<p class=\"\">El FOMAP-CV tiene un hist\u00f3rico de apoyo a movilizaciones cuando la Atenci\u00f3n Primaria y la profesi\u00f3n m\u00e9dica han entrado en una situaci\u00f3n l\u00edmite: falta de m\u00e9dicos, saturaci\u00f3n, listas de espera inaceptables y ausencia de inversi\u00f3n suficiente. El Foro ha hecho un llamamiento a la participaci\u00f3n y, a la vez, ha exigido que el Ministerio \u201cvuelva a la mesa\u201d con una propuesta seria: con voluntad negociadora, medidas concretas y respeto institucional. En la Comunitat Valenciana, y en el marco de estas jornadas, se han convocado concentraciones el 11 de diciembre a las 11 horas en las puertas de los hospitales. <\/p>\n","protected":false},"excerpt":{"rendered":"El Foro de M\u00e9dicos de Atenci\u00f3n Primaria de la Comunidad Valenciana (FOMAP-CV) ha manifestado p\u00fablicamente su apoyo a&hellip;\n","protected":false},"author":2,"featured_media":278304,"comment_status":"","ping_status":"","sticky":false,"template":"","format":"standard","meta":{"footnotes":""},"categories":[5],"tags":[17,18,242,25,24,13,14,238,11,19,20,6016,9,10,15,16,1811,17109,23,12,21,22,235],"class_list":{"0":"post-278303","1":"post","2":"type-post","3":"status-publish","4":"format-standard","5":"has-post-thumbnail","7":"category-titulares","8":"tag-breaking-news","9":"tag-breakingnews","10":"tag-comunidad-valenciana","11":"tag-es","12":"tag-espana","13":"tag-featured-news","14":"tag-featurednews","15":"tag-generalitat-valenciana","16":"tag-headlines","17":"tag-latest-news","18":"tag-latestnews","19":"tag-medicos","20":"tag-news","21":"tag-noticias","22":"tag-noticias-destacadas","23":"tag-noticiasdestacadas","24":"tag-sanidad","25":"tag-sanidad-publica","26":"tag-spain","27":"tag-titulares","28":"tag-ultimas-noticias","29":"tag-ultimasnoticias","30":"tag-valencia"},"share_on_mastodon":{"url":"https:\/\/pubeurope.com\/@es\/115686066272296276","error":""},"_links":{"self":[{"href":"https:\/\/www.europesays.com\/es\/wp-json\/wp\/v2\/posts\/278303","targetHints":{"allow":["GET"]}}],"collection":[{"href":"https:\/\/www.europesays.com\/es\/wp-json\/wp\/v2\/posts"}],"about":[{"href":"https:\/\/www.europesays.com\/es\/wp-json\/wp\/v2\/types\/post"}],"author":[{"embeddable":true,"href":"https:\/\/www.europesays.com\/es\/wp-json\/wp\/v2\/users\/2"}],"replies":[{"embeddable":true,"href":"https:\/\/www.europesays.com\/es\/wp-json\/wp\/v2\/comments?post=278303"}],"version-history":[{"count":0,"href":"https:\/\/www.europesays.com\/es\/wp-json\/wp\/v2\/posts\/278303\/revisions"}],"wp:featuredmedia":[{"embeddable":true,"href":"https:\/\/www.europesays.com\/es\/wp-json\/wp\/v2\/media\/278304"}],"wp:attachment":[{"href":"https:\/\/www.europesays.com\/es\/wp-json\/wp\/v2\/media?parent=278303"}],"wp:term":[{"taxonomy":"category","embeddable":true,"href":"https:\/\/www.europesays.com\/es\/wp-json\/wp\/v2\/categories?post=278303"},{"taxonomy":"post_tag","embeddable":true,"href":"https:\/\/www.europesays.com\/es\/wp-json\/wp\/v2\/tags?post=278303"}],"curies":[{"name":"wp","href":"https:\/\/api.w.org\/{rel}","templated":true}]}}