{"id":278307,"date":"2025-12-08T21:32:12","date_gmt":"2025-12-08T21:32:12","guid":{"rendered":"https:\/\/www.europesays.com\/es\/278307\/"},"modified":"2025-12-08T21:32:12","modified_gmt":"2025-12-08T21:32:12","slug":"llega-el-debut-de-van-der-poel-tras-su-temporada-perfecta-y-ganar-24-de-las-ultimas-25-carreras","status":"publish","type":"post","link":"https:\/\/www.europesays.com\/es\/278307\/","title":{"rendered":"Llega el debut de Van der Poel tras su temporada perfecta y ganar 24 de las \u00faltimas 25 carreras"},"content":{"rendered":"<blockquote class=\"quote-card lateral\">\n<p>Van der Poel ha ganado 24 de sus \u00faltimas 25 carreras de ciclocross<\/p>\n<\/blockquote>\n<p>Mathieu van der Poel <a href=\"https:\/\/esmtb.com\/mathieu-van-der-poel-se-siente-en-forma-confirma-que-arrancara-la-temporada-de-ciclocross-en-namur\/\" target=\"_blank\" rel=\"noopener nofollow\">regresa esta semana al ciclocross<\/a> en la Copa del Mundo de Namur, punto de partida de un invierno en el que busca escribir otro cap\u00edtulo \u00fanico en su trayectoria. Llega despu\u00e9s de completar en 2024\u20132025 <a href=\"https:\/\/esmtb.com\/dominio-aplastante-de-mathieu-van-der-poel-gana-su-7a-mundial-de-ciclocross-y-cierra-una-temporada-perfecta\/\" target=\"_blank\" rel=\"noopener nofollow\">la temporada perfecta en la modalidad<\/a>, ganando todas las carreras en las que particip\u00f3. En total, el neerland\u00e9s ha vencido en 24 de las \u00faltimas 25 pruebas que ha disputado en ciclocross, una cifra que deja claro su dominio en esta modalidad. Precisamente la \u00fanica derrota que ha tenido en esas \u00faltimas 25 carreras fue <a href=\"https:\/\/esmtb.com\/van-aert-gana-en-benidorm-en-la-1a-derrota-de-van-der-poel-con-orts-de-nuevo-en-el-top-10\/\" target=\"_blank\" rel=\"noopener nofollow\">a manos de Van Aert en la Copa del Mundo de Benidorm<\/a>.<\/p>\n<p>\t Contin\u00faa tras los patrocinadores<\/p>\n<blockquote class=\"quote-card lateral\">\n<p>Su gran objetivo es el mundial<\/p>\n<\/blockquote>\n<p>Su gran objetivo vuelve a ser el Mundial. Un nuevo maillot arco\u00edris ampliar\u00eda a\u00fan m\u00e1s un palmar\u00e9s que ya es incomparable en la era moderna y lo acercar\u00eda a un estatus que nadie ha alcanzado en la historia del ciclocross. Tras varias semanas de entrenamiento en Espa\u00f1a, Van der Poel ha decidido mantener el plan previsto y competir desde <a href=\"https:\/\/esmtb.com\/mathieu-van-der-poel-ya-tiene-calendario-de-ciclocross-con-un-maximo-de-13-carreras\/\" target=\"_blank\" rel=\"noopener nofollow\">el inicio del calendario<\/a> que su equipo hab\u00eda dise\u00f1ado para \u00e9l.<\/p>\n<p data-start=\"25\" data-end=\"584\" data-is-last-node=\"\" data-is-only-node=\"\">Ese objetivo principal situado en el Mundial no solo lo es por la importancia del maillot arco\u00edris, sino porque un nuevo t\u00edtulo le permitir\u00eda alcanzar un hito hist\u00f3rico: convertirse en el corredor m\u00e1s laureado de todos los tiempos en ciclocross con ocho campeonatos. Con siete conquistas ya iguala el r\u00e9cord de Eric De Vlaeminck, y lograr una m\u00e1s podr\u00eda marcar un punto de inflexi\u00f3n en su relaci\u00f3n con la modalidad. No ser\u00eda descartable que, alcanzada esa cima, redefina su participaci\u00f3n futura en el ciclocross y priorice a\u00fan m\u00e1s su calendario en carretera y MTB.<\/p>\n<p><a href=\"https:\/\/esmtb.com\/wp-content\/uploads\/2024\/12\/mvdpo12.jpg\" rel=\"nofollow noopener\" target=\"_blank\"><img fetchpriority=\"high\" decoding=\"async\" class=\"size-large wp-image-146225 \" src=\"https:\/\/www.europesays.com\/es\/wp-content\/uploads\/2025\/12\/mvdpo12-1024x614.jpg\" alt=\"\" width=\"1024\" height=\"614\"  \/><\/a><\/p>\n<p class=\"wp-caption-text\">Mathieu van der Poel<\/p>\n<p>Un calendario s\u00f3lido, aunque con una inc\u00f3gnita en Benidorm<\/p>\n<blockquote class=\"quote-card lateral\">\n<p>Benidorm a\u00fan en el aire<\/p>\n<\/blockquote>\n<p>El programa de Van der Poel para este invierno, ya detallado en otra noticia, incluye las rondas clave de la Copa del Mundo y las grandes citas previas al Mundial. Sin embargo, la carrera de Benidorm sigue siendo la gran inc\u00f3gnita. La organizaci\u00f3n, el equipo y el propio corredor a\u00fan no han confirmado oficialmente su participaci\u00f3n. El resto del calendario europeo mantiene las fechas habituales, con una secuencia intensa de pruebas a lo largo del mes de diciembre y la primera mitad de enero.<\/p>\n<p>Rivales y ausencias en su debut de Namur<\/p>\n<blockquote class=\"quote-card lateral\">\n<p>El duelo MVDP\u2013Van Aert llegar\u00e1 m\u00e1s adelante en la temporada<\/p>\n<\/blockquote>\n<p>En Namur no habr\u00e1 duelo con Wout van Aert. El belga <a href=\"https:\/\/esmtb.com\/8-carreras-en-el-calendario-de-ciclocross-de-wout-van-aert\/\" target=\"_blank\" rel=\"noopener nofollow\">arrancar\u00e1 su temporada algo m\u00e1s tarde<\/a>, pero todo indica que ambos volver\u00e1n a coincidir en varias citas antes del Mundial. A d\u00eda de hoy, todav\u00eda existe la opci\u00f3n real de que Van Aert decida tomar la salida en la carrera por el maillot arco\u00edris, igual que hizo el invierno pasado, cuando confirm\u00f3 su presencia con muy poca antelaci\u00f3n.<\/p>\n<p>Para Namur, sobre el papel, el mayor rival de Van der Poel deber\u00eda ser Thibau Nys, uno de los corredores m\u00e1s en forma del inicio de temporada. A \u00e9l se suman habituales del podio mundial como Michael Vanthourenhout o Joris Nieuwenhuis, ambos capaces de sacar provecho en un circuito tan t\u00e9cnico y exigente como el de la Ciudadela.<\/p>\n","protected":false},"excerpt":{"rendered":"Van der Poel ha ganado 24 de sus \u00faltimas 25 carreras de ciclocross Mathieu van der Poel regresa&hellip;\n","protected":false},"author":2,"featured_media":278308,"comment_status":"","ping_status":"","sticky":false,"template":"","format":"standard","meta":{"footnotes":""},"categories":[273],"tags":[313,44324,312,168,25,24,7619,23,167],"class_list":{"0":"post-278307","1":"post","2":"type-post","3":"status-publish","4":"format-standard","5":"has-post-thumbnail","7":"category-ciclismo","8":"tag-ciclismo","9":"tag-ciclocross","10":"tag-cycling","11":"tag-deportes","12":"tag-es","13":"tag-espana","14":"tag-mathieu-van-der-poel","15":"tag-spain","16":"tag-sports"},"share_on_mastodon":{"url":"https:\/\/pubeurope.com\/@es\/115686090363497707","error":""},"_links":{"self":[{"href":"https:\/\/www.europesays.com\/es\/wp-json\/wp\/v2\/posts\/278307","targetHints":{"allow":["GET"]}}],"collection":[{"href":"https:\/\/www.europesays.com\/es\/wp-json\/wp\/v2\/posts"}],"about":[{"href":"https:\/\/www.europesays.com\/es\/wp-json\/wp\/v2\/types\/post"}],"author":[{"embeddable":true,"href":"https:\/\/www.europesays.com\/es\/wp-json\/wp\/v2\/users\/2"}],"replies":[{"embeddable":true,"href":"https:\/\/www.europesays.com\/es\/wp-json\/wp\/v2\/comments?post=278307"}],"version-history":[{"count":0,"href":"https:\/\/www.europesays.com\/es\/wp-json\/wp\/v2\/posts\/278307\/revisions"}],"wp:featuredmedia":[{"embeddable":true,"href":"https:\/\/www.europesays.com\/es\/wp-json\/wp\/v2\/media\/278308"}],"wp:attachment":[{"href":"https:\/\/www.europesays.com\/es\/wp-json\/wp\/v2\/media?parent=278307"}],"wp:term":[{"taxonomy":"category","embeddable":true,"href":"https:\/\/www.europesays.com\/es\/wp-json\/wp\/v2\/categories?post=278307"},{"taxonomy":"post_tag","embeddable":true,"href":"https:\/\/www.europesays.com\/es\/wp-json\/wp\/v2\/tags?post=278307"}],"curies":[{"name":"wp","href":"https:\/\/api.w.org\/{rel}","templated":true}]}}