{"id":278309,"date":"2025-12-08T21:34:11","date_gmt":"2025-12-08T21:34:11","guid":{"rendered":"https:\/\/www.europesays.com\/es\/278309\/"},"modified":"2025-12-08T21:34:11","modified_gmt":"2025-12-08T21:34:11","slug":"baloncesto-leyma-coruna-mus-barro-refuerzo-de-navidad-para-el-leyma-coruna","status":"publish","type":"post","link":"https:\/\/www.europesays.com\/es\/278309\/","title":{"rendered":"BALONCESTO LEYMA CORU\u00d1A Mus Barro, refuerzo de Navidad para el Leyma Coru\u00f1a"},"content":{"rendered":"<p class=\"ft-text\">El <strong>Leyma B\u00e1squet Coru\u00f1a<\/strong> ha adelantado su carta a los Reyes Magos. Al buen hacer deportivo y la \u00faltima victoria frente al Palencia, el club naranja ha sumado a sus regalos navide\u00f1os la llegada de un nuevo cinco. <strong>Mus Barro<\/strong> (Senegal, 1995) se incorpora a la plantilla coru\u00f1esa para afianzar la pintura, complementar a Abdou Thiam e Ilimane Diop bajo el aro y sumar cent\u00edmetros (2,08 metros) al juego interior coru\u00f1\u00e9s.<\/p>\n<p class=\"ft-text\">Formado en Espa\u00f1a, el nuevo jugador naranja acumula experiencia en el baloncesto nacional desde la campa\u00f1a 2016-17, cuando empez\u00f3 a despuntar en el Isover Basquet Azuqueca (Guadalajara). Las siguientes temporadas milit\u00f3 en el Ciudad de Ponferrada, La Roda y UDEA Algeciras, hasta que lleg\u00f3 al Plant\u00edo para vestir la camiseta del <strong>Tizona Burgos<\/strong> (2020-21). Con el conjunto burgal\u00e9s en LEB Oro, destac\u00f3 como uno de los jugadores m\u00e1s valorados del torneo, lo que le vali\u00f3 para dar el salto internacional a las filas del Porto. Tras la aventura portuguesa regres\u00f3 a Espa\u00f1a para enrolarse en el <strong>Palencia <\/strong>y, de ah\u00ed, salt\u00f3 a Venezuela y Francia.<\/p>\n<p class=\"ft-text\">En las \u00faltimas campa\u00f1as, Barro jug\u00f3 en el <strong>Alicante<\/strong>, donde promedi\u00f3 9,8 puntos y 5,2 rebotes, y en el<strong> Estudiantes <\/strong>(8 puntos y 4,9 rebotes). El curso pasado compiti\u00f3 en el Panteras de Aguascalientes mexicano, con unos n\u00fameros de 11,5 puntos y 8,6 rebotes de media.<\/p>\n<p class=\"ft-text\">\u00abMuy buen jugador de pick and roll con capacidad para jugar por encima del aro y generar situaciones de tiro cercanas a la canasta\u00bb, destaca el Leyma en su comunicado. La entidad naranja, adem\u00e1s, resalta sus capacidades f\u00edsicas para<strong> \u00abrealizar transiciones r\u00e1pidas\u00bb <\/strong>y contraataques, un estilo que se adecua a lo que propone Carles Marco sobre el parqu\u00e9 cada semana. En labores defensivas, el club indica que es un jugador que aporta \u00abcapacidad para intimidar, rebotear y defender el bloqueo directo\u00bb.<\/p>\n<p class=\"ft-text\">Es el segundo jugador que apuntala la plantilla naranja a mitad de la campa\u00f1a, tras la llegada de <strong>Dino Radoncic<\/strong> para cubrir la baja de Yoanki Menc\u00eda en octubre.<\/p>\n","protected":false},"excerpt":{"rendered":"El Leyma B\u00e1squet Coru\u00f1a ha adelantado su carta a los Reyes Magos. Al buen hacer deportivo y la&hellip;\n","protected":false},"author":2,"featured_media":278310,"comment_status":"","ping_status":"","sticky":false,"template":"","format":"standard","meta":{"footnotes":""},"categories":[269],"tags":[299,40895,298,168,25,24,30812,19726,67676,2951,3917,2871,23,167],"class_list":{"0":"post-278309","1":"post","2":"type-post","3":"status-publish","4":"format-standard","5":"has-post-thumbnail","7":"category-baloncesto","8":"tag-baloncesto","9":"tag-barro","10":"tag-basketball","11":"tag-deportes","12":"tag-es","13":"tag-espana","14":"tag-leyma","15":"tag-leyma-basquet-coruna","16":"tag-mus","17":"tag-navidad","18":"tag-primera-feb","19":"tag-refuerzo","20":"tag-spain","21":"tag-sports"},"share_on_mastodon":{"url":"https:\/\/pubeurope.com\/@es\/115686098072750906","error":""},"_links":{"self":[{"href":"https:\/\/www.europesays.com\/es\/wp-json\/wp\/v2\/posts\/278309","targetHints":{"allow":["GET"]}}],"collection":[{"href":"https:\/\/www.europesays.com\/es\/wp-json\/wp\/v2\/posts"}],"about":[{"href":"https:\/\/www.europesays.com\/es\/wp-json\/wp\/v2\/types\/post"}],"author":[{"embeddable":true,"href":"https:\/\/www.europesays.com\/es\/wp-json\/wp\/v2\/users\/2"}],"replies":[{"embeddable":true,"href":"https:\/\/www.europesays.com\/es\/wp-json\/wp\/v2\/comments?post=278309"}],"version-history":[{"count":0,"href":"https:\/\/www.europesays.com\/es\/wp-json\/wp\/v2\/posts\/278309\/revisions"}],"wp:featuredmedia":[{"embeddable":true,"href":"https:\/\/www.europesays.com\/es\/wp-json\/wp\/v2\/media\/278310"}],"wp:attachment":[{"href":"https:\/\/www.europesays.com\/es\/wp-json\/wp\/v2\/media?parent=278309"}],"wp:term":[{"taxonomy":"category","embeddable":true,"href":"https:\/\/www.europesays.com\/es\/wp-json\/wp\/v2\/categories?post=278309"},{"taxonomy":"post_tag","embeddable":true,"href":"https:\/\/www.europesays.com\/es\/wp-json\/wp\/v2\/tags?post=278309"}],"curies":[{"name":"wp","href":"https:\/\/api.w.org\/{rel}","templated":true}]}}