{"id":278311,"date":"2025-12-08T21:35:10","date_gmt":"2025-12-08T21:35:10","guid":{"rendered":"https:\/\/www.europesays.com\/es\/278311\/"},"modified":"2025-12-08T21:35:10","modified_gmt":"2025-12-08T21:35:10","slug":"davies-pide-paso-as-com","status":"publish","type":"post","link":"https:\/\/www.europesays.com\/es\/278311\/","title":{"rendered":"Davies pide paso &#8211; AS.com"},"content":{"rendered":"<p class=\"\">El Bayern de M\u00fanich podr\u00eda recuperar esta semana a <b>Alphonso Davies tras m\u00e1s de ocho meses de baja por la rotura de cruzado<\/b> que fren\u00f3 en seco su 2025. El canadiense ha aumentado progresivamente las cargas y ya ha completado varias sesiones con el grupo. Su presencia en el entrenamiento previo al duelo de Champions contra el Sporting aliment\u00f3 el optimismo sobre un regreso inmediato, aunque el cuerpo t\u00e9cnico se mueve con cautela para no correr ning\u00fan riesgo.<\/p>\n<p class=\"\">En la rueda de prensa previa al choque contra los portugueses, Vincent Kompany explic\u00f3 que la decisi\u00f3n final a\u00fan no estaba tomada y que depender\u00eda de una \u00faltima conversaci\u00f3n con el jugador y el departamento m\u00e9dico. <b>\u201cPero la posibilidad de que ma\u00f1ana est\u00e9 en la convocatoria est\u00e1 ah\u00ed\u201d, afirm\u00f3 el t\u00e9cnico muniqu\u00e9s<\/b>, abriendo la puerta a un primer paso hacia la normalidad. Sin embargo, el belga advirti\u00f3 que el duelo podr\u00eda no ser el escenario ideal para su reaparici\u00f3n si el gui\u00f3n es muy exigente. \u201cSi el partido es como creo \u2014muy ajustado\u2014, entonces probablemente todav\u00eda no tendr\u00e1 minutos\u201d, matiz\u00f3, consciente de que la gesti\u00f3n de cargas debe ser milim\u00e9trica.<\/p>\n<p>Noticias relacionadas<\/p>\n<p class=\"\">Aun as\u00ed, el tono general es de ilusi\u00f3n. Kompany dej\u00f3 claro que Davies est\u00e1 muy cerca de volver a competir y que solo falta que el contexto acompa\u00f1e. Tras semanas de progresi\u00f3n estable, el ansiado momento parece inminente:<b> \u201cPuede que esta semana tenga sus primeros minutos\u201d<\/b>, se\u00f1al\u00f3 el t\u00e9cnico, que tambi\u00e9n est\u00e1 cerca de recuperar a Jamal Musiala tras su fractura de peron\u00e9. <\/p>\n<p class=\"\"><b>\u00a1Tus opiniones importan!<\/b> Comenta en los art\u00edculos y suscr\u00edbete gratis a nuestra <a href=\"https:\/\/asfan.as.com\/newsletters\/\" target=\"_blank\" rel=\"nofollow noopener\" title=\"https:\/\/asfan.as.com\/newsletters\/\">newsletter<\/a> y a las alertas informativas en la <a href=\"https:\/\/as.com\/aplicacion-de-as-n\/\" target=\"_blank\" rel=\"nofollow noopener\" title=\"https:\/\/as.com\/aplicacion-de-as-n\/\">App<\/a> o el canal de <a href=\"https:\/\/www.whatsapp.com\/channel\/0029VaAasdA7j6g745nz9M10\" target=\"_blank\" rel=\"nofollow noopener\" title=\"https:\/\/www.whatsapp.com\/channel\/0029VaAasdA7j6g745nz9M10\">WhatsApp<\/a>. \u00bfBuscas licenciar contenido? Haz clic <a href=\"https:\/\/profesional.elpais.com\/soluciones-sindicacion?utm_medium=interno&amp;utm_source=crosslinking&amp;utm_campaign=sindicacion_as_pie_articulos\" target=\"_blank\" rel=\"nofollow noopener\" title=\"https:\/\/profesional.elpais.com\/soluciones-sindicacion?utm_medium=interno&amp;utm_source=crosslinking&amp;utm_campaign=sindicacion_as_pie_articulos\">aqu\u00ed<\/a><\/p>\n","protected":false},"excerpt":{"rendered":"El Bayern de M\u00fanich podr\u00eda recuperar esta semana a Alphonso Davies tras m\u00e1s de ocho meses de baja&hellip;\n","protected":false},"author":2,"featured_media":278312,"comment_status":"","ping_status":"","sticky":false,"template":"","format":"standard","meta":{"footnotes":""},"categories":[268],"tags":[168,25,24,280,282,281,23,167],"class_list":{"0":"post-278311","1":"post","2":"type-post","3":"status-publish","4":"format-standard","5":"has-post-thumbnail","7":"category-futbol","8":"tag-deportes","9":"tag-es","10":"tag-espana","11":"tag-football","12":"tag-futbol","13":"tag-soccer","14":"tag-spain","15":"tag-sports"},"share_on_mastodon":{"url":"https:\/\/pubeurope.com\/@es\/115686101922314086","error":""},"_links":{"self":[{"href":"https:\/\/www.europesays.com\/es\/wp-json\/wp\/v2\/posts\/278311","targetHints":{"allow":["GET"]}}],"collection":[{"href":"https:\/\/www.europesays.com\/es\/wp-json\/wp\/v2\/posts"}],"about":[{"href":"https:\/\/www.europesays.com\/es\/wp-json\/wp\/v2\/types\/post"}],"author":[{"embeddable":true,"href":"https:\/\/www.europesays.com\/es\/wp-json\/wp\/v2\/users\/2"}],"replies":[{"embeddable":true,"href":"https:\/\/www.europesays.com\/es\/wp-json\/wp\/v2\/comments?post=278311"}],"version-history":[{"count":0,"href":"https:\/\/www.europesays.com\/es\/wp-json\/wp\/v2\/posts\/278311\/revisions"}],"wp:featuredmedia":[{"embeddable":true,"href":"https:\/\/www.europesays.com\/es\/wp-json\/wp\/v2\/media\/278312"}],"wp:attachment":[{"href":"https:\/\/www.europesays.com\/es\/wp-json\/wp\/v2\/media?parent=278311"}],"wp:term":[{"taxonomy":"category","embeddable":true,"href":"https:\/\/www.europesays.com\/es\/wp-json\/wp\/v2\/categories?post=278311"},{"taxonomy":"post_tag","embeddable":true,"href":"https:\/\/www.europesays.com\/es\/wp-json\/wp\/v2\/tags?post=278311"}],"curies":[{"name":"wp","href":"https:\/\/api.w.org\/{rel}","templated":true}]}}