{"id":278315,"date":"2025-12-08T21:37:11","date_gmt":"2025-12-08T21:37:11","guid":{"rendered":"https:\/\/www.europesays.com\/es\/278315\/"},"modified":"2025-12-08T21:37:11","modified_gmt":"2025-12-08T21:37:11","slug":"una-fuga-de-agua-en-el-museo-del-louvre-dana-cientos-de-libros-historicos","status":"publish","type":"post","link":"https:\/\/www.europesays.com\/es\/278315\/","title":{"rendered":"Una fuga de agua en el Museo del Louvre da\u00f1a cientos de libros hist\u00f3ricos"},"content":{"rendered":"<p>      CNN<br \/>\n        \u00a0\u2014\u00a0<\/p>\n<p class=\"paragraph inline-placeholder vossi-paragraph\" data-uri=\"es.cms.cnn.com\/_components\/paragraph\/instances\/cmixik4z1000r26nq3zpn4cv4@published\" data-editable=\"text\" data-component-name=\"paragraph\" data-article-gutter=\"true\">\n            Una fuga de agua en el Museo del Louvre, en Par\u00eds, ha da\u00f1ado cientos de libros, lo que pone de manifiesto nuevos problemas en el museo m\u00e1s grande del mundo tras un espectacular robo ocurrido en octubre.\n    <\/p>\n<p class=\"paragraph inline-placeholder vossi-paragraph\" data-uri=\"es.cms.cnn.com\/_components\/paragraph\/instances\/cmixilt9y0005356p6xy4iawi@published\" data-editable=\"text\" data-component-name=\"paragraph\" data-article-gutter=\"true\">\n            Este lunes, un portavoz del museo declar\u00f3 a CNN que la fuga, que se produjo el 26 de noviembre, da\u00f1\u00f3 entre 300 y 400 libros, que datan de finales del siglo XIX y principios del XX.\n    <\/p>\n<p class=\"paragraph inline-placeholder vossi-paragraph\" data-uri=\"es.cms.cnn.com\/_components\/paragraph\/instances\/cmixilt9y0006356pcfb45tc2@published\" data-editable=\"text\" data-component-name=\"paragraph\" data-article-gutter=\"true\">\n            La fuga se produjo cuando se abri\u00f3 por error una v\u00e1lvula que forma parte de un sistema de plomer\u00eda ya en desuso. Este sistema se hab\u00eda desconectado hace meses y est\u00e1 previsto que se reemplace como parte de las obras de renovaci\u00f3n que comenzar\u00e1n en septiembre de 2026, seg\u00fan el portavoz.\n    <\/p>\n<p>       <img decoding=\"async\" src=\"https:\/\/www.europesays.com\/es\/wp-content\/uploads\/2025\/12\/gettyimages-2246889337-20251208190035780.JPG\" alt=\"Una vista del Museo del Louvre, en Par\u00eds.\" class=\"image__dam-img image__dam-img--loading\" onload=\"this.classList.remove('image__dam-img--loading')\" onerror=\"imageLoadError(this)\" height=\"1575\" width=\"2800\" loading=\"lazy\"\/><\/p>\n<p class=\"paragraph inline-placeholder vossi-paragraph\" data-uri=\"es.cms.cnn.com\/_components\/paragraph\/instances\/cmixilt9y0007356pvgkk9qc9@published\" data-editable=\"text\" data-component-name=\"paragraph\" data-article-gutter=\"true\">\n            Los textos est\u00e1n relacionados con la egiptolog\u00eda y la documentaci\u00f3n cient\u00edfica. Si bien son consultados regularmente por los visitantes, no son los \u00fanicos ejemplares que existen en el mundo, a\u00f1adi\u00f3 el portavoz.\n    <\/p>\n<p class=\"paragraph inline-placeholder vossi-paragraph\" data-uri=\"es.cms.cnn.com\/_components\/paragraph\/instances\/cmixilt9y0008356pbkk88hnc@published\" data-editable=\"text\" data-component-name=\"paragraph\" data-article-gutter=\"true\">\n            Los libros ser\u00e1n devueltos a las estanter\u00edas una vez que se hayan secado y reparado, indic\u00f3.\n    <\/p>\n<p class=\"paragraph inline-placeholder vossi-paragraph\" data-uri=\"es.cms.cnn.com\/_components\/paragraph\/instances\/cmixilt9y0009356p1fwjia8d@published\" data-editable=\"text\" data-component-name=\"paragraph\" data-article-gutter=\"true\">\n            Aunque las autoridades no creen que la colecci\u00f3n sufra da\u00f1os permanentes, la fuga es un motivo m\u00e1s de preocupaci\u00f3n despu\u00e9s de que el <a href=\"https:\/\/cnnespanol.cnn.com\/2025\/10\/19\/mundo\/robo-joyas-louvre-ladrones-trax\" rel=\"nofollow noopener\" target=\"_blank\">robo del 19 de octubre pusiera de manifiesto graves fallos de seguridad en el Louvre<\/a>.\n    <\/p>\n<p class=\"paragraph inline-placeholder vossi-paragraph\" data-uri=\"es.cms.cnn.com\/_components\/paragraph\/instances\/cmixilt9y000a356pzf6244ja@published\" data-editable=\"text\" data-component-name=\"paragraph\" data-article-gutter=\"true\">\n            Los ladrones asaltaron la Galer\u00eda de Apolo, en la planta superior del museo, utilizando una escalera montada en un cami\u00f3n para acceder a trav\u00e9s de una ventana.\n    <\/p>\n<p class=\"paragraph inline-placeholder vossi-paragraph\" data-uri=\"es.cms.cnn.com\/_components\/paragraph\/instances\/cmixilt9y000b356pb9aeibrw@published\" data-editable=\"text\" data-component-name=\"paragraph\" data-article-gutter=\"true\">\n            Forzaron dos vitrinas y se llevaron nueve objetos, entre ellos un conjunto de joyas de diamantes y zafiros que pertenecieron a la reina Mar\u00eda Amalia y a la reina Hortensia.\n    <\/p>\n<p class=\"paragraph inline-placeholder vossi-paragraph\" data-uri=\"es.cms.cnn.com\/_components\/paragraph\/instances\/cmixilt9y000c356p1k7uxh8r@published\" data-editable=\"text\" data-component-name=\"paragraph\" data-article-gutter=\"true\">\n            En tan solo siete minutos, los ladrones se hicieron con un bot\u00edn valorado en m\u00e1s de US$ 100 millones, lo que provoc\u00f3 una gran consternaci\u00f3n por las insuficientes medidas de seguridad.\n    <\/p>\n<p class=\"paragraph inline-placeholder vossi-paragraph\" data-uri=\"es.cms.cnn.com\/_components\/paragraph\/instances\/cmixilt9y000d356ps5bxuchi@published\" data-editable=\"text\" data-component-name=\"paragraph\" data-article-gutter=\"true\">\n            Las autoridades tambi\u00e9n han reconocido los \u201cproblemas estructurales que afronta el museo\u201d, que se construy\u00f3 a partir de finales del siglo XII y recibi\u00f3 8,7 millones de visitantes el a\u00f1o pasado.\n    <\/p>\n<p class=\"paragraph inline-placeholder vossi-paragraph\" data-uri=\"es.cms.cnn.com\/_components\/paragraph\/instances\/cmixilt9y000e356p69twvdz4@published\" data-editable=\"text\" data-component-name=\"paragraph\" data-article-gutter=\"true\">\n            En noviembre, el museo anunci\u00f3 que aumentar\u00eda el precio de las entradas para financiar un programa de modernizaci\u00f3n.\n    <\/p>\n<p class=\"paragraph inline-placeholder vossi-paragraph\" data-uri=\"es.cms.cnn.com\/_components\/paragraph\/instances\/cmixilt9y000f356pge0fooc5@published\" data-editable=\"text\" data-component-name=\"paragraph\" data-article-gutter=\"true\">\n            A partir del 14 de enero de 2026, la entrada individual para visitantes por fuera del Espacio Econ\u00f3mico Europeo (EEE) \u2014un grupo de naciones que comprende los Estados miembros de la Uni\u00f3n Europea, adem\u00e1s de Islandia, Liechtenstein y Noruega\u2014 costar\u00e1 32 euros (US$ 37), un aumento del 45 % con respecto a los precios actuales. Se prev\u00e9 que esto genere entre 15 y 20 millones de euros adicionales al a\u00f1o (entre US$ 17 millones y US$ 23 millones), que se invertir\u00e1n en la mejora de las infraestructuras.\n    <\/p>\n<p class=\"paragraph inline-placeholder vossi-paragraph\" data-uri=\"es.cms.cnn.com\/_components\/paragraph\/instances\/cmixilt9y000g356pslidz5c2@published\" data-editable=\"text\" data-component-name=\"paragraph\" data-article-gutter=\"true\">\n            Con informaci\u00f3n de Joseph Ataman.\n    <\/p>\n","protected":false},"excerpt":{"rendered":"CNN \u00a0\u2014\u00a0 Una fuga de agua en el Museo del Louvre, en Par\u00eds, ha da\u00f1ado cientos de libros,&hellip;\n","protected":false},"author":2,"featured_media":278316,"comment_status":"","ping_status":"","sticky":false,"template":"","format":"standard","meta":{"footnotes":""},"categories":[173],"tags":[229,233,231,230,232,234,146,147,25,24,67677,67678,9212,23],"class_list":{"0":"post-278315","1":"post","2":"type-post","3":"status-publish","4":"format-standard","5":"has-post-thumbnail","7":"category-arte-y-diseno","8":"tag-arte","9":"tag-arte-y-diseno","10":"tag-arts","11":"tag-arts-and-design","12":"tag-design","13":"tag-diseno","14":"tag-entertainment","15":"tag-entretenimiento","16":"tag-es","17":"tag-espana","18":"tag-fuga-de-agua","19":"tag-libros-danados","20":"tag-louvre","21":"tag-spain"},"share_on_mastodon":{"url":"https:\/\/pubeurope.com\/@es\/115686109652425008","error":""},"_links":{"self":[{"href":"https:\/\/www.europesays.com\/es\/wp-json\/wp\/v2\/posts\/278315","targetHints":{"allow":["GET"]}}],"collection":[{"href":"https:\/\/www.europesays.com\/es\/wp-json\/wp\/v2\/posts"}],"about":[{"href":"https:\/\/www.europesays.com\/es\/wp-json\/wp\/v2\/types\/post"}],"author":[{"embeddable":true,"href":"https:\/\/www.europesays.com\/es\/wp-json\/wp\/v2\/users\/2"}],"replies":[{"embeddable":true,"href":"https:\/\/www.europesays.com\/es\/wp-json\/wp\/v2\/comments?post=278315"}],"version-history":[{"count":0,"href":"https:\/\/www.europesays.com\/es\/wp-json\/wp\/v2\/posts\/278315\/revisions"}],"wp:featuredmedia":[{"embeddable":true,"href":"https:\/\/www.europesays.com\/es\/wp-json\/wp\/v2\/media\/278316"}],"wp:attachment":[{"href":"https:\/\/www.europesays.com\/es\/wp-json\/wp\/v2\/media?parent=278315"}],"wp:term":[{"taxonomy":"category","embeddable":true,"href":"https:\/\/www.europesays.com\/es\/wp-json\/wp\/v2\/categories?post=278315"},{"taxonomy":"post_tag","embeddable":true,"href":"https:\/\/www.europesays.com\/es\/wp-json\/wp\/v2\/tags?post=278315"}],"curies":[{"name":"wp","href":"https:\/\/api.w.org\/{rel}","templated":true}]}}