{"id":278333,"date":"2025-12-08T21:47:09","date_gmt":"2025-12-08T21:47:09","guid":{"rendered":"https:\/\/www.europesays.com\/es\/278333\/"},"modified":"2025-12-08T21:47:09","modified_gmt":"2025-12-08T21:47:09","slug":"al-sharaa-promete-reconstruir-siria-en-el-primer-aniversario-de-la-caida-de-bashar-al-assad","status":"publish","type":"post","link":"https:\/\/www.europesays.com\/es\/278333\/","title":{"rendered":"Al Sharaa promete \u00abreconstruir Siria\u00bb en el primer aniversario de la ca\u00edda de Bashar al Assad"},"content":{"rendered":"<p>\n  Por&amp;nbsp<b>\u064a\u0648\u0631\u0648\u0646\u064a\u0648\u0632<\/b>\n<\/p>\n<p>\n         Publicado<br \/>\n            08\/12\/2025 &#8211; 22:23 CET\n            <\/p>\n<p>Vestido con uniforme militar, el presidente interino de Siria, Ahmad al Sharaa, pronunci\u00f3 <strong>un discurso en la mezquita de los Omeyas<\/strong> tras la oraci\u00f3n de la ma\u00f1ana, al cumplirse un a\u00f1o de <a href=\"https:\/\/es.euronews.com\/my-europe\/2025\/01\/08\/que-significa-la-caida-de-al-assad-para-los-estados-miembros-de-la-ue-y-sus-politicas-de-a\" rel=\"nofollow noopener\" target=\"_blank\">la ca\u00edda del r\u00e9gimen de Bashar al Assad<\/a>. En su intervenci\u00f3n, asegur\u00f3 que trabajar\u00e1 para reconstruir el pa\u00eds \u00abcomo se merece\u00bb. <\/p>\n<p>Apelando a la tradici\u00f3n isl\u00e1mica, Al Sharaa cit\u00f3 las palabras atribuidas al primer califa, Abu Bakr al Siddiq, <strong>al asumir el liderazgo tras la muerte del profeta Mahoma<\/strong>: \u00abObedecedme mientras yo obedezca a Dios\u2026 Ning\u00fan obst\u00e1culo se interpondr\u00e1 en nuestro camino y enfrentaremos todos los desaf\u00edos, si Dios quiere\u00bb. <\/p>\n<p>El mandatario transitorio afirm\u00f3 que <strong>su objetivo es restaurar Siria \u00abde norte a sur y de este a oeste\u00bb<\/strong>, levantando un pa\u00eds \u00abdigno de su historia y de su presente\u00bb, y prometi\u00f3 enfocarse en los sectores m\u00e1s vulnerables y en el restablecimiento de la Justicia.<\/p>\n<p>Durante la ceremonia, Al Sharaa present\u00f3 un fragmento de la cortina que cubre la Kaaba, obsequio del pr\u00edncipe heredero saud\u00ed, Mohammed bin Salman, <strong>decorado con el vers\u00edculo cor\u00e1nico<\/strong>: \u00abHicimos de la Casa un lugar de refugio y seguridad para la gente\u2026\u00bb. <\/p>\n<p>El presidente relat\u00f3 que, tras lo que llam\u00f3 \u00abla victoria decisiva\u00bb, su primera visita oficial <strong>fue al Reino de Arabia Saud\u00ed<\/strong>, donde realiz\u00f3 una peregrinaci\u00f3n y pudo entrar en la Kaaba. El tejido le fue entregado a su regreso a Damasco.<\/p>\n<p>Celebraciones dentro y fuera de Siria<\/p>\n<p>Se espera que los actos conmemorativos <strong>por el primer aniversario contin\u00faen este lunes en distintas localidades del pa\u00eds<\/strong>. Comunidades sirias en el extranjero, entre ellas en S\u00e3o Paulo (Brasil) y Austria, tambi\u00e9n organizaron eventos para celebrar la efem\u00e9ride.<\/p>\n<p>Seg\u00fan la agencia oficial SANA, <strong>Al Sharaa recibi\u00f3 telegramas de felicitaci\u00f3n del presidente de Emiratos \u00c1rabes Unidos<\/strong>, jeque Mohammed bin Zayed Al Nahyan; del vicepresidente y primer ministro, Mohammed bin Rashid Al Maktoum; y del vicepresidente y viceprimer ministro, Mansour bin Zayed Al Nahyan.<\/p>\n<p>SANA inform\u00f3 asimismo de que la Corporaci\u00f3n Postal Siria <strong>emiti\u00f3 cinco sellos y una tarjeta conmemorativa<\/strong> para marcar el primer aniversario de <a href=\"https:\/\/es.euronews.com\/2025\/11\/28\/los-sirios-en-europa-sopesan-volver-a-casa-un-ano-despues-de-la-caida-de-al-assad\" rel=\"nofollow noopener\" target=\"_blank\">la ca\u00edda del r\u00e9gimen<\/a>, con el objetivo de \u00abdocumentar los acontecimientos nacionales m\u00e1s importantes\u00bb. <\/p>\n<p>C\u00f3mo cay\u00f3 el r\u00e9gimen de Al Assad<\/p>\n<p>El 8 de diciembre del a\u00f1o pasado, facciones armadas sirias lideradas por <a href=\"https:\/\/es.euronews.com\/2024\/12\/18\/el-hts-toma-el-control-de-sectores-clave-de-siria-solo-10-dias-despues-de-derrocar-a-basha\" rel=\"nofollow noopener\" target=\"_blank\">Hayat Tahrir al Sham<\/a>, entonces bajo el mando de Al Sharaa, conocido tambi\u00e9n como Abu Mohammad al Jolani, lanzaron la operaci\u00f3n Disuasi\u00f3n de la Agresi\u00f3n. Tras avanzar r\u00e1pidamente desde Idlib hacia Hama y Homs, y tomar el control de Alepo, lograron <strong>rodear Damasco en cuesti\u00f3n de horas<\/strong>.<\/p>\n<p>Las fuerzas del Ej\u00e9rcito sirio depusieron las armas, se retiraron de sus posiciones y la capital fue entregada sin combate. <strong>Bashar al Assad huy\u00f3 a Rusia desde una base militar<\/strong>, un movimiento que tom\u00f3 por sorpresa a parte de su propio c\u00edrculo. Desde entonces, la fecha del 8 de diciembre se conoce en la oposici\u00f3n como \u00abel aniversario de la liberaci\u00f3n\u00bb.<\/p>\n<p>Al caer la noche, <a href=\"https:\/\/es.euronews.com\/2024\/12\/08\/tras-14-anos-de-conflicto-la-caida-de-al-assad-pone-fin-al-dominio-dinastico-de-siria\" rel=\"nofollow noopener\" target=\"_blank\"><strong>se confirm\u00f3 el colapso total del r\u00e9gimen<\/strong><\/a>. Las fuerzas opositoras asumieron el control de instituciones estatales, incluido el Palacio del Pueblo, el Ministerio de Defensa, la Jefatura del Estado Mayor y la Radio y Televisi\u00f3n estatales, mientras ciudadanos <strong>irrump\u00edan en antiguas propiedades de la familia Assad<\/strong>, derribaban estatuas y retratos oficiales y celebraban la liberaci\u00f3n de presos.<\/p>\n","protected":false},"excerpt":{"rendered":"Por&amp;nbsp\u064a\u0648\u0631\u0648\u0646\u064a\u0648\u0632 Publicado 08\/12\/2025 &#8211; 22:23 CET Vestido con uniforme militar, el presidente interino de Siria, Ahmad al Sharaa,&hellip;\n","protected":false},"author":2,"featured_media":278334,"comment_status":"","ping_status":"","sticky":false,"template":"","format":"standard","meta":{"footnotes":""},"categories":[42],"tags":[47154,4136,59179,17,18,13,14,11,61,62,63,64,19,20,9,10,15,16,32787,12,21,22,65,66,67],"class_list":{"0":"post-278333","1":"post","2":"type-post","3":"status-publish","4":"format-standard","5":"has-post-thumbnail","7":"category-internacional","8":"tag-ahmed-al-shara","9":"tag-arabia-saudi","10":"tag-bashar-al-assad","11":"tag-breaking-news","12":"tag-breakingnews","13":"tag-featured-news","14":"tag-featurednews","15":"tag-headlines","16":"tag-internacional","17":"tag-international","18":"tag-international-news","19":"tag-internationalnews","20":"tag-latest-news","21":"tag-latestnews","22":"tag-news","23":"tag-noticias","24":"tag-noticias-destacadas","25":"tag-noticiasdestacadas","26":"tag-siria","27":"tag-titulares","28":"tag-ultimas-noticias","29":"tag-ultimasnoticias","30":"tag-world","31":"tag-world-news","32":"tag-worldnews"},"share_on_mastodon":{"url":"https:\/\/pubeurope.com\/@es\/115686149050487743","error":""},"_links":{"self":[{"href":"https:\/\/www.europesays.com\/es\/wp-json\/wp\/v2\/posts\/278333","targetHints":{"allow":["GET"]}}],"collection":[{"href":"https:\/\/www.europesays.com\/es\/wp-json\/wp\/v2\/posts"}],"about":[{"href":"https:\/\/www.europesays.com\/es\/wp-json\/wp\/v2\/types\/post"}],"author":[{"embeddable":true,"href":"https:\/\/www.europesays.com\/es\/wp-json\/wp\/v2\/users\/2"}],"replies":[{"embeddable":true,"href":"https:\/\/www.europesays.com\/es\/wp-json\/wp\/v2\/comments?post=278333"}],"version-history":[{"count":0,"href":"https:\/\/www.europesays.com\/es\/wp-json\/wp\/v2\/posts\/278333\/revisions"}],"wp:featuredmedia":[{"embeddable":true,"href":"https:\/\/www.europesays.com\/es\/wp-json\/wp\/v2\/media\/278334"}],"wp:attachment":[{"href":"https:\/\/www.europesays.com\/es\/wp-json\/wp\/v2\/media?parent=278333"}],"wp:term":[{"taxonomy":"category","embeddable":true,"href":"https:\/\/www.europesays.com\/es\/wp-json\/wp\/v2\/categories?post=278333"},{"taxonomy":"post_tag","embeddable":true,"href":"https:\/\/www.europesays.com\/es\/wp-json\/wp\/v2\/tags?post=278333"}],"curies":[{"name":"wp","href":"https:\/\/api.w.org\/{rel}","templated":true}]}}