{"id":278335,"date":"2025-12-08T21:48:15","date_gmt":"2025-12-08T21:48:15","guid":{"rendered":"https:\/\/www.europesays.com\/es\/278335\/"},"modified":"2025-12-08T21:48:15","modified_gmt":"2025-12-08T21:48:15","slug":"estos-son-los-premiados-en-la-feria-de-los-productos-de-leon","status":"publish","type":"post","link":"https:\/\/www.europesays.com\/es\/278335\/","title":{"rendered":"Estos son los premiados en la Feria de los Productos de Le\u00f3n"},"content":{"rendered":"<p><a class=\"v-mdl-ath__fig-a\" href=\"https:\/\/www.leonoticias.com\/autor\/leonoticias-2282.html\" title=\"Leonoticias\" rel=\"nofollow noopener\" target=\"_blank\"><br \/>\n<img decoding=\"async\" class=\"v-mdl-ath__img\" src=\"https:\/\/www.europesays.com\/es\/wp-content\/uploads\/2025\/11\/1764073091_330_autor-2282-foto-1.jpeg\" alt=\"Leonoticias\"\/><br \/>\n<\/a><\/p>\n<p class=\"v-mdl-ath__p v-mdl-ath__p--6\">\nLunes, 8 de diciembre 2025, 19:31<\/p>\n<p class=\"v-p\">Esta tarde se ha llevado a cabo la clausura de la XXXI Feria de los Productos de Le\u00f3n, que durante cuatro d\u00edas ha llenado de la mejor gastronom\u00eda la capital leonesa bajo el lema `Sabores de un Reino\u00b4. En esta edici\u00f3n han pasado por el Palacio de Exposiciones cerca de 40.000 visitantes. <\/p>\n<p class=\"v-p\">Durante el acto, el presidente de la instituci\u00f3n provincial Gerardo \u00c1lvarez Courel y el vicepresidente y responsable de esta \u00e1rea, Roberto Aller, adem\u00e1s de otros miembros de la corporaci\u00f3n provincial, han sido los responsables de entregar los tradicionales premios de la Feria. En esta edici\u00f3n han sido: <\/p>\n<p class=\"v-p\">Imagen de Marca- Cuturr\u00fas. Productos de Transformaci\u00f3n Vin\u00edlica S. L. <\/p>\n<p class=\"v-p\">Mejor queso de la Feria- Queso azul con ajo negro. Vailongo S.L. <\/p>\n<p class=\"v-p\">Mejor dulce (pasta dura)- Pastas mantequilla. Panader\u00eda de Tierra de la Reina S. L. <\/p>\n<p class=\"v-p\">Mejor producto perecedero de corta duraci\u00f3n- Aceite de Carolina Reaper (Riper). Francisco Ricardo D\u00e1vila Rodr\u00edguez<\/p>\n<p class=\"v-p\">Mejor producto perecedero de larga duraci\u00f3n- Vermut de uva Prieto Picudo. Los Prietos C.B. <\/p>\n<p class=\"v-p\">Mejor lote de oferta de la Feria- Lote Ganader\u00eda Arb\u00e1s. Rosa Ana \u00c1lvarez Rodr\u00edguez<\/p>\n<p class=\"v-p\">Mejor tabla de quesos de la Feria. Premio `Nodicia del Keso\u00b4- Aniversario. Gabino P\u00e9rez, S.L. <\/p>\n<p class=\"v-p\">Producto novedad- Dubai chocolate. Hijos de Bernardino Fern\u00e1ndez S.L. <\/p>\n<p class=\"v-p\">Mejor Tapa con mi Producto- Nuestra alb\u00f3ndiga brava. De Oma\u00f1a al Mundo S.L., La Huerta de Freno C-B. <\/p>\n<p class=\"v-p\">Mejor Producto Ecol\u00f3gico- Men &amp; C\u00eda Tinto. Jorge Vega Garc\u00eda. <\/p>\n<p class=\"v-p\">Mejor Chorizo con Marca Colectiva- Chorizo Ahumado Agridulce. Margarita Gonz\u00e1lez Gonz\u00e1lez. <\/p>\n<p class=\"v-p\">Premio Sabor XXXI edici\u00f3n- Alfajores. Nuestra Se\u00f1ora de Bel\u00e9n. <\/p>\n<p>Una mirada a la Navidad<\/p>\n<p class=\"v-p\">Para el presidente de la instituci\u00f3n provincial, seg\u00fan ha explicado en este acto de clausura, \u00abla renovaci\u00f3n de esta confianza nos obliga a ponernos a trabajar desde ma\u00f1ana en la que ser\u00e1 la 32 edici\u00f3n de la Feria de los Productos de Le\u00f3n, ante la que la Diputaci\u00f3n que presido volver\u00e1 a volcarse para ofrecer a los leoneses y leonesas lo mejor de nuestra tierra\u00bb. Adem\u00e1s, Courel ha afirmado que \u00absiempre es buena ocasi\u00f3n para disfrutar de los Productos de Le\u00f3n, pero ahora que tenemos ya ah\u00ed las navidades, sigamos consumiendo Productos de Le\u00f3n porque as\u00ed seguiremos haciendo provincia, seguiremos haciendo medio rural, seguiremos haciendo Le\u00f3n\u00bb.<\/p>\n<p><a href=\"http:\/\/www.leonoticias.com\/leon\/cola-concierto-musical-acceder-feria-productos-leon-20251207191059-nt.html#vtm_modulosEngag=mod-rel:leon:noticia:1:cmp:1-not\" class=\"v-a-link\" aria-label=\"Imagen\" rel=\"nofollow noopener\" target=\"_blank\"><\/p>\n<p><img decoding=\"async\" loading=\"lazy\" src=\"https:\/\/www.europesays.com\/es\/wp-content\/uploads\/2025\/12\/FeriaProductos-kAkB--366x256@Leonoticias.jpeg\" class=\"v-a-img\" width=\"258\" height=\"180\" alt=\"\" data-voc-vtm-id=\"in-text-traffic\"\/><\/p>\n<p><\/a><\/p>\n<p class=\"v-p\">Por su parte, Roberto Aller ha querido dar la enhorabuena a todas las personas que han hecho posible el \u00e9xito de esta XXXI edici\u00f3n, adem\u00e1s de hacer hincapi\u00e9 en que \u00abpodemos decir, una vez m\u00e1s, que hemos cumplido nuestro objetivo. Hemos puesto a disposici\u00f3n de los empresarios del sector agroalimentario un gran escaparate en el que mostrar sus productos, elaborados con materia prima leonesa, que ya lleva impl\u00edcita la calidad de la que hacemos gala, tanto en la provincia como en el resto de la geograf\u00eda espa\u00f1ola\u00bb. <\/p>\n<p>Reporta un error<\/p>\n","protected":false},"excerpt":{"rendered":"Lunes, 8 de diciembre 2025, 19:31 Esta tarde se ha llevado a cabo la clausura de la XXXI&hellip;\n","protected":false},"author":2,"featured_media":278336,"comment_status":"","ping_status":"","sticky":false,"template":"","format":"standard","meta":{"footnotes":""},"categories":[8],"tags":[17,18,25,24,13,14,599,11,19,20,4108,9,10,15,16,23325,4223,23,12,21,22],"class_list":{"0":"post-278335","1":"post","2":"type-post","3":"status-publish","4":"format-standard","5":"has-post-thumbnail","7":"category-espana","8":"tag-breaking-news","9":"tag-breakingnews","10":"tag-es","11":"tag-espana","12":"tag-featured-news","13":"tag-featurednews","14":"tag-feria","15":"tag-headlines","16":"tag-latest-news","17":"tag-latestnews","18":"tag-leon","19":"tag-news","20":"tag-noticias","21":"tag-noticias-destacadas","22":"tag-noticiasdestacadas","23":"tag-premiados","24":"tag-productos","25":"tag-spain","26":"tag-titulares","27":"tag-ultimas-noticias","28":"tag-ultimasnoticias"},"share_on_mastodon":{"url":"https:\/\/pubeurope.com\/@es\/115686153607025351","error":""},"_links":{"self":[{"href":"https:\/\/www.europesays.com\/es\/wp-json\/wp\/v2\/posts\/278335","targetHints":{"allow":["GET"]}}],"collection":[{"href":"https:\/\/www.europesays.com\/es\/wp-json\/wp\/v2\/posts"}],"about":[{"href":"https:\/\/www.europesays.com\/es\/wp-json\/wp\/v2\/types\/post"}],"author":[{"embeddable":true,"href":"https:\/\/www.europesays.com\/es\/wp-json\/wp\/v2\/users\/2"}],"replies":[{"embeddable":true,"href":"https:\/\/www.europesays.com\/es\/wp-json\/wp\/v2\/comments?post=278335"}],"version-history":[{"count":0,"href":"https:\/\/www.europesays.com\/es\/wp-json\/wp\/v2\/posts\/278335\/revisions"}],"wp:featuredmedia":[{"embeddable":true,"href":"https:\/\/www.europesays.com\/es\/wp-json\/wp\/v2\/media\/278336"}],"wp:attachment":[{"href":"https:\/\/www.europesays.com\/es\/wp-json\/wp\/v2\/media?parent=278335"}],"wp:term":[{"taxonomy":"category","embeddable":true,"href":"https:\/\/www.europesays.com\/es\/wp-json\/wp\/v2\/categories?post=278335"},{"taxonomy":"post_tag","embeddable":true,"href":"https:\/\/www.europesays.com\/es\/wp-json\/wp\/v2\/tags?post=278335"}],"curies":[{"name":"wp","href":"https:\/\/api.w.org\/{rel}","templated":true}]}}