{"id":278351,"date":"2025-12-08T22:00:19","date_gmt":"2025-12-08T22:00:19","guid":{"rendered":"https:\/\/www.europesays.com\/es\/278351\/"},"modified":"2025-12-08T22:00:19","modified_gmt":"2025-12-08T22:00:19","slug":"una-joya-modernista-de-un-discipulo-de-gaudi-que-por-poco-no-existe","status":"publish","type":"post","link":"https:\/\/www.europesays.com\/es\/278351\/","title":{"rendered":"una joya modernista de un disc\u00edpulo de Gaud\u00ed que por poco no existe"},"content":{"rendered":"<p>Detr\u00e1s de esta obra est\u00e1 <strong>Josep Mar\u00eda Jujol<\/strong>, un arquitecto brillante al que la historia tard\u00f3 demasiado en hacer justicia. Se le recuerda como <strong>colaborador de Gaud\u00ed,<\/strong> y es cierto, dej\u00f3 su huella en el <a class=\"advanced-link\" href=\"https:\/\/viajar.elperiodico.com\/destinos\/10-curiosidades-seguramente-sabias-park-81041308\" rel=\"nofollow noopener\" target=\"_blank\">Parc G\u00fcell<\/a>, en La Pedrera, en la Casa Batll\u00f3. Pero Jujol no viv\u00eda a la sombra de nadie. Ten\u00eda un <strong>lenguaje propio<\/strong>, m\u00e1s desnudo, m\u00e1s espiritual, m\u00e1s impulsivo. El<strong> santuario de Montferri<\/strong> es un ejemplo precioso de esa libertad creativa, un edificio que<strong> no quiere imitar a Gaud\u00ed, <\/strong>pero que s\u00ed respira esa energ\u00eda modernista que<strong> transforma la arquitectura en un gesto po\u00e9tico.<\/strong><\/p>\n","protected":false},"excerpt":{"rendered":"Detr\u00e1s de esta obra est\u00e1 Josep Mar\u00eda Jujol, un arquitecto brillante al que la historia tard\u00f3 demasiado en&hellip;\n","protected":false},"author":2,"featured_media":278352,"comment_status":"","ping_status":"","sticky":false,"template":"","format":"standard","meta":{"footnotes":""},"categories":[173],"tags":[229,233,231,230,232,234,146,147,25,34433,24,67686,67684,67685,23,1665],"class_list":{"0":"post-278351","1":"post","2":"type-post","3":"status-publish","4":"format-standard","5":"has-post-thumbnail","7":"category-arte-y-diseno","8":"tag-arte","9":"tag-arte-y-diseno","10":"tag-arts","11":"tag-arts-and-design","12":"tag-design","13":"tag-diseno","14":"tag-entertainment","15":"tag-entretenimiento","16":"tag-es","17":"tag-escapate-cerca","18":"tag-espana","19":"tag-la-sagrada-familia","20":"tag-parece-la-sagrada-familia","21":"tag-pero-esta-en-un-pequeno-pueblo-de-tarragona-una-joya-modernista-de-un-discipulo-de-gaudi-que-por-poco-no-existe","22":"tag-spain","23":"tag-tarragona"},"share_on_mastodon":{"url":"https:\/\/pubeurope.com\/@es\/115686200022223043","error":""},"_links":{"self":[{"href":"https:\/\/www.europesays.com\/es\/wp-json\/wp\/v2\/posts\/278351","targetHints":{"allow":["GET"]}}],"collection":[{"href":"https:\/\/www.europesays.com\/es\/wp-json\/wp\/v2\/posts"}],"about":[{"href":"https:\/\/www.europesays.com\/es\/wp-json\/wp\/v2\/types\/post"}],"author":[{"embeddable":true,"href":"https:\/\/www.europesays.com\/es\/wp-json\/wp\/v2\/users\/2"}],"replies":[{"embeddable":true,"href":"https:\/\/www.europesays.com\/es\/wp-json\/wp\/v2\/comments?post=278351"}],"version-history":[{"count":0,"href":"https:\/\/www.europesays.com\/es\/wp-json\/wp\/v2\/posts\/278351\/revisions"}],"wp:featuredmedia":[{"embeddable":true,"href":"https:\/\/www.europesays.com\/es\/wp-json\/wp\/v2\/media\/278352"}],"wp:attachment":[{"href":"https:\/\/www.europesays.com\/es\/wp-json\/wp\/v2\/media?parent=278351"}],"wp:term":[{"taxonomy":"category","embeddable":true,"href":"https:\/\/www.europesays.com\/es\/wp-json\/wp\/v2\/categories?post=278351"},{"taxonomy":"post_tag","embeddable":true,"href":"https:\/\/www.europesays.com\/es\/wp-json\/wp\/v2\/tags?post=278351"}],"curies":[{"name":"wp","href":"https:\/\/api.w.org\/{rel}","templated":true}]}}