{"id":278353,"date":"2025-12-08T22:02:11","date_gmt":"2025-12-08T22:02:11","guid":{"rendered":"https:\/\/www.europesays.com\/es\/278353\/"},"modified":"2025-12-08T22:02:11","modified_gmt":"2025-12-08T22:02:11","slug":"pablo-motos-anuncia-un-fichaje-bomba-para-la-tertulia-de-los-jueves-en-el-hormiguero-una-popular-aristocrata","status":"publish","type":"post","link":"https:\/\/www.europesays.com\/es\/278353\/","title":{"rendered":"Pablo Motos anuncia un fichaje bomba para la tertulia de los jueves en &#8216;El Hormiguero&#8217;: una popular arist\u00f3crata"},"content":{"rendered":"<p class=\"v-mdl-ath__p v-mdl-ath__p--6\">\nLunes, 8 de diciembre 2025, 22:15<\/p>\n<p>| Actualizado 22:41h.<\/p>\n<p class=\"v-p\">&#8216;El Hormiguero&#8217; no para ni en un d\u00eda festivo como este lunes 8 de diciembre, D\u00eda de la Inmaculada Concepci\u00f3n. Pablo Motos ha arrancado una semana m\u00e1s con la visita de <a href=\"https:\/\/www.lasprovincias.es\/culturas\/tv\/increible-transformacion-fisica-alejo-sauras-portada-mens-20251208174431-nt.html\" title=\"www.lasprovincias.es\" data-voc-vtm-id=\"in-text-traffic\" data-mrf-link=\"www.lasprovincias.es\" rel=\"nofollow noopener\" target=\"_blank\">Alejo Sauras<\/a> y Salva Reina, que presentaban la tercera temporada de la serie &#8216;Atasco&#8217;, disponible en Amazon Prime Video.<\/p>\n<p class=\"v-p\">El presentador ha comenzado recordando los invitados que estar\u00e1n hasta el pr\u00f3ximo jueves 11 de diciembre. El martes ser\u00e1 el turno para Edurne, el mi\u00e9rcoles 10 para Manuel Carrasco mientras que el jueves estar\u00e1 el escritor estadounidense Dan Brown.<\/p>\n<p><a href=\"http:\/\/www.lasprovincias.es\/culturas\/tv\/autor-libros-famosos-nivel-mundial-visita-semana-20251207011159-nt.html#vtm_modulosEngag=mod-rel:culturas:noticia:1:cmp:1-not\" class=\"v-a-link\" aria-label=\"Imagen\" rel=\"nofollow noopener\" target=\"_blank\"><\/p>\n<p><img decoding=\"async\" loading=\"lazy\" src=\"https:\/\/www.europesays.com\/es\/wp-content\/uploads\/2025\/12\/pablo-motos-trancas-barrancas-hormiguero-30_103-kDUH--366x256@Las Provincias.jpg\" class=\"v-a-img\" width=\"258\" height=\"180\" alt=\"\" data-voc-vtm-id=\"in-text-traffic\"\/><\/p>\n<p><\/a><\/p>\n<p class=\"v-p\">Lo que tambi\u00e9n ha sorprendido a los espectadores del espacio de Antena 3 ha sido el anuncio de Motos de un nuevo fichaje para la tertulia de los jueves, que actualmente la realizan Tamara Falc\u00f3, Nuria Roca, Cristina Pardo y Juan del Val.<\/p>\n<p class=\"v-p\">Pues tal y como ha comunicado el de Requena, desde este jueves estar\u00e1 tambi\u00e9n Isabel Preysler, arist\u00f3crata, socialit\u00e9 y madre de Tamara Falc\u00f3. Por lo tanto, compartir\u00e1 mesa con su hija comentando la actualidad.<\/p>\n<p>La rutina de Alejo Sauras<\/p>\n<p class=\"v-p\">Durante la entrevista de este lunes, el programa ha mostrado la imagen de Alejo Sauras como portada de Men&#8217;s Health. \u00abT\u00fa tambi\u00e9n has hecho eso y sabes c\u00f3mo se hace\u00bb, le recordaba el int\u00e9rprete a Pablo Motos. \u00ab\u00bfPor qu\u00e9 no cuentas a la gente lo de los dos \u00faltimos d\u00edas cuando dejas de beber agua?\u00bb, le se\u00f1alaba el valenciano.<\/p>\n<p class=\"v-p\">\u00abEso lleva un trabajo, no quiero quitarle m\u00e9rito porque yo me esfuerzo much\u00edsimo. Es cierto que cuando te ocurre como a m\u00ed que cuando me llamaron no pod\u00eda comer ni ir al gimnasio como quer\u00eda, hay peque\u00f1os trucos. Uno de ellos es estar varios d\u00edas sin comer hidratos de carbono y luego estar un d\u00eda o dos sin beber agua, que es lo peor\u00bb, explicaba Sauras.<\/p>\n<p class=\"v-p\">\u00abRecuerdo estar haciendo las fotos y no ten\u00eda hambre pero ten\u00eda necesidad de enjuagarme la boca. Eso hace que te seques, la piel se pega al m\u00fasculo y da la sensaci\u00f3n de&#8230;\u00bb, a\u00f1ad\u00eda.<\/p>\n<p>Reporta un error<\/p>\n","protected":false},"excerpt":{"rendered":"Lunes, 8 de diciembre 2025, 22:15 | Actualizado 22:41h. &#8216;El Hormiguero&#8217; no para ni en un d\u00eda festivo&hellip;\n","protected":false},"author":2,"featured_media":278354,"comment_status":"","ping_status":"","sticky":false,"template":"","format":"standard","meta":{"footnotes":""},"categories":[171],"tags":[4187,46310,4574,146,147,25,24,557,17775,887,13882,618,7108,23,38621,214],"class_list":{"0":"post-278353","1":"post","2":"type-post","3":"status-publish","4":"format-standard","5":"has-post-thumbnail","7":"category-tv","8":"tag-anuncia","9":"tag-aristocrata","10":"tag-bomba","11":"tag-entertainment","12":"tag-entretenimiento","13":"tag-es","14":"tag-espana","15":"tag-fichaje","16":"tag-hormiguero","17":"tag-jueves","18":"tag-motos","19":"tag-pablo","20":"tag-popular","21":"tag-spain","22":"tag-tertulia","23":"tag-tv"},"share_on_mastodon":{"url":"https:\/\/pubeurope.com\/@es\/115686208255190579","error":""},"_links":{"self":[{"href":"https:\/\/www.europesays.com\/es\/wp-json\/wp\/v2\/posts\/278353","targetHints":{"allow":["GET"]}}],"collection":[{"href":"https:\/\/www.europesays.com\/es\/wp-json\/wp\/v2\/posts"}],"about":[{"href":"https:\/\/www.europesays.com\/es\/wp-json\/wp\/v2\/types\/post"}],"author":[{"embeddable":true,"href":"https:\/\/www.europesays.com\/es\/wp-json\/wp\/v2\/users\/2"}],"replies":[{"embeddable":true,"href":"https:\/\/www.europesays.com\/es\/wp-json\/wp\/v2\/comments?post=278353"}],"version-history":[{"count":0,"href":"https:\/\/www.europesays.com\/es\/wp-json\/wp\/v2\/posts\/278353\/revisions"}],"wp:featuredmedia":[{"embeddable":true,"href":"https:\/\/www.europesays.com\/es\/wp-json\/wp\/v2\/media\/278354"}],"wp:attachment":[{"href":"https:\/\/www.europesays.com\/es\/wp-json\/wp\/v2\/media?parent=278353"}],"wp:term":[{"taxonomy":"category","embeddable":true,"href":"https:\/\/www.europesays.com\/es\/wp-json\/wp\/v2\/categories?post=278353"},{"taxonomy":"post_tag","embeddable":true,"href":"https:\/\/www.europesays.com\/es\/wp-json\/wp\/v2\/tags?post=278353"}],"curies":[{"name":"wp","href":"https:\/\/api.w.org\/{rel}","templated":true}]}}