{"id":278355,"date":"2025-12-08T22:04:15","date_gmt":"2025-12-08T22:04:15","guid":{"rendered":"https:\/\/www.europesays.com\/es\/278355\/"},"modified":"2025-12-08T22:04:15","modified_gmt":"2025-12-08T22:04:15","slug":"encuentran-el-alimento-del-miedo-la-pelicula-perdida-de-juan-lopez-moctezuma","status":"publish","type":"post","link":"https:\/\/www.europesays.com\/es\/278355\/","title":{"rendered":"Encuentran \u2018El Alimento del Miedo\u2019, la pel\u00edcula perdida de Juan L\u00f3pez Moctezuma"},"content":{"rendered":"<p><img alt=\"Esta cinta fue la \u00faltima\" class=\"global-image\" decoding=\"async\" fetchpriority=\"high\" height=\"1080\" loading=\"eager\" src=\"https:\/\/www.europesays.com\/es\/wp-content\/uploads\/2025\/12\/FK2CAKIOZNGCDL3RM4T2A52OTE.jpg\" width=\"1920\"\/>Esta cinta fue la \u00faltima dirigida por Juan L\u00f3pez Moctezuma y es considerada una pieza de culto dentro del cine mexicano de terror. (Alucarda, de Juan L\u00f3pez Moctezuma \/ archivo)<\/p>\n<p class=\"paragraph\">El hallazgo de <b>\u201cEl Alimento del Miedo\u201d<\/b>, considerada una de las obras perdidas del <b>cine mexicano<\/b>, provoc\u00f3 gran revuelo en la comunidad cinematogr\u00e1fica y entre internautas. El filme, dirigido por <b>Juan L\u00f3pez Moctezuma<\/b> y <b>producido en 1994<\/b>, permaneci\u00f3 fuera del acceso p\u00fablico durante casi tres d\u00e9cadas. Sin embargo, el domingo 7 de diciembre, la cinta apareci\u00f3 en la plataforma de YouTube, disponible para la audiencia internacional luego de que la usuaria \u201cLaura VO\u201d la publicara completa. Un hecho que r\u00e1pidamente se volvi\u00f3 viral en redes sociales como X, donde usuarios destacaron la importancia de esta recuperaci\u00f3n para la historia del cine mexicano. <\/p>\n<p class=\"paragraph\">La cinta estuvo reservada durante a\u00f1os, lo que aument\u00f3 su misticismo y relevancia entre especialistas y seguidores del g\u00e9nero del terror en M\u00e9xico. Se lleg\u00f3 a especular sobre el paradero de la cinta, pues circulaban versiones que suger\u00edan que podr\u00eda encontrarse en los archivos de la <b>Cineteca Nacional<\/b>. Estas teor\u00edas nunca fueron confirmadas ni desmentidas, alimentando el inter\u00e9s y la expectaci\u00f3n sobre el verdadero destino de la obra.<\/p>\n<p class=\"paragraph\">No obstante, la certeza sobre la existencia de la pel\u00edcula se obtuvo cuando fue proyectada dentro de la programaci\u00f3n de <b>Macabro: Festival Internacional de Cine de Horror de la Ciudad de M\u00e9xico en 2006<\/b>. Esta presentaci\u00f3n ser\u00eda la \u00fanica ocasi\u00f3n en que la cinta se exhibi\u00f3 al p\u00fablico. Existen rumores sobre dos proyecciones adicionales, pero no hay informaci\u00f3n confirmada al respecto.<\/p>\n<p><img alt=\"MEXICO, D.F.20AGOSTO2004.-Manuel Santillan, Jean Dubois,\" class=\"global-image\" decoding=\"async\" fetchpriority=\"low\" height=\"1280\" loading=\"lazy\" src=\"https:\/\/www.europesays.com\/es\/wp-content\/uploads\/2025\/12\/7QTMVZHWHRC3REOEPXL7Y3U25E.jpg\" width=\"1920\"\/>MEXICO, D.F.20AGOSTO2004.-Manuel Santillan, Jean Dubois, Ana Cruz Navarro, Edna Campos y Eduardo Santillan antes de comenzar la conferencia para presentar el \u00abMacabro, tercer festival del horror en cine y video\u00bb que se llevar\u00e1 a cabo del 24 de agosto al 12 de septiembre. Rendiran homenaje al cineasta Juan L\u00f3pez Moctezuma.&#13;<br \/>\nFOTO:Juan Pablo Zamora\/CUARTOSCURO.COM<\/p>\n<p class=\"paragraph\"><b>\u201cEl Alimento del Miedo\u201d<\/b> forma parte de la etapa final de la carrera de Juan L\u00f3pez Moctezuma, quien consolid\u00f3 su reputaci\u00f3n como uno de los precursores del terror g\u00f3tico en Am\u00e9rica Latina. El rodaje se llev\u00f3 a cabo en locaciones de la Ciudad de M\u00e9xico, durante un periodo de restricciones presupuestales y crecientes desaf\u00edos para la industria nacional. <\/p>\n<p class=\"paragraph\">Cont\u00f3 con las actuaciones de <b>Isaura Espinoza, Salvador S\u00e1nchez, Alan Fern\u00e1ndez, Andaluz Russel, Marta Zamora, Pedro Infante Jr., Monserrat Suero Cort\u00e9z, Sergio S\u00e1nchez, Jorge Russek <\/b>y<b> Matilde Kalfon<\/b>. Pues fue confirmado en su tiempo por una colecci\u00f3n de fotograf\u00edas tomadas durante el rodaje, compartidas por el productor <b>Jorge Victoria<\/b>.<\/p>\n<p class=\"paragraph\">Sin embargo L\u00f3pez Moctezuma no lleg\u00f3 a ver el filme pues sali\u00f3 a la luz tras su muerte, se sabe que el filme no pas\u00f3 a la etapa de edici\u00f3n. El cineasta padec\u00eda alzh\u00e9imer por lo que el proyecto qued\u00f3 inconcluso y falleci\u00f3 poco tiempo despu\u00e9s.<\/p>\n<p><img alt=\"Dirigi\u00f3 y produjo audiovisuales clave\" class=\"global-image\" decoding=\"async\" fetchpriority=\"low\" height=\"1439\" loading=\"lazy\" src=\"https:\/\/www.europesays.com\/es\/wp-content\/uploads\/2025\/12\/SSGWWXBE6RECRJAKQTJUV2XX6E.jpg\" width=\"1438\"\/>Dirigi\u00f3 y produjo audiovisuales clave como \u201cAlucarda\u201d (1977) y \u201cLa mansi\u00f3n de la locura\u201d (1973). (Captura de pantalla Facebook Filmoteca UNAM \/ Cultura UNAM)<\/p>\n<p class=\"paragraph\">La cinta relata la historia de Petra, una mujer que habita una zona marginada de la Ciudad de M\u00e9xico. Tras la muerte accidental de una ni\u00f1a apodada La Liendre, Petra decide ocultar el cuerpo cocin\u00e1ndolo y utiliz\u00e1ndolo para preparar tamales, que luego vende en el vecindario. Una trama que aborda realidades como la pobreza, la violencia cotidiana y el terror social, enmarcados en un ambiente g\u00f3tico. <\/p>\n<p class=\"paragraph\">Juan L\u00f3pez Moctezuma naci\u00f3 en Ciudad de M\u00e9xico en 1932 y falleci\u00f3 en 1995. Precisamente meses despu\u00e9s de haber filmado esta obra, ahora considerada de culto. Dirigi\u00f3 y produjo audiovisuales clave como<b> \u201cAlucarda\u201d<\/b> (1977),<b> \u201cLa mansi\u00f3n de la locura\u201d<\/b> (1973) y <b>\u201cMary, Mary, Bloody Mary\u201d<\/b> (1974). Reconocido por abordar el horror desde un enfoque experimental, por sus relatos violentos y exploraciones del ocultismo, elementos poco frecuentes en el cine nacional de esa \u00e9poca. Asimismo form\u00f3 parte del movimiento de renovaci\u00f3n del cine mexicano en los a\u00f1os setenta, colaborando con personajes como <b>Alejandro Jodorowsky<\/b>. <\/p>\n","protected":false},"excerpt":{"rendered":"Esta cinta fue la \u00faltima dirigida por Juan L\u00f3pez Moctezuma y es considerada una pieza de culto dentro&hellip;\n","protected":false},"author":2,"featured_media":278356,"comment_status":"","ping_status":"","sticky":false,"template":"","format":"standard","meta":{"footnotes":""},"categories":[169],"tags":[177,146,147,25,24,3931,176,10437,63791,175,23],"class_list":{"0":"post-278355","1":"post","2":"type-post","3":"status-publish","4":"format-standard","5":"has-post-thumbnail","7":"category-cine","8":"tag-cine","9":"tag-entertainment","10":"tag-entretenimiento","11":"tag-es","12":"tag-espana","13":"tag-festival","14":"tag-film","15":"tag-horror","16":"tag-macabro","17":"tag-movies","18":"tag-spain"},"share_on_mastodon":{"url":"https:\/\/pubeurope.com\/@es\/115686216280240568","error":""},"_links":{"self":[{"href":"https:\/\/www.europesays.com\/es\/wp-json\/wp\/v2\/posts\/278355","targetHints":{"allow":["GET"]}}],"collection":[{"href":"https:\/\/www.europesays.com\/es\/wp-json\/wp\/v2\/posts"}],"about":[{"href":"https:\/\/www.europesays.com\/es\/wp-json\/wp\/v2\/types\/post"}],"author":[{"embeddable":true,"href":"https:\/\/www.europesays.com\/es\/wp-json\/wp\/v2\/users\/2"}],"replies":[{"embeddable":true,"href":"https:\/\/www.europesays.com\/es\/wp-json\/wp\/v2\/comments?post=278355"}],"version-history":[{"count":0,"href":"https:\/\/www.europesays.com\/es\/wp-json\/wp\/v2\/posts\/278355\/revisions"}],"wp:featuredmedia":[{"embeddable":true,"href":"https:\/\/www.europesays.com\/es\/wp-json\/wp\/v2\/media\/278356"}],"wp:attachment":[{"href":"https:\/\/www.europesays.com\/es\/wp-json\/wp\/v2\/media?parent=278355"}],"wp:term":[{"taxonomy":"category","embeddable":true,"href":"https:\/\/www.europesays.com\/es\/wp-json\/wp\/v2\/categories?post=278355"},{"taxonomy":"post_tag","embeddable":true,"href":"https:\/\/www.europesays.com\/es\/wp-json\/wp\/v2\/tags?post=278355"}],"curies":[{"name":"wp","href":"https:\/\/api.w.org\/{rel}","templated":true}]}}