{"id":278357,"date":"2025-12-08T22:05:11","date_gmt":"2025-12-08T22:05:11","guid":{"rendered":"https:\/\/www.europesays.com\/es\/278357\/"},"modified":"2025-12-08T22:05:11","modified_gmt":"2025-12-08T22:05:11","slug":"las-modificaciones-que-oficializo-la-fifa-para-el-mundial-2026-de-la-cantidad-de-jugadores-por-lista-a-la-medida-para-combatir-el-calor","status":"publish","type":"post","link":"https:\/\/www.europesays.com\/es\/278357\/","title":{"rendered":"Las modificaciones que oficializ\u00f3 la FIFA para el Mundial 2026: de la cantidad de jugadores por lista a la medida para combatir el calor"},"content":{"rendered":"<p><img alt=\"Las modificaciones en el reglamento\" class=\"global-image\" decoding=\"async\" fetchpriority=\"high\" height=\"1940\" loading=\"eager\" src=\"https:\/\/www.europesays.com\/es\/wp-content\/uploads\/2025\/12\/4FMUKP2STFGJNIGQY5Q2VMR7WI.JPG\" width=\"2926\"\/>Las modificaciones en el reglamento que implement\u00f3 la FIFA para el Mundial 2026 (REUTERS\/Dan Mullan)<\/p>\n<p class=\"paragraph\">La <b>FIFA<\/b> oficializ\u00f3 una serie de detalles del reglamento para la <b>Copa del Mundo 2026<\/b>, que se celebrar\u00e1 en <b>Canad\u00e1, M\u00e9xico y Estados Unidos<\/b>, con el objetivo de adaptar el torneo a su formato ampliado, a la vasta extensi\u00f3n geogr\u00e1fica y las exigencias clim\u00e1ticas. Entre las novedades m\u00e1s destacadas <b>figuran la oficializaci\u00f3n de la ampliaci\u00f3n de los planteles a 26 futbolistas<\/b> -algo que ya sucedi\u00f3 en el Mundial de Qatar 2022-, la introducci\u00f3n de <b>pausas obligatorias de rehidrataci\u00f3n<\/b> en todos los partidos y <b>un nuevo criterio de desempate en la fase de grupos<\/b>, que prioriza el resultado del enfrentamiento directo entre equipos igualados en puntos.<\/p>\n<p class=\"paragraph\">Uno de los \u00edtems que generaba m\u00e1s expectativa entre los cuerpos t\u00e9cnicos de los combinados nacionales y los fan\u00e1ticos se centraba en cu\u00e1ntos futbolistas integrar\u00edan la n\u00f3mina de convocados. FIFA confirm\u00f3 que, en cuanto a la conformaci\u00f3n de los planteles, <b>los seleccionadores podr\u00e1n citar hasta 26 jugadores<\/b>, manteniendo el cupo implementado en Qatar 2022. <\/p>\n<p class=\"paragraph\">\u201cLas federaciones proporcionar\u00e1n a la FIFA <b>una lista definitiva de un m\u00ednimo de 23 y un m\u00e1ximo de 26 jugadores<\/b> (tres de los cuales, como m\u00ednimo, ser\u00e1n guardametas) y hasta 27 miembros del cuerpo t\u00e9cnico\u201d, indica el art\u00edculo 24.1 del reglamento oficial brindado de la Casa Madre del f\u00fatbol.<\/p>\n<p class=\"paragraph\">Adem\u00e1s, menciona que \u201csolo se podr\u00e1 sustituir a un jugador inscrito en la lista definitiva por otro de la lista provisional <b>en caso de lesi\u00f3n grave o enfermedad, a m\u00e1s tardar 24 horas antes del primer partido<\/b>\u201d. A su vez, la lista preliminar deber\u00e1 ser \u201c<b>de un m\u00ednimo de 35 y un m\u00e1ximo de 55 futbolistas<\/b>\u201d. En el campo de juego, los 15 suplentes estar\u00e1n habilitados para ocupar el banco, junto a un m\u00e1ximo de once miembros del cuerpo t\u00e9cnico. Esta decisi\u00f3n responde a la necesidad de ampliar el margen de maniobra ante lesiones, viajes extensos y un calendario m\u00e1s exigente.<\/p>\n<p><img alt=\"Al igual que en el\" class=\"global-image\" decoding=\"async\" fetchpriority=\"low\" height=\"1403\" loading=\"lazy\" src=\"https:\/\/www.europesays.com\/es\/wp-content\/uploads\/2025\/12\/GW5PPJ5RJZDQTNJZ6W3F3EPFZY.JPG\" width=\"1969\"\/>Al igual que en el Mundial de Clubes, FIFA implementar\u00e1 pausas de hidrataci\u00f3n en la Copa del Mundo para combatir el calor y mantener la integridad de los jugadores (REUTERS\/Kai Pfaffenbach\/File Photo)<\/p>\n<p class=\"paragraph\">Otro de los cambios m\u00e1s llamativos se centra en el desarrollo de un partido. <b>FIFA dispuso que los \u00e1rbitros detendr\u00e1n el juego en el minuto 22 de cada mitad para permitir una pausa de rehidrataci\u00f3n de tres minutos<\/b>, independientemente de la temperatura, la ubicaci\u00f3n o la existencia de techado en el estadio. <\/p>\n<p class=\"paragraph\">\u201cEn cada mitad de todos los partidos habr\u00e1 una pausa de rehidrataci\u00f3n de tres minutos, <b>sin tener en cuenta d\u00f3nde se disputen, las temperaturas o la existencia de una cubierta en el estadio\u201d<\/b>, anunci\u00f3 <b>Manolo Zubiria<\/b>, director de la Divisi\u00f3n del Torneo (Estados Unidos) de la FIFA, durante una reuni\u00f3n con emisoras en Washington D. C. <\/p>\n<p class=\"paragraph\">\u201cL\u00f3gicamente, si se produjera una lesi\u00f3n en el minuto 20 o 21 de cada parte, por la que el juego siga detenido, <b>el \u00e1rbitro decidir\u00e1 el momento exacto de las pausas<\/b>\u201d, agreg\u00f3 el director. Esta medida, que replica el protocolo del reciente Mundial de Clubes, busca garantizar el bienestar de los jugadores y la igualdad de condiciones para todas las selecciones.<\/p>\n<p><img alt=\"Lionel Scaloni podr\u00e1 convocar a\" class=\"global-image\" decoding=\"async\" fetchpriority=\"low\" height=\"1706\" loading=\"lazy\" src=\"https:\/\/www.europesays.com\/es\/wp-content\/uploads\/2025\/12\/RHL43H5NBBQPLUE3FY7KILKK7U.jpg\" width=\"2486\"\/>Lionel Scaloni podr\u00e1 convocar a 26 futbolistas para disputar la Copa del Mundo 2026 (REUTERS\/Molly Darlington)<\/p>\n<p class=\"paragraph\">Por su parte, el sistema de desempate en la fase de grupos tambi\u00e9n experimentar\u00e1 una modificaci\u00f3n relevante. A partir de 2026, <b>el primer criterio en caso de igualdad de puntos ser\u00e1 el resultado del partido disputado entre los equipos involucrados<\/b>, conocido como criterio ol\u00edmpico, utilizado en otras competencias internacionales y en el Mundial de Clubes. Si persiste la igualdad, se considerar\u00e1n, en orden: diferencia de goles entre los equipos empatados, goles marcados entre ellos, diferencia de goles general, goles convertidos en todos los partidos del grupo, puntaje por Fair Play seg\u00fan tarjetas recibidas y, en \u00faltima instancia, sorteo.<\/p>\n<p class=\"paragraph\">La organizaci\u00f3n del torneo incluye tres ceremonias de inauguraci\u00f3n: la principal, el jueves 11 de junio en <b>Ciudad de M\u00e9xico<\/b> (M\u00e9xico-Sud\u00e1frica), y las otras dos el viernes 12 de junio en <b>Toronto<\/b> (Canad\u00e1 contra Bosnia y Herzegovina, Italia, Irlanda del Norte o Gales) y en <b>Los \u00c1ngeles<\/b> (Estados Unidos-Paraguay). La final se disputar\u00e1 el domingo 19 de julio en el <b>Estadio Nueva York Nueva Jersey<\/b>, donde, por primera vez, se ofrecer\u00e1 un espect\u00e1culo durante el entretiempo.<\/p>\n<p class=\"paragraph\">El calendario de la competici\u00f3n, ya definido, contempla 104 partidos distribuidos en doce grupos, con el prop\u00f3sito de minimizar los desplazamientos de equipos y aficionados, maximizar los d\u00edas de descanso y facilitar el seguimiento global en distintos husos horarios. Para ello, la FIFA realiz\u00f3 un an\u00e1lisis t\u00e9cnico de los estadios, considerando factores como el promedio de temperaturas, las infraestructuras de refrigeraci\u00f3n, el transporte p\u00fablico y la seguridad, adem\u00e1s de coordinar la cooperaci\u00f3n entre \u00e1reas funcionales como gesti\u00f3n de la competici\u00f3n, servicios a los equipos, medicina, televisi\u00f3n y gesti\u00f3n de entradas.<\/p>\n<p class=\"paragraph\"><b>Argentina<\/b>, vigente campeona del mundo, integrar\u00e1 el <b>Grupo J<\/b> junto a <b>Argelia<\/b>, <b>Austria<\/b> y <b>Jordania<\/b>. El debut de la selecci\u00f3n albiceleste ser\u00e1 el martes diecis\u00e9is de junio frente a Argelia en el <b>Arrowhead Stadium<\/b> de <b>Kansas City<\/b> a las 22.00. El segundo encuentro ser\u00e1 el lunes veintid\u00f3s de junio ante Austria en el <b>AT&amp;T Stadium<\/b> de <b>Dallas<\/b> a las 14.00, y cerrar\u00e1 la fase de grupos el s\u00e1bado veintisiete de junio contra Jordania, nuevamente en Dallas, a las 23.00. Se prev\u00e9 que en los dieciseisavos de final, el combinado de Lionel Scaloni podr\u00eda enfrentar a selecciones como <b>Espa\u00f1a<\/b>, <b>Uruguay<\/b> o <b>Arabia Saudita<\/b>.<\/p>\n","protected":false},"excerpt":{"rendered":"Las modificaciones en el reglamento que implement\u00f3 la FIFA para el Mundial 2026 (REUTERS\/Dan Mullan) La FIFA oficializ\u00f3&hellip;\n","protected":false},"author":2,"featured_media":278358,"comment_status":"","ping_status":"","sticky":false,"template":"","format":"standard","meta":{"footnotes":""},"categories":[93],"tags":[168,25,24,3119,281,23,3020,167],"class_list":{"0":"post-278357","1":"post","2":"type-post","3":"status-publish","4":"format-standard","5":"has-post-thumbnail","7":"category-deportes","8":"tag-deportes","9":"tag-es","10":"tag-espana","11":"tag-north-america","12":"tag-soccer","13":"tag-spain","14":"tag-sport","15":"tag-sports"},"share_on_mastodon":{"url":"https:\/\/pubeurope.com\/@es\/115686220740243269","error":""},"_links":{"self":[{"href":"https:\/\/www.europesays.com\/es\/wp-json\/wp\/v2\/posts\/278357","targetHints":{"allow":["GET"]}}],"collection":[{"href":"https:\/\/www.europesays.com\/es\/wp-json\/wp\/v2\/posts"}],"about":[{"href":"https:\/\/www.europesays.com\/es\/wp-json\/wp\/v2\/types\/post"}],"author":[{"embeddable":true,"href":"https:\/\/www.europesays.com\/es\/wp-json\/wp\/v2\/users\/2"}],"replies":[{"embeddable":true,"href":"https:\/\/www.europesays.com\/es\/wp-json\/wp\/v2\/comments?post=278357"}],"version-history":[{"count":0,"href":"https:\/\/www.europesays.com\/es\/wp-json\/wp\/v2\/posts\/278357\/revisions"}],"wp:featuredmedia":[{"embeddable":true,"href":"https:\/\/www.europesays.com\/es\/wp-json\/wp\/v2\/media\/278358"}],"wp:attachment":[{"href":"https:\/\/www.europesays.com\/es\/wp-json\/wp\/v2\/media?parent=278357"}],"wp:term":[{"taxonomy":"category","embeddable":true,"href":"https:\/\/www.europesays.com\/es\/wp-json\/wp\/v2\/categories?post=278357"},{"taxonomy":"post_tag","embeddable":true,"href":"https:\/\/www.europesays.com\/es\/wp-json\/wp\/v2\/tags?post=278357"}],"curies":[{"name":"wp","href":"https:\/\/api.w.org\/{rel}","templated":true}]}}