{"id":278361,"date":"2025-12-08T22:07:10","date_gmt":"2025-12-08T22:07:10","guid":{"rendered":"https:\/\/www.europesays.com\/es\/278361\/"},"modified":"2025-12-08T22:07:10","modified_gmt":"2025-12-08T22:07:10","slug":"la-azoka-cierra-con-miles-de-visitantes-y-una-aportacion-a-la-cultura-vasca-mas-alla-de-durango","status":"publish","type":"post","link":"https:\/\/www.europesays.com\/es\/278361\/","title":{"rendered":"La Azoka cierra con \u00abmiles\u00bb de visitantes y una \u00abaportaci\u00f3n\u00bb a la cultura vasca m\u00e1s all\u00e1 de Durango"},"content":{"rendered":"<p class=\"article-text\">\n        Miles de visitantes han convertido la sexag\u00e9sima edici\u00f3n de la Azoka de Durango, el mayor evento del euskera y que ha cerrado este lunes sus puertas, en un \u201cfestival de la cultura\u201d, seg\u00fan la organizaci\u00f3n, que ha destacado adem\u00e1s \u201cel \u00e9xito de todos los espacios y la aportaci\u00f3n que hace tambi\u00e9n la feria a la cultura vasca en los d\u00edas posteriores\u201d. En un comunicado, Gerediaga ha recordado los resultados del estudio realizado por Siadeco en 2024 acerca de Durangoko Azoka presentado este pasado domingo y, seg\u00fan han remarcado, \u201clos datos confirman muchas de las sensaciones que ya estaban extendidas en el mundo cultural vasco\u201d.\n    <\/p>\n<p>    <a href=\"https:\/\/www.eldiario.es\/euskadi\/durango-da-pistoletazo-salida-azoka-cumple-60-anos-cuenta-mil-actividades_1_12825588.html\" data-mrf-recirculation=\"saber-mas\" data-dl-event=\"saber-mas\" rel=\"nofollow noopener\" target=\"_blank\"><\/p>\n<p class=\"know-more__title\">Durango da el pistoletazo de salida a su Azoka que cumple 60 a\u00f1os y cuenta con m\u00e1s de mil actividades<\/p>\n<p>            <img decoding=\"async\" class=\"lazy\" loading=\"lazy\" data-src=\"https:\/\/static.eldiario.es\/clip\/6587f89d-1aea-4991-93eb-a2e96529efe5_16-9-aspect-ratio_default_0.jpg\" src=\"data:image\/svg+xml,%3Csvg xmlns=\" http:=\"\" viewbox=\"0 0 880 495\" alt=\"Durango da el pistoletazo de salida a su Azoka que cumple 60 a\u00f1os y cuenta con m\u00e1s de mil actividades\"\/><\/p>\n<p>                        <\/a><\/p>\n<p class=\"article-text\">\n        Entre otras conclusiones, desde la organizaci\u00f3n han destacado que \u201cuna amplia mayor\u00eda de visitantes, acuden a Durango con la intenci\u00f3n de apoyar la cultura vasca, as\u00ed como la labor de los creadores\u201d. Asimismo, han se\u00f1alado que la Azoka consta de \u201cun p\u00fablico fiel\u201d, ya que \u201cel 90% de visitantes repite anualmente, pero, adem\u00e1s, el flujo de nuevos visitantes es a su vez constante y esta edici\u00f3n tambi\u00e9n ha sido ejemplo de ello\u201d, informa Europa Press.\n    <\/p>\n<p class=\"article-text\">\n        Durante los cuatro d\u00edas que dura la feria, han apuntado, la afluencia ha sido \u201cmuy alta y, sin lugar a dudas, se puede confirmar que Durangoko Azoka goza de una muy buena salud\u201d. \u201cTras 60 a\u00f1os de recorrido, est\u00e1 m\u00e1s viva que nunca y, a pesar de su longevidad, se mantiene especialmente joven. Y es que dos tercios de los visitantes son menores de 45 a\u00f1os\u201d, han destacado. Seg\u00fan han asegurado, gracias a las adaptaciones realizadas en los \u00faltimos a\u00f1os, el p\u00fablico de Durangoko Azoka es \u201cdiverso y de todas las edades\u201d, por lo que, seg\u00fan han dicho, es un modelo que \u201csin lugar a dudas tiene mucho futuro\u201d.\n    <\/p>\n<p class=\"article-text\">\n        La organizaci\u00f3n ha subrayado dos de las propuestas realizadas por Durangoko Azoka dentro de su programaci\u00f3n: Ikasle Goiza y Gazte Eztanda. Por un lado, ha explicado que la ma\u00f1ana dirigida a los estudiantes \u201cmuestra la importancia que tiene la transmisi\u00f3n cultural y el inter\u00e9s de los centros escolares para participar en este festival de la cultura\u201d. El d\u00eda de apertura, han recordado los organizadores, \u201cse acerc\u00f3 alumnado de toda Euskal Herria, tanto en autob\u00fas como en tren\u201d. Desde primera hora, han destacado, los talleres dirigidos a alumnado y profesorado \u201cfueron todo un \u00e9xito y dieron pie a que los m\u00e1s j\u00f3venes tambi\u00e9n pudieran participar activamente en la propia feria\u201d.\n    <\/p>\n<p class=\"article-text\">\n        Por otro lado, este s\u00e1bado tuvo lugar Gazte Eztanda, un d\u00eda dirigido a la gente joven, y desde la organizaci\u00f3n se repiti\u00f3 la apuesta por formar una programaci\u00f3n m\u00e1s centrada en sus intereses. \u201cEl resultado fue m\u00e1s que evidente dado que la presencia juvenil fue notoria en toda la jornada\u201d, ha asegurado. Adem\u00e1s, este a\u00f1o se han abierto dos nuevos espacios, \u201cno como novedad de un gran aniversario, sino como una apuesta de futuro\u201d, han remarcado los organizadores. Por un lado, se ha estrenado el nuevo espacio Berbagailua, donde se han grabado una docena de videopodcast que actualmente se producen en euskera. El podcast se sigue especialmente a trav\u00e9s de los dispositivos, pero tambi\u00e9n se han podido ver y escuchar en directo en Berbagailua. Los podcast que m\u00e1s \u00e9xito han tenido han sido \u201cBaDAbil\u201d, \u201cBenetan zabiz\u201d y \u201cBelarrijana\u201d.\n    <\/p>\n<p class=\"article-text\">\n        Por otro lado, en el espacio Atartea, la valoraci\u00f3n es tambi\u00e9n \u201cmuy positiva\u201d, ha afirmado desde la organizaci\u00f3n. \u201cEl museo de Arte e Historia de Durango ya era conocido anteriormente por haber acogido varias presentaciones de la feria y el nuevo espacio dirigido a las bellas artes, ha tenido una gran acogida, con un goteo ininterrumpido de visitantes a la exposici\u00f3n de ilustradores, a las presentaciones y a la exposici\u00f3n Harien Isla de Irati Bazeta\u201d, han destacado, para asegurar que este nuevo espacio tendr\u00e1 su desarrollo en los pr\u00f3ximos a\u00f1os.\n    <\/p>\n<p class=\"article-text\">\n        La organizaci\u00f3n de Durangoko Azoka se ha mostrado satisfecha por el \u201c\u00e9xito\u201d de la puesta en marcha de la oferta nocturna, ya que, \u201cuna vez cerrado el pabell\u00f3n Landako Gunea, todos los actos y conciertos programados han estado repletos de gente\u201d. En esta edici\u00f3n hemos sumado el &#8216;claim&#8217; Kulturaren Jaialdia al t\u00edtulo de Durangoko Azoka, desp\u00faes de una d\u00e9cada mostrando la cultura en todas sus formas. A la vista de la acogida que ha tenido tanto la feria de Landako, as\u00ed como la ampliaci\u00f3n de los espacios y de la oferta cultural a todos los horarios, \u201cse prodr\u00eda decir que se ha consolidado plenamente el car\u00e1cter de festival de la cultura, mostrando el camino hacia los pr\u00f3ximos a\u00f1os\u201d, han dicho los organizadores.\n    <\/p>\n<p class=\"article-text\">\n        Por otro lado, han afirmado que con los resultados del estudio realizado por Siadeco se puede confirmar que la influencia de Durangoko Azoka \u201cno se limita a los d\u00edas de la feria, sino que en los d\u00edas y semanas siguientes tambi\u00e9n es palpable\u201d porque \u201cfunciona como revulsivo en la promoci\u00f3n de la cultura vasca, lo que ofrece un valor a\u00f1adido al proyecto\u201d. Por \u00faltimo, los organizadores han reconocido \u201cla inmejorable actitud de todos los aficionados a la cultura que han participado en la feria y que estos d\u00edas han visitado Durango\u201d. \u201cHa sido ejemplar a la hora de visitar tanto la feria como el pueblo\u201d, han asegurado.\n    <\/p>\n<p>    <a href=\"https:\/\/www.eldiario.es\/euskadi\/azoka-durango-mayor-evento-cultural-euskera-media-hora-genocidio-palestina_1_12827788.html\" data-mrf-recirculation=\"saber-mas-abajo\" data-dl-event=\"saber-mas-abajo\" rel=\"nofollow noopener\" target=\"_blank\"><\/p>\n<p class=\"know-more__title\">La Azoka de Durango, el mayor evento cultural en euskera, para media hora contra el genocidio en Palestina<\/p>\n<p>            <img decoding=\"async\" class=\"lazy\" loading=\"lazy\" data-src=\"https:\/\/static.eldiario.es\/clip\/8d3112c7-5185-4a10-94b3-3bb2749882fb_16-9-aspect-ratio_default_0.jpg\" src=\"data:image\/svg+xml,%3Csvg xmlns=\" http:=\"\" viewbox=\"0 0 880 495\" alt=\"La Azoka de Durango, el mayor evento cultural en euskera, para media hora contra el genocidio en Palestina\"\/><\/p>\n<p>                        <\/a><\/p>\n<p class=\"article-text\">\n        \u201cZorionak a todas las personas que han colaborado en la organizaci\u00f3n, as\u00ed como a participantes, visitantes y artistas. Sigamos impulsando la cultura y la creaci\u00f3n en euskera a trav\u00e9s de este hermoso festival de la cultura vasca\u201d, han concluido.\n    <\/p>\n<p>                    elDiario.es\/Euskadi<\/p>\n<p class=\"article-text\">\n        \u00bfNos sigues en redes sociales? elDiario.es\/Euskadi est\u00e1 en\u00a0<a href=\"https:\/\/bsky.app\/profile\/eldiarioeus.bsky.social\" target=\"_blank\" data-mrf-recirculation=\"links-noticia\" class=\"link\" rel=\"nofollow noopener\">Bluesky<\/a>,\u00a0<a href=\"https:\/\/twitter.com\/eldiarioeus\" target=\"_blank\" data-mrf-recirculation=\"links-noticia\" class=\"link\" rel=\"nofollow noopener\">X<\/a>\u00a0e\u00a0<a href=\"https:\/\/www.instagram.com\/eldiarioeus\/\" target=\"_blank\" data-mrf-recirculation=\"links-noticia\" class=\"link\" rel=\"nofollow noopener\">Instagram<\/a>. Y te enviamos alertas informativas por\u00a0<a href=\"https:\/\/telegram.me\/eldiarioeus\" target=\"_blank\" data-mrf-recirculation=\"links-noticia\" class=\"link\" rel=\"nofollow noopener\">Telegram<\/a>\u00a0y\u00a0<a href=\"https:\/\/www.whatsapp.com\/channel\/0029Va9Dx2MLNSZzLvNjNr3P\" target=\"_blank\" data-mrf-recirculation=\"links-noticia\" class=\"link\" rel=\"nofollow noopener\">WhatsApp<\/a>. Cada semana, te enviamos un bolet\u00edn a tu correo electr\u00f3nico. \u00a1<a href=\"https:\/\/usuarios.eldiario.es\/boletines?_gl=1*pa2ll6*_gcl_au*MTk0OTg1OTU2Mi4xNzMwMTk3MDYx*_ga*Njk1MjI5NDQyLjE3Mjk1MjAxNjg.*_ga_4RZPWREGF3*MTczNDE3ODQ5Ny4xMTYuMS4xNzM0MTc5OTEyLjEzLjAuMA..\" target=\"_blank\" data-mrf-recirculation=\"links-noticia\" class=\"link\" rel=\"nofollow noopener\">Ap\u00fantate<\/a>! Recuerda que puedes ser socio o socia de elDiario.es clicando en\u00a0<a href=\"https:\/\/usuarios.eldiario.es\/hazte_socio\/?utm_source=euskadi&amp;utm_campaign=eell&amp;utm_medium=all&amp;mc_cid=f16fc896fb&amp;mc_eid=05624d2e2d\" target=\"_blank\" data-mrf-recirculation=\"links-noticia\" class=\"link\" rel=\"nofollow noopener\">este enlace<\/a>. Y, para m\u00e1s informaci\u00f3n, puedes llamar o escribirnos al\u00a0625 88 87 80.\n    <\/p>\n<p>                                    <script async src=\"https:\/\/platform.twitter.com\/widgets.js\" charset=\"utf-8\"><\/script><script async src=\"\/\/www.instagram.com\/embed.js\"><\/script><\/p>\n","protected":false},"excerpt":{"rendered":"Miles de visitantes han convertido la sexag\u00e9sima edici\u00f3n de la Azoka de Durango, el mayor evento del euskera&hellip;\n","protected":false},"author":2,"featured_media":278362,"comment_status":"","ping_status":"","sticky":false,"template":"","format":"standard","meta":{"footnotes":""},"categories":[91],"tags":[517,3935,14300,14314,3285,14302,2601,4144,14316,14313,767,1349,2026,13451,14315,1813,3854,14299,14298,14307,12226,146,147,14318,6246,25,24,5691,14308,4910,3705,3978,6927,12252,1982,2178,14297,14317,7600,11701,14311,14312,14305,14303,6115,264,14304,952,14310,14309,14306,14301,3905,492,23,7192,2177],"class_list":{"0":"post-278361","1":"post","2":"type-post","3":"status-publish","4":"format-standard","5":"has-post-thumbnail","7":"category-entretenimiento","8":"tag-actualidad","9":"tag-alava","10":"tag-andar-en-bici","11":"tag-barakaldo","12":"tag-bbva","13":"tag-belen-ferreras","14":"tag-bilbao","15":"tag-bizkaia","16":"tag-brands","17":"tag-caso-de-miguel","18":"tag-corrupcion","19":"tag-donostia","20":"tag-educacion","21":"tag-eh-bildu","22":"tag-eibar","23":"tag-ela","24":"tag-eldiario-es","25":"tag-eldiario-es-euskadi","26":"tag-eldiario-eus","27":"tag-eldiarionorte-es","28":"tag-emergencia-climatica","29":"tag-entertainment","30":"tag-entretenimiento","31":"tag-eroski","32":"tag-ertzaintza","33":"tag-es","34":"tag-espana","35":"tag-euskadi","36":"tag-euskal-herria","37":"tag-feminismo","38":"tag-gernika","39":"tag-getxo","40":"tag-gipuzkoa","41":"tag-hondarribia","42":"tag-ignacio-escolar","43":"tag-igualdad","44":"tag-iker-rioja-andueza","45":"tag-imanol-pradales","46":"tag-irun","47":"tag-kutxabank","48":"tag-lab","49":"tag-lanbide","50":"tag-maialen-ferreira","51":"tag-montai","52":"tag-osakidetza","53":"tag-pais-vasco","54":"tag-pnv","55":"tag-politica","56":"tag-pp-vasco","57":"tag-pse-ee","58":"tag-rodrigo-saiz","59":"tag-ruben-pereda","60":"tag-sindicatos","61":"tag-sociedad","62":"tag-spain","63":"tag-upv-ehu","64":"tag-vitoria"},"share_on_mastodon":{"url":"","error":""},"_links":{"self":[{"href":"https:\/\/www.europesays.com\/es\/wp-json\/wp\/v2\/posts\/278361","targetHints":{"allow":["GET"]}}],"collection":[{"href":"https:\/\/www.europesays.com\/es\/wp-json\/wp\/v2\/posts"}],"about":[{"href":"https:\/\/www.europesays.com\/es\/wp-json\/wp\/v2\/types\/post"}],"author":[{"embeddable":true,"href":"https:\/\/www.europesays.com\/es\/wp-json\/wp\/v2\/users\/2"}],"replies":[{"embeddable":true,"href":"https:\/\/www.europesays.com\/es\/wp-json\/wp\/v2\/comments?post=278361"}],"version-history":[{"count":0,"href":"https:\/\/www.europesays.com\/es\/wp-json\/wp\/v2\/posts\/278361\/revisions"}],"wp:featuredmedia":[{"embeddable":true,"href":"https:\/\/www.europesays.com\/es\/wp-json\/wp\/v2\/media\/278362"}],"wp:attachment":[{"href":"https:\/\/www.europesays.com\/es\/wp-json\/wp\/v2\/media?parent=278361"}],"wp:term":[{"taxonomy":"category","embeddable":true,"href":"https:\/\/www.europesays.com\/es\/wp-json\/wp\/v2\/categories?post=278361"},{"taxonomy":"post_tag","embeddable":true,"href":"https:\/\/www.europesays.com\/es\/wp-json\/wp\/v2\/tags?post=278361"}],"curies":[{"name":"wp","href":"https:\/\/api.w.org\/{rel}","templated":true}]}}