{"id":278379,"date":"2025-12-08T22:21:10","date_gmt":"2025-12-08T22:21:10","guid":{"rendered":"https:\/\/www.europesays.com\/es\/278379\/"},"modified":"2025-12-08T22:21:10","modified_gmt":"2025-12-08T22:21:10","slug":"el-malaguismo-contra-el-administrador-judicial","status":"publish","type":"post","link":"https:\/\/www.europesays.com\/es\/278379\/","title":{"rendered":"El malaguismo, contra el administrador judicial"},"content":{"rendered":"<p>\t\tCompartir esta publicaci\u00f3n\t\t\t\t\t<\/p>\n<p>La noche comenz\u00f3 calentita en las inmediaciones del estadio de La Rosaleda. El malaguismo est\u00e1 cada vez m\u00e1s cansado de la situaci\u00f3n institucional del club de Martiricos y del administrador judicial. Es por eso que los seguidores malaguistas, con varias pe\u00f1as a la cabeza, <a href=\"https:\/\/www.merchanendirecto.es\/malaga-cf\/el-frente-bokeron-organizara-una-protesta-contra-la-situacion-judicial-del-club-en-la-previa-del-malaga-cf-vs-zaragoza\/\" target=\"_blank\" rel=\"noopener nofollow\">se han unido en una protesta que tuvo lugar en la previa del partido ante el Zaragoza<\/a>. El malaguista medio empieza a estar desesperado.\u00a0<\/p>\n<p>El club cumplir\u00e1, como m\u00ednimo, su octava temporada fuera de la \u00e9lite y atrapado en un ciclo de estancamiento que empieza a generar hast\u00edo. La situaci\u00f3n judicial bloquea cualquier atisbo de cambio estructural que permita aspirar, al menos, a objetivos m\u00e1s ambiciosos en <a href=\"http:\/\/laliga.es\" target=\"_blank\" rel=\"noopener nofollow\">Segunda<\/a>. El ascenso suena a cuento de hadas.<\/p>\n<p><img fetchpriority=\"high\" decoding=\"async\" class=\"alignnone wp-image-389481 size-large\" src=\"https:\/\/www.europesays.com\/es\/wp-content\/uploads\/2025\/12\/protesta-judicial-malaga-cf-1024x576.jpeg\" alt=\"\" width=\"1024\" height=\"576\"  \/><\/p>\n<p>Los gritos de dimisi\u00f3n contra el administrador judicial, <strong>Jos\u00e9 Mar\u00eda Mu\u00f1oz, y otros responsables del club como Loren Juarros y Kike P\u00e9rez<\/strong> han ganado fuerza en La Rosaleda en las \u00faltimas fechas y especialmente en esta protesta encabezada por el Frente Boker\u00f3n y la <strong>Grada de Animaci\u00f3n<\/strong> del equipo blanquiazul.<\/p>\n<p><strong>Los principales c\u00e1nticos fueron contra el administrador judicial, al que se le pidi\u00f3 la dimisi\u00f3n y tambi\u00e9n contra la jueza, Mar\u00eda de los \u00c1ngeles Ruiz, jueza del \u2018Caso Al-Thani\u2019.\u00a0<\/strong><\/p>\n<p><img loading=\"lazy\" decoding=\"async\" class=\"alignnone wp-image-389482 size-large\" src=\"https:\/\/www.europesays.com\/es\/wp-content\/uploads\/2025\/12\/Justicia-Malaga-protesta-1024x768.jpeg\" alt=\"Justicia M\u00e1laga protesta\" width=\"1024\" height=\"768\"  \/><\/p>\n<p>En \u00faltima estancia, los protestantes se dirigieron directamente a su respectiva entrada al estadio en vez de pasar por tribuna, como acostumbra. Los c\u00e1nticos en contra de todo aquel que ocupa un cargo a d\u00eda de hoy en el M\u00e1laga CF no han cesado. Desde Jos\u00e9 Mar\u00eda Mu\u00f1oz, Loren Juarros, Kike P\u00e9rez o la administradora, Mar\u00eda \u00c1ngeles Ruiz.<\/p>\n","protected":false},"excerpt":{"rendered":"Compartir esta publicaci\u00f3n La noche comenz\u00f3 calentita en las inmediaciones del estadio de La Rosaleda. El malaguismo est\u00e1&hellip;\n","protected":false},"author":2,"featured_media":278380,"comment_status":"","ping_status":"","sticky":false,"template":"","format":"standard","meta":{"footnotes":""},"categories":[268],"tags":[168,25,24,280,282,281,23,167],"class_list":{"0":"post-278379","1":"post","2":"type-post","3":"status-publish","4":"format-standard","5":"has-post-thumbnail","7":"category-futbol","8":"tag-deportes","9":"tag-es","10":"tag-espana","11":"tag-football","12":"tag-futbol","13":"tag-soccer","14":"tag-spain","15":"tag-sports"},"share_on_mastodon":{"url":"https:\/\/pubeurope.com\/@es\/115686283223070409","error":""},"_links":{"self":[{"href":"https:\/\/www.europesays.com\/es\/wp-json\/wp\/v2\/posts\/278379","targetHints":{"allow":["GET"]}}],"collection":[{"href":"https:\/\/www.europesays.com\/es\/wp-json\/wp\/v2\/posts"}],"about":[{"href":"https:\/\/www.europesays.com\/es\/wp-json\/wp\/v2\/types\/post"}],"author":[{"embeddable":true,"href":"https:\/\/www.europesays.com\/es\/wp-json\/wp\/v2\/users\/2"}],"replies":[{"embeddable":true,"href":"https:\/\/www.europesays.com\/es\/wp-json\/wp\/v2\/comments?post=278379"}],"version-history":[{"count":0,"href":"https:\/\/www.europesays.com\/es\/wp-json\/wp\/v2\/posts\/278379\/revisions"}],"wp:featuredmedia":[{"embeddable":true,"href":"https:\/\/www.europesays.com\/es\/wp-json\/wp\/v2\/media\/278380"}],"wp:attachment":[{"href":"https:\/\/www.europesays.com\/es\/wp-json\/wp\/v2\/media?parent=278379"}],"wp:term":[{"taxonomy":"category","embeddable":true,"href":"https:\/\/www.europesays.com\/es\/wp-json\/wp\/v2\/categories?post=278379"},{"taxonomy":"post_tag","embeddable":true,"href":"https:\/\/www.europesays.com\/es\/wp-json\/wp\/v2\/tags?post=278379"}],"curies":[{"name":"wp","href":"https:\/\/api.w.org\/{rel}","templated":true}]}}