{"id":27838,"date":"2025-08-05T19:18:14","date_gmt":"2025-08-05T19:18:14","guid":{"rendered":"https:\/\/www.europesays.com\/es\/27838\/"},"modified":"2025-08-05T19:18:14","modified_gmt":"2025-08-05T19:18:14","slug":"sindone-repole-preocupado-por-conclusiones-superficiales-sobre-su-autenticidad","status":"publish","type":"post","link":"https:\/\/www.europesays.com\/es\/27838\/","title":{"rendered":"S\u00edndone, Repole: Preocupado por conclusiones superficiales sobre su autenticidad"},"content":{"rendered":"<p>El arzobispo de Tur\u00edn, custodio pontificio de la S\u00edndone, critica un reciente art\u00edculo que plantea la hip\u00f3tesis de la formaci\u00f3n de la imagen a trav\u00e9s de un bajorrelieve medieval, hallazgo refutado por el Centro Internacional de Estudios sobre la S\u00edndone. El Centro se\u00f1ala que numerosos estudios f\u00edsicos y qu\u00edmicos ya han descartado el origen pict\u00f3rico de la reliquia o el contacto con un bajorrelieve.<\/p>\n<p><b>Vatican News<\/b><\/p>\n<p>Respecto a la hip\u00f3tesis \u00abformulada libremente por cient\u00edficos m\u00e1s o menos acreditados\u00bb de que el lienzo de la S\u00edndone fue extendido \u00abno sobre un cad\u00e1ver humano, sino sobre un &#8216;modelo&#8217; artificial que reproducir\u00eda las caracter\u00edsticas de la imagen\u00bb, el custodio pontificio de la S\u00edndone, el cardenal Roberto Repole de Tur\u00edn, Italia, expres\u00f3 su \u00abpreocupaci\u00f3n por la superficialidad de ciertas conclusiones, que a menudo no resisten a un examen m\u00e1s detenido del trabajo presentado\u00bb. Tras aclarar que no tiene motivos para analizar el fondo de las hip\u00f3tesis formuladas, el arzobispo Repole enfatiza que \u00abel Centro Internacional de Estudios sobre la S\u00e1bana Santa de Tur\u00edn (CISS), que por estatuto garantiza su apoyo cient\u00edfico al custodio, publica un documento que analiza en detalle el m\u00e9todo y los resultados de este descubrimiento\u00bb. Reitera el llamamiento a \u00abno perder nunca de vista la necesaria atenci\u00f3n cr\u00edtica ante lo que se publica con tanta facilidad\u00bb.<\/p>\n<p><b>An\u00e1lisis del Centro Internacional de Estudios sobre la S\u00edndone<\/b> <\/p>\n<p>En su an\u00e1lisis del art\u00edculo \u00abFormaci\u00f3n de la imagen en la S\u00e1bana Santa: un enfoque digital 3D\u00bb de Cicero Moraes, publicado recientemente en la revista Archaeometry, el documento del Centro Internacional de Estudios sobre la S\u00e1bana Santa de Tur\u00edn aclara que \u00abel autor cre\u00f3 modelos 3D de un cuerpo humano y un bajorrelieve, utilizando software de c\u00f3digo abierto y simulaciones f\u00edsicas para analizar los puntos de contacto de una tela con las superficies\u00bb. Por lo tanto, plantea la hip\u00f3tesis de que la imagen de la S\u00edndone se form\u00f3 a partir de un bajorrelieve medieval, creado mediante t\u00e9cnicas de modelado 3D. El resultado \u00abindica que los puntos de contacto entre la tela y el bajorrelieve corresponden a una imagen menos deformada que los puntos de contacto con un cuerpo tridimensional, ya que este \u00faltimo genera el llamado efecto de deformaci\u00f3n de la M\u00e1scara de Agamen\u00f3n, bien conocido en la literatura\u00bb. En otras palabras, el Centro Internacional de Estudios destaca que \u00aben la Figura 6 del art\u00edculo, el autor confirma un resultado conocido desde los primeros estudios de Vignon y Delage en 1902, seg\u00fan el cual la imagen de la S\u00edndone se configura como una proyecci\u00f3n ortogonal. Esta conclusi\u00f3n del art\u00edculo no es nueva\u00bb.<\/p>\n<p><b>Es necesario un enfoque riguroso e interdisciplinario<\/b> <\/p>\n<p>Adem\u00e1s, el documento se\u00f1ala que, a partir de los estudios in situ del grupo STuRP (1978) y los an\u00e1lisis qu\u00edmico-f\u00edsicos posteriores, se ha descartado la formaci\u00f3n de la imagen mediante pintura, el contacto con un bajorrelieve o una estatua\/bajorrelieve calentado. En resumen, los hallazgos del art\u00edculo sobre la ausencia del efecto de la M\u00e1scara de Agamen\u00f3n y la proyecci\u00f3n vertical relativa de la imagen de la S\u00e1bana Santa, concluye el Centro Internacional de Estudios, se conocen desde hace m\u00e1s de un siglo, y la hip\u00f3tesis del autor sobre el origen pict\u00f3rico o chamuscado de la S\u00edndone por el contacto con un bajorrelieve es ampliamente refutada por numerosos estudios f\u00edsico-qu\u00edmicos. El Centro Internacional de Estudios sobre la S\u00e1bana Santa reitera la importancia de un enfoque riguroso e interdisciplinario, que distinga claramente entre ciertos datos e hip\u00f3tesis, integrando los resultados de todas las disciplinas involucradas. Los modelos digitales pueden contribuir a la reflexi\u00f3n, pero no reemplazan el an\u00e1lisis f\u00edsico-qu\u00edmico de la reliquia.<\/p>\n<p><b>Marinelli: El art\u00edculo ignora las evidencias de sangre humana<\/b> <\/p>\n<p>Emanuela Marinelli, una de las m\u00e1s reconocidas estudiosas del Santo Sudario de Tur\u00edn, entrevistada por SIR, tambi\u00e9n cuestiona el reciente estudio publicado en Archaeometry, calific\u00e1ndolo de truco medi\u00e1tico sin valor cient\u00edfico, que ignora las evidencias de sangre humana y microrastros compatibles con Jerusal\u00e9n.<\/p>\n","protected":false},"excerpt":{"rendered":"El arzobispo de Tur\u00edn, custodio pontificio de la S\u00edndone, critica un reciente art\u00edculo que plantea la hip\u00f3tesis de&hellip;\n","protected":false},"author":2,"featured_media":27839,"comment_status":"","ping_status":"","sticky":false,"template":"","format":"standard","meta":{"footnotes":""},"categories":[42],"tags":[17,18,123,434,13,14,11,61,62,63,64,628,19,20,9,10,15,16,15133,12,21,22,65,66,67],"class_list":{"0":"post-27838","1":"post","2":"type-post","3":"status-publish","4":"format-standard","5":"has-post-thumbnail","7":"category-internacional","8":"tag-breaking-news","9":"tag-breakingnews","10":"tag-ciencia-y-tecnologia","11":"tag-fe","12":"tag-featured-news","13":"tag-featurednews","14":"tag-headlines","15":"tag-internacional","16":"tag-international","17":"tag-international-news","18":"tag-internationalnews","19":"tag-italia","20":"tag-latest-news","21":"tag-latestnews","22":"tag-news","23":"tag-noticias","24":"tag-noticias-destacadas","25":"tag-noticiasdestacadas","26":"tag-sabana-santa","27":"tag-titulares","28":"tag-ultimas-noticias","29":"tag-ultimasnoticias","30":"tag-world","31":"tag-world-news","32":"tag-worldnews"},"share_on_mastodon":{"url":"","error":""},"_links":{"self":[{"href":"https:\/\/www.europesays.com\/es\/wp-json\/wp\/v2\/posts\/27838","targetHints":{"allow":["GET"]}}],"collection":[{"href":"https:\/\/www.europesays.com\/es\/wp-json\/wp\/v2\/posts"}],"about":[{"href":"https:\/\/www.europesays.com\/es\/wp-json\/wp\/v2\/types\/post"}],"author":[{"embeddable":true,"href":"https:\/\/www.europesays.com\/es\/wp-json\/wp\/v2\/users\/2"}],"replies":[{"embeddable":true,"href":"https:\/\/www.europesays.com\/es\/wp-json\/wp\/v2\/comments?post=27838"}],"version-history":[{"count":0,"href":"https:\/\/www.europesays.com\/es\/wp-json\/wp\/v2\/posts\/27838\/revisions"}],"wp:featuredmedia":[{"embeddable":true,"href":"https:\/\/www.europesays.com\/es\/wp-json\/wp\/v2\/media\/27839"}],"wp:attachment":[{"href":"https:\/\/www.europesays.com\/es\/wp-json\/wp\/v2\/media?parent=27838"}],"wp:term":[{"taxonomy":"category","embeddable":true,"href":"https:\/\/www.europesays.com\/es\/wp-json\/wp\/v2\/categories?post=27838"},{"taxonomy":"post_tag","embeddable":true,"href":"https:\/\/www.europesays.com\/es\/wp-json\/wp\/v2\/tags?post=27838"}],"curies":[{"name":"wp","href":"https:\/\/api.w.org\/{rel}","templated":true}]}}