{"id":278381,"date":"2025-12-08T22:22:08","date_gmt":"2025-12-08T22:22:08","guid":{"rendered":"https:\/\/www.europesays.com\/es\/278381\/"},"modified":"2025-12-08T22:22:08","modified_gmt":"2025-12-08T22:22:08","slug":"ursula-corbero-embarazadisima-y-javier-calvo-recien-separado-el-encuentro-que-revoluciona-a-los-fans-de-fisica-o-quimica-hola","status":"publish","type":"post","link":"https:\/\/www.europesays.com\/es\/278381\/","title":{"rendered":"\u00darsula Corber\u00f3, embarazad\u00edsima, y Javier Calvo, reci\u00e9n separado: el encuentro que revoluciona a los fans de \u2018F\u00edsica o Qu\u00edmica&#039; &#8211; HOLA"},"content":{"rendered":"<ol>\n<li><a href=\"https:\/\/news.google.com\/rss\/articles\/CBMivgFBVV95cUxPYWstcG40SzB0VGpEUlc4QXV4QkVhUUduT0p4LUd2bXA4S2xPT1J0UTloMGZ2UmVaNGlEOUR0YThlTVA5NXFqUklfT1FJMHdTTEd6MXNlbXNtLWRDZkU2N1V5SnVhc2ttSlpoQzExdWlRNWtXUlh3MFJsN0E2T2JYWWhmSno0bkJobUFROHlBWHFnckFuYXh2YjN1VEgyeFN0VnNLTmpTbnJwMzVDaFFuWkNueFdDTURRNEQxOWh30gHMAUFVX3lxTE1nakg4T0xCTjl4MHZZYlN5OXVLQVpOZmFpYi1TQXZGSWV1RnJCYjJ1OWp3ZThEdk5rQkRXUG1Ya1NpMkplVkFrNlZWejNSMTk2emI3NW5LaHRnUm1vdXpnN1pNR3dpMkFuSUozNG9FZE1tZC1FclQyeHRLRWRfM20wYU5GVDczNS1jZGZXQUtsc1c4WFBuVU83b0xfcUFMOWdzT0dXMFJLZWdXNTQzN0l6VWRTdGdtdmtPU1ZUd1VWTE1rMlNqRVV5eWNtMg?oc=5\" target=\"_blank\" rel=\"nofollow noopener\">\u00darsula Corber\u00f3, embarazad\u00edsima, y Javier Calvo, reci\u00e9n separado: el encuentro que revoluciona a los fans de \u2018F\u00edsica o Qu\u00edmica&#8217;<\/a>&nbsp;&nbsp;HOLA<\/li>\n<li><a href=\"https:\/\/news.google.com\/rss\/articles\/CBMiwgFBVV95cUxOd1EzSmktREJkZnFXN3NGRVFvc2xrSzNvWFpjaDY5dlU5eEpmUzRveGE3c3NDVjVoa0oyeXljOF9NcU5ZMml0bXJCSzhUTS1WcnB6MjAzRWN5QTFfRTNJSGdfb21DRVV6QXZvSDBVemdqR081N0JUWFUwaUlvSFpJSF94MURCcllMa2x3cGxQR2lMaHpfcjFVVnVNZkdVcUlKQU1sWTUtZ3NSVjcyX09qMDZTMUVIQ3dQNlpJaDRab29qd9IB3AFBVV95cUxNMU01eldlOUxRclFWeTlBdVNZaVlDMHRVd1YyQUJHUDRBZFBkcFJDcGtiekdxUmN3blF0YlBNaWdRX2JWNXRUWk1UWnIyUDdqSXFBQndrN0FNNWxjeGxUNEVGXzNwZXBHSGxWVEtURG81aXozZ0ozRjZXTmdFckNGSXpWTU11UDVHbUs0NENiT2lBQUQ4eDduZTdTNmNQV0JQcWtMSkZaQW1EZWY4S2p6RVpHdkJBQ1Y4SXE2cWtUYVgtbDlqMHI2dFE1M2g0VWQ5NUlZQUxJMVViRXZr?oc=5\" target=\"_blank\" rel=\"nofollow noopener\">\u00darsula Corber\u00f3 mostr\u00f3 el crecimiento de su pancita de embarazada: la tierna foto<\/a>&nbsp;&nbsp;Infobae<\/li>\n<li><a href=\"https:\/\/news.google.com\/rss\/articles\/CBMiogFBVV95cUxNTTFzMEJpNXcwWU9BaXFab21rMjAtNUxjTDYwVmVuNTJQTzBrbU9jUERoUFRPeWo1UEZ0bU1RWXBpcWRfZWxtVW5ndjRqMUNjSEtieGFYNzBXR3BNc3dKYjJKTDlocUVkSHRRR3lJNTQ0VE9Vcll1anNHeGhOZ3VkYnZiMHh3UHhSX21XSzZ4VGJfSVpDZGdYOEdBb1VZQUdKSkE?oc=5\" target=\"_blank\" rel=\"nofollow noopener\">\u00darsula Corber\u00f3 comparte tierna foto de su embarazo con amigo<\/a>&nbsp;&nbsp;KCH FM<\/li>\n<li><a href=\"https:\/\/news.google.com\/rss\/articles\/CBMiggFBVV95cUxPSDhDcHR5ZTFJS2lJakltMnFfVmpUeENHUFlsWUN4QnNBT2Iwcm9PbzFjS09ZWnFyUXpOTGhZZzhBTUlORVVCRERfN01kMUlhc1o0TFV1VTBtNjNSSVJZakxVRXpERnJxZW40NFRRb1NHZ3FLQnNlMmVSSzd0aWF5Q0lB?oc=5\" target=\"_blank\" rel=\"nofollow noopener\">\u00darsula Corber\u00f3 mostr\u00f3 el avance de su embarazo<\/a>&nbsp;&nbsp;Diario El Norte<\/li>\n<li><a href=\"https:\/\/news.google.com\/rss\/articles\/CBMipwFBVV95cUxQTHFzY0QwYXpzRlpKVWdEZFpReWc1cFhYei1FOFVleVR0Y3lXNUw1WURFb3FNY0hRZTU3UHMzQXNFaWNJUlFZakFLUHc4RGRycTVVMkx1QU1KS0ZSY1N3a2o1azJFa0pjcm1QWmNtUnFMTV9NM18xVnZ1OXg2NXMtRFpSUXc5eVJIZnhfMGpsaWQ0ZHFnMWhMY09pTWxJTXd4dmpMUW1zQQ?oc=5\" target=\"_blank\" rel=\"nofollow noopener\">Divina. \u00darsula Corber\u00f3 mostr\u00f3 su pancita de embarazo y enterneci\u00f3 a todos<\/a>&nbsp;&nbsp;La Voz del Interior<\/li>\n<\/ol>\n","protected":false},"excerpt":{"rendered":"\u00darsula Corber\u00f3, embarazad\u00edsima, y Javier Calvo, reci\u00e9n separado: el encuentro que revoluciona a los fans de \u2018F\u00edsica o&hellip;\n","protected":false},"author":2,"featured_media":278382,"comment_status":"","ping_status":"","sticky":false,"template":"","format":"standard","meta":{"footnotes":""},"categories":[174],"tags":[517,255,146,147,25,24,256,43491,23,19421],"class_list":{"0":"post-278381","1":"post","2":"type-post","3":"status-publish","4":"format-standard","5":"has-post-thumbnail","7":"category-famosos","8":"tag-actualidad","9":"tag-celebrities","10":"tag-entertainment","11":"tag-entretenimiento","12":"tag-es","13":"tag-espana","14":"tag-famosos","15":"tag-javier-calvo","16":"tag-spain","17":"tag-ursula-corbero"},"share_on_mastodon":{"url":"https:\/\/pubeurope.com\/@es\/115686286807662946","error":""},"_links":{"self":[{"href":"https:\/\/www.europesays.com\/es\/wp-json\/wp\/v2\/posts\/278381","targetHints":{"allow":["GET"]}}],"collection":[{"href":"https:\/\/www.europesays.com\/es\/wp-json\/wp\/v2\/posts"}],"about":[{"href":"https:\/\/www.europesays.com\/es\/wp-json\/wp\/v2\/types\/post"}],"author":[{"embeddable":true,"href":"https:\/\/www.europesays.com\/es\/wp-json\/wp\/v2\/users\/2"}],"replies":[{"embeddable":true,"href":"https:\/\/www.europesays.com\/es\/wp-json\/wp\/v2\/comments?post=278381"}],"version-history":[{"count":0,"href":"https:\/\/www.europesays.com\/es\/wp-json\/wp\/v2\/posts\/278381\/revisions"}],"wp:featuredmedia":[{"embeddable":true,"href":"https:\/\/www.europesays.com\/es\/wp-json\/wp\/v2\/media\/278382"}],"wp:attachment":[{"href":"https:\/\/www.europesays.com\/es\/wp-json\/wp\/v2\/media?parent=278381"}],"wp:term":[{"taxonomy":"category","embeddable":true,"href":"https:\/\/www.europesays.com\/es\/wp-json\/wp\/v2\/categories?post=278381"},{"taxonomy":"post_tag","embeddable":true,"href":"https:\/\/www.europesays.com\/es\/wp-json\/wp\/v2\/tags?post=278381"}],"curies":[{"name":"wp","href":"https:\/\/api.w.org\/{rel}","templated":true}]}}