{"id":278383,"date":"2025-12-08T22:23:22","date_gmt":"2025-12-08T22:23:22","guid":{"rendered":"https:\/\/www.europesays.com\/es\/278383\/"},"modified":"2025-12-08T22:23:22","modified_gmt":"2025-12-08T22:23:22","slug":"cuando-sorolla-recorrio-guadalajara-bocetos-viajes-y-la-castilla-olvidada-nuevaalcarria","status":"publish","type":"post","link":"https:\/\/www.europesays.com\/es\/278383\/","title":{"rendered":"Cuando Sorolla recorri\u00f3 Guadalajara: bocetos, viajes y la Castilla olvidada | NuevaAlcarria"},"content":{"rendered":"<p>Hay artistas cuya obra se extiende m\u00e1s all\u00e1 de los museos, m\u00e1s all\u00e1 incluso de su propio tiempo. Joaqu\u00edn Sorolla (1863\u20131923) es uno de ellos. Un siglo despu\u00e9s de su muerte, Espa\u00f1a sigue redescubriendo las rutas que recorri\u00f3, los paisajes que captur\u00f3 y los v\u00ednculos que dej\u00f3 sembrados en las tierras que pint\u00f3. Y entre todos esos lugares, <strong data-end=\"1306\" data-start=\"1294\">Sig\u00fcenza<\/strong> ocupa un espacio particular: discreto, \u00edntimo, cargado de resonancias familiares.<\/p>\n<p><a href=\"https:\/\/ad.doubleclick.net\/ddm\/trackclk\/N5132.645338NUEVAALCARRIA.COM2\/B34624462.435366231;dc_trk_aid=627971741;dc_trk_cid=231013270;dc_lat=;dc_rdid=;tag_for_child_directed_treatment=;tfua=;gdpr=${GDPR};gdpr_consent=${GDPR_CONSENT_755};ltd=;dc_tdv=1\" rel=\"nofollow noopener\" target=\"_blank\">&#13;<br \/>\n&#13;<br \/>\n<img decoding=\"async\" src=\"https:\/\/www.europesays.com\/es\/wp-content\/uploads\/2025\/12\/1765232593_128_JCCM INCLUSION TU del 1 al 14 dic 2025.gif\"\/>&#13;<br \/>\n<\/a>&#13;<br \/>\n&#13;<br \/>\n<img loading=\"lazy\" decoding=\"async\" src=\"https:\/\/www.europesays.com\/es\/wp-content\/uploads\/2025\/12\/B34624462.435366231;dc_trk_aid=627971741;dc_trk_cid=231013270;ord=[timestamp];dc_lat=;dc_rdid=;tag_f.gif\" attributionsrc=\"\" border=\"0\" height=\"1\" width=\"1\" alt=\"Advertisement\"\/><\/p>\n<p data-end=\"1641\" data-start=\"1390\">Hoy, en 2025, la ciudad del Doncel contin\u00faa siendo un enclave privilegiado para comprender el di\u00e1logo entre Sorolla y Castilla, cuya luz -menos abrasadora que la levantina, m\u00e1s austera y densa- transform\u00f3 su paleta y ampli\u00f3 su mirada.<\/p>\n<p data-end=\"1641\" data-start=\"1390\"><img decoding=\"async\" alt=\"\" src=\"https:\/\/www.europesays.com\/es\/wp-content\/uploads\/2025\/12\/Joaqu\u00edn_Sorolla_004.jpg\"\/><\/p>\n<p><strong>Castilla en la mirada de Sorolla: un descubrimiento que cambi\u00f3 su obra<\/strong><\/p>\n<p data-end=\"2073\" data-start=\"1730\">Cuando Archer M. Huntington, fundador de la Hispanic Society of America, pidi\u00f3 a Sorolla que retratara \u201cEspa\u00f1a\u201d, el pintor entendi\u00f3 que el encargo era m\u00e1s que un trabajo: era un viaje.<br data-end=\"1917\" data-start=\"1914\"\/>&#13;<br \/>\nDurante siete a\u00f1os recorri\u00f3 el pa\u00eds como lo har\u00edan hoy los naturalistas de campo: observando costumbres, tomando notas de luz, estudiando rostros y tejidos.<\/p>\n<p data-end=\"2270\" data-start=\"2075\"><strong data-end=\"2123\" data-start=\"2075\">Castilla fue el primer territorio que eligi\u00f3<\/strong>, y su paso por la antigua Castilla la Nueva, \u00a0dej\u00f3 documentos, bocetos y cartas que a\u00fan permiten reconstruir su itinerario.<\/p>\n<p data-end=\"2550\" data-start=\"2272\">En 1912 pas\u00f3 por Guadalajara, por Jadraque y Sig\u00fcenza. De aqu\u00ed surgieron apuntes sobre tierras rojizas, tipos populares y escenas rurales que terminar\u00edan formando parte de <strong data-end=\"2464\" data-start=\"2450\">\u201cCastilla\u201d<\/strong>, el monumental panel de Visi\u00f3n de Espa\u00f1a: casi catorce metros de humanidad y trigo.<\/p>\n<p data-end=\"2550\" data-start=\"2272\"><img decoding=\"async\" alt=\"\" src=\"https:\/\/www.europesays.com\/es\/wp-content\/uploads\/2025\/12\/Joaqu\u00ecn_sorolla_y_bastida,_visione_della_spagna,_1911-19,_02.jpg\"\/><\/p>\n<p><strong>El lazo \u00edntimo: por qu\u00e9 la familia Sorolla sigue mirando a Sig\u00fcenza<\/strong><\/p>\n<p data-end=\"2791\" data-start=\"2636\">Ese v\u00ednculo art\u00edstico se entrelaza con otro, m\u00e1s dom\u00e9stico. La familia del pintor mantuvo durante d\u00e9cadas una relaci\u00f3n natural con Sig\u00fcenza y su entorno.<\/p>\n<p><a href=\"https:\/\/ad.doubleclick.net\/ddm\/trackclk\/N5132.645338NUEVAALCARRIA.COM2\/B34766562.435248388;dc_trk_aid=628185853;dc_trk_cid=231013270;dc_lat=;dc_rdid=;tag_for_child_directed_treatment=;tfua=;gdpr=${GDPR};gdpr_consent=${GDPR_CONSENT_755};ltd=;dc_tdv=1\" rel=\"nofollow noopener\" target=\"_blank\">&#13;<br \/>\n&#13;<br \/>\n<img decoding=\"async\" src=\"https:\/\/www.europesays.com\/es\/wp-content\/uploads\/2025\/12\/1765232598_816_JCCM ACCESO VIVIENDA ROBA del 1 al 14dic 2025.gif\"\/>&#13;<br \/>\n<\/a>&#13;<br \/>\n&#13;<br \/>\n<img loading=\"lazy\" decoding=\"async\" src=\"https:\/\/www.europesays.com\/es\/wp-content\/uploads\/2025\/12\/B34766562.435248388;dc_trk_aid=628185853;dc_trk_cid=231013270;ord=[timestamp];dc_lat=;dc_rdid=;tag_f.gif\" attributionsrc=\"\" border=\"0\" height=\"1\" width=\"1\" alt=\"Advertisement\"\/><\/p>\n<p data-end=\"2985\" data-start=\"2793\">La tercera hija de Sorolla, <strong data-end=\"2830\" data-start=\"2821\">Elena<\/strong>, veraneaba en la zona; su marido trabajaba en las f\u00e1bricas de resina de Mazarete, y la estela de esos veranos se transmiti\u00f3 de generaci\u00f3n en generaci\u00f3n.<\/p>\n<p data-end=\"3232\" data-start=\"2987\">Por eso, en el siglo XXI, <strong data-end=\"3069\" data-start=\"3013\">la familia del pintor sigue regresando a esta tierra<\/strong> para estudiar archivos, revisar documentaci\u00f3n y mantener vivo el v\u00ednculo con Castilla, un territorio que forma parte de la textura profunda de la obra sorollista.<\/p>\n<p data-end=\"3232\" data-start=\"2987\"><img decoding=\"async\" alt=\"\" src=\"https:\/\/www.europesays.com\/es\/wp-content\/uploads\/2025\/12\/paseo-orillas-_7f9d9940.jpg\"\/><\/p>\n<p><strong>El legado que permanece: Sig\u00fcenza como territorio Sorolla<\/strong><\/p>\n<p data-end=\"3424\" data-start=\"3308\">Hoy, en 2025, quien recorre Sig\u00fcenza puede seguir las pistas del pintor como si fueran marcas sobre un mapa antiguo:<\/p>\n<ul>&#13;<\/p>\n<li data-end=\"3555\" data-start=\"3428\">Los <strong data-end=\"3585\" data-start=\"3562\">archivos familiares<\/strong> conservan cartas y bocetos surgidos de los viajes del pintor por Guadalajara.<\/li>\n<p>&#13;<\/p>\n<li data-end=\"3755\" data-start=\"3666\">El Museo Sorolla contin\u00faa custodiando dibujos y notas sobre su estancia en estas tierras.<\/li>\n<p>&#13;<\/p>\n<li data-end=\"3930\" data-start=\"3758\">Y en la Hispanic Society de Nueva York, los paneles de Visi\u00f3n de Espa\u00f1a siguen mostrando, en el panel de Castilla, gestos, ropajes y paisajes que nacieron en esta zona.<\/li>\n<p>&#13;\n<\/ul>\n<p data-end=\"4215\" data-start=\"3932\">Sig\u00fcenza no es el lugar donde Sorolla vivi\u00f3, pero s\u00ed uno de los lugares donde <strong data-end=\"4054\" data-start=\"4010\">su familia vivi\u00f3 y su obra se transform\u00f3<\/strong>. Y, sobre todo, uno de los territorios desde los que mejor se comprende la profunda conexi\u00f3n entre el arte del maestro y la diversidad cultural de la pen\u00ednsula.<\/p>\n<p><img decoding=\"async\" alt=\"\" src=\"https:\/\/www.europesays.com\/es\/wp-content\/uploads\/2025\/12\/instantanea_1ec48473.jpg\"\/><\/p>\n<p><strong>Una mirada actual: por qu\u00e9 el v\u00ednculo importa hoy<\/strong><\/p>\n<p data-end=\"4607\" data-start=\"4283\">En un momento en el que Espa\u00f1a trabaja por preservar y reinterpretar su patrimonio cultural, la relaci\u00f3n entre Sorolla y Sig\u00fcenza se convierte en una br\u00fajula.<br data-end=\"4444\" data-start=\"4441\"\/>&#13;<br \/>\nEl pintor no se limit\u00f3 a retratar paisajes: captur\u00f3 formas de vivir, formas de celebrar, formas de trabajar; aquello que hoy denominamos <strong data-end=\"4606\" data-start=\"4581\">patrimonio inmaterial<\/strong>.<\/p>\n<p data-end=\"4724\" data-start=\"4609\">Sig\u00fcenza, con sus calles de piedra y su memoria viva, sigue siendo uno de los mejores lugares para leer ese legado.<\/p>\n<p data-end=\"4968\" data-start=\"4726\">Y as\u00ed, m\u00e1s de cien a\u00f1os despu\u00e9s, Sorolla contin\u00faa regresando a Castilla. No con pinceles, sino a trav\u00e9s de quienes estudian su obra, de quienes transitan sus pasos, de quienes reconocen en esta tierra el eco de un artista que supo escucharla.<\/p>\n<p><img decoding=\"async\" alt=\"\" src=\"https:\/\/www.europesays.com\/es\/wp-content\/uploads\/2025\/12\/Captura(315).JPG\"\/><\/p>\n","protected":false},"excerpt":{"rendered":"Hay artistas cuya obra se extiende m\u00e1s all\u00e1 de los museos, m\u00e1s all\u00e1 incluso de su propio tiempo.&hellip;\n","protected":false},"author":2,"featured_media":278384,"comment_status":"","ping_status":"","sticky":false,"template":"","format":"standard","meta":{"footnotes":""},"categories":[173],"tags":[442,11581,229,7542,233,231,230,4107,4091,67692,67697,232,234,146,147,25,24,67691,67693,439,239,441,67696,67695,443,440,67694,23431,471,23],"class_list":{"0":"post-278383","1":"post","2":"type-post","3":"status-publish","4":"format-standard","5":"has-post-thumbnail","7":"category-arte-y-diseno","8":"tag-actualidad-guadalajara","9":"tag-alcarria","10":"tag-arte","11":"tag-arte-y-cultura","12":"tag-arte-y-diseno","13":"tag-arts","14":"tag-arts-and-design","15":"tag-castilla","16":"tag-castilla-la-mancha","17":"tag-centenario-sorolla","18":"tag-conferencia-sorolla","19":"tag-design","20":"tag-diseno","21":"tag-entertainment","22":"tag-entretenimiento","23":"tag-es","24":"tag-espana","25":"tag-exposicion-sorolla","26":"tag-fabiola-almarza","27":"tag-guadalajara","28":"tag-hispanic-society","29":"tag-informacion-guadalajara","30":"tag-jadraque","31":"tag-museo-sorolla","32":"tag-noticias-guadalajara","33":"tag-nueva-alcarria","34":"tag-pintura-espanola","35":"tag-siguenza","36":"tag-sorolla","37":"tag-spain"},"share_on_mastodon":{"url":"","error":"Validation failed: Text character limit of 500 exceeded"},"_links":{"self":[{"href":"https:\/\/www.europesays.com\/es\/wp-json\/wp\/v2\/posts\/278383","targetHints":{"allow":["GET"]}}],"collection":[{"href":"https:\/\/www.europesays.com\/es\/wp-json\/wp\/v2\/posts"}],"about":[{"href":"https:\/\/www.europesays.com\/es\/wp-json\/wp\/v2\/types\/post"}],"author":[{"embeddable":true,"href":"https:\/\/www.europesays.com\/es\/wp-json\/wp\/v2\/users\/2"}],"replies":[{"embeddable":true,"href":"https:\/\/www.europesays.com\/es\/wp-json\/wp\/v2\/comments?post=278383"}],"version-history":[{"count":0,"href":"https:\/\/www.europesays.com\/es\/wp-json\/wp\/v2\/posts\/278383\/revisions"}],"wp:featuredmedia":[{"embeddable":true,"href":"https:\/\/www.europesays.com\/es\/wp-json\/wp\/v2\/media\/278384"}],"wp:attachment":[{"href":"https:\/\/www.europesays.com\/es\/wp-json\/wp\/v2\/media?parent=278383"}],"wp:term":[{"taxonomy":"category","embeddable":true,"href":"https:\/\/www.europesays.com\/es\/wp-json\/wp\/v2\/categories?post=278383"},{"taxonomy":"post_tag","embeddable":true,"href":"https:\/\/www.europesays.com\/es\/wp-json\/wp\/v2\/tags?post=278383"}],"curies":[{"name":"wp","href":"https:\/\/api.w.org\/{rel}","templated":true}]}}