{"id":278392,"date":"2025-12-08T22:30:35","date_gmt":"2025-12-08T22:30:35","guid":{"rendered":"https:\/\/www.europesays.com\/es\/278392\/"},"modified":"2025-12-08T22:30:35","modified_gmt":"2025-12-08T22:30:35","slug":"la-convivencia-en-nuestro-caso-mataria-la-relacion","status":"publish","type":"post","link":"https:\/\/www.europesays.com\/es\/278392\/","title":{"rendered":"La convivencia, en nuestro caso, matar\u00eda la relaci\u00f3n"},"content":{"rendered":"<p class=\"c-paragraph\">Carolina Osorio y Pablo Zapata siempre quedan en el mismo bar de <a href=\"https:\/\/www.20minutos.es\/tags\/lugares\/lavapies.html\" title=\"Lavapi\u00e9s\" rel=\"nofollow noopener\" target=\"_blank\">Lavapi\u00e9s<\/a>, Madrid. Se conocieron hace cinco a\u00f1os, en plena pandemia, a trav\u00e9s de una aplicaci\u00f3n de citas. Cuando permitieron empezar a moverse para pasear, Zapata cogi\u00f3 su bici y se fue desde este c\u00e9ntrico barrio madrile\u00f1o donde \u00e9l vive hasta el municipio de <a href=\"https:\/\/www.20minutos.es\/tags\/lugares\/alcorcon.html\" title=\"Alcorc\u00f3n\" rel=\"nofollow noopener\" target=\"_blank\">Alcorc\u00f3n<\/a>, donde vive Carolina, para poder conocerse. Ahora lo recuerdan ri\u00e9ndose: \u00abFue muy divertido ver llegar a este personaje ah\u00ed con su bici, todo sudado y cansado, con su maillot. No se sabe qui\u00e9n es m\u00e1s loco, si \u00e9l por ir hasta all\u00e1 o yo por recibirle en estas condiciones\u00bb, cuenta Carolina.<\/p>\n<p class=\"c-paragraph\">Lo que empez\u00f3 en pleno postconfinamiento es ahora una pareja estable que se ve casi a diario, viaja junta a <a href=\"https:\/\/www.20minutos.es\/tags\/lugares\/colombia.html\" title=\"Colombia\" rel=\"nofollow noopener\" target=\"_blank\">Colombia <\/a>(de donde es Carolina) o a Euskadi (donde est\u00e1 la familia de Zapata) y <b>compagina a la perfecci\u00f3n vida com\u00fan y vida individual, porque no comparten casa<\/b>. \u00abYo tengo dos hijos, con los que vivo, y no me parece justo que Zapata, que nunca ha querido tener hijos, tenga que vivir con los m\u00edos\u00bb, explica Carolina. \u00abAdem\u00e1s, como empezamos a salir un poco mayorcitos \u2013ella tiene 49 a\u00f1os, \u00e9l 50\u2013 cada cual tiene su ritmo de vida, sus costumbres, su orden y su desorden, y as\u00ed los respetamos\u00bb.<\/p>\n<p class=\"c-paragraph\">Carolina y Zapata encajan en lo que los soci\u00f3logos denominan una <a href=\"https:\/\/www.20minutos.es\/salud\/actualidad\/parejas-lat-modelo-familia-nuevo-creciendo-espana-5607066\/\" target=\"_blank\" rel=\"nofollow noopener\">pareja LAT<\/a> (del ingl\u00e9s Living Apart Together): parejas con una relaci\u00f3n estable y consolidada que deciden libremente y de manera mutua y acordada que no quieren convivir.<\/p>\n<p class=\"c-paragraph\">En Espa\u00f1a, los \u00fanicos datos estad\u00edsticamente representativos sobre parejas que no conviven proceden de la Encuesta de Fecundidad de 2018 del <a href=\"https:\/\/www.20minutos.es\/tags\/instituciones-empresas\/ine.html\" title=\"INE\" rel=\"nofollow noopener\" target=\"_blank\">INE <\/a>y de la Encuesta Social General Espa\u00f1ola del CIS del mismo a\u00f1o, la \u00fanica vez que se incluyeron preguntas espec\u00edficas sobre parejas LAT y sus motivos para serlo.<\/p>\n<p class=\"c-paragraph\">A partir de esos datos, la Fundaci\u00f3n BBVA public\u00f3 en 2022 el monogr\u00e1fico <a href=\"https:\/\/www.fbbva.es\/wp-content\/uploads\/2022\/05\/DE_2022_Requena_GestiondelaIntimidad_web.pdf\" rel=\"nofollow noreferrer noopener\" target=\"_blank\">La gesti\u00f3n de la intimidad en la sociedad digital. Parejas y rupturas en la Espa\u00f1a actual<\/a>, donde por primera vez se dibuj\u00f3 a las parejas LAT como aquellas relaciones largas (m\u00e1s de seis a\u00f1os de duraci\u00f3n), con <b>una edad media en torno a los 42 a\u00f1os<\/b>, y que, mayoritariamente, no contemplan ni casarse ni volver a convivir bajo el mismo techo, porque casi la mitad de ellos ya han convivido con una pareja anteriormente.<\/p>\n<p>La independencia<\/p>\n<p class=\"c-paragraph\">Dentro del paraguas de las parejas LAT, Luis Ayuso, catedr\u00e1tico de la Universidad de M\u00e1laga y uno de los principales especialistas en este fen\u00f3meno en Espa\u00f1a, diferencia entre cinco tipos: los que no viven juntos porque se consideran muy j\u00f3venes; los que no lo hacen porque no tienen capacidad econ\u00f3mica para emanciparse (en ambos casos son el 25%); los que a\u00fan no conviven porque se est\u00e1n conociendo (son un 7%), y los que est\u00e1n separados por circunstancias laborales (entre un 12 y un 13%).<\/p>\n<p class=\"c-paragraph\">\u00abY luego tenemos un quinto tipo, que son <b>aquellas parejas que no viven juntas porque quieren mantener su independencia<\/b>. Son un 7% del total, pero son los aut\u00e9nticos LAT\u00bb, explica el soci\u00f3logo, coautor del \u00fanico estudio sobre este fen\u00f3meno en <a href=\"https:\/\/www.20minutos.es\/tags\/lugares\/espana.html\" title=\"Espa\u00f1a\" rel=\"nofollow noopener\" target=\"_blank\">Espa\u00f1a<\/a>.<\/p>\n<p class=\"c-paragraph\">Mar\u00eda G\u00f3mez y su pareja encajan justo ah\u00ed. Ella, educadora social de 45 a\u00f1os, es de un pueblo de Toledo pero lleva desde los 18 en Madrid. \u00c9l, que prefiere no decir su nombre porque es un m\u00fasico conocido, tiene 36. Se conocieron en <a href=\"https:\/\/www.20minutos.es\/tags\/instituciones-empresas\/tinder.html\" title=\"Tinder\" rel=\"nofollow noopener\" target=\"_blank\">Tinder <\/a>sin intenci\u00f3n de encontrar \u00abal amor de su vida\u00bb, pero la relaci\u00f3n fue fluyendo tan naturalmente que el pasado junio cumplieron 4 a\u00f1os de relaci\u00f3n. Para los dos la clave es que comenzaron con un pacto n\u00edtido: \u00abDesde el principio estuvimos de acuerdo en no modificar nada de la vida del otro que no fuese absolutamente necesario\u00bb, cuenta Mar\u00eda.<\/p>\n<p class=\"c-paragraph\">Esa claridad con la que empezaron, se ha seguido <b>manteniendo en otro punto en el que tambi\u00e9n coinciden: no quieren vivir juntos<\/b>. \u00abPara nosotros tener cada uno nuestra casa es fundamental\u00bb, cuenta Mar\u00eda. \u00abA m\u00ed me encanta mi independencia, a \u00e9l le encanta la suya\u00bb. Viven muy cerca, \u00aba cuatro paradas de metro\u00bb, puntualiza Mar\u00eda, lo que facilita que puedan verse cuando quieran. Ella se define diurna, de madrugar y tener una rutina propia. \u00c9l, por su profesi\u00f3n, tiene horarios nocturnos y ensaya todos los d\u00edas en su casa. \u00abLa convivencia, en nuestro caso, matar\u00eda la relaci\u00f3n\u00bb, confiesa Mar\u00eda.<\/p>\n<p class=\"c-paragraph\">En su agenda individual se ve esa independencia pactada. Mar\u00eda no ha renunciado a sus planes de siempre: \u00abEn verano yo sigo viajando como lo hac\u00eda antes, mis viajes largos con mis amigas, con mi prima\u2026 A \u00e9l en esos viajes no le incluyo porque en verano trabaja y no puede ausentarse tanto\u00bb. A la vez, tambi\u00e9n han construido una agenda com\u00fan: \u00abDurante el a\u00f1o hacemos una escapadita en oto\u00f1o (ahora nos vamos a Malta) y otra en junio, a C\u00e1diz, al piso de sus padres\u00bb.<\/p>\n<p>Matrimonios a distancia<\/p>\n<p class=\"c-paragraph\">El modelo de pareja LAT est\u00e1 desdibujando el concepto de pareja tradicional. \u00abHasta los a\u00f1os 70 u 80, eran un hombre y una mujer que compart\u00edan gastos, que compart\u00edan residencia y que ten\u00edan hijos\u00bb, explica Ayuso. \u00abHoy, las combinaciones se multiplican: pueden ser dos hombres o dos mujeres, con hijos o sin ellos, que compartan o no econom\u00eda y que convivan o no\u00bb.<\/p>\n<p class=\"c-paragraph\">Marisa Blanco explica la misma conclusi\u00f3n que el soci\u00f3logo, pero a su manera: \u00abLa pareja como se conoc\u00eda antes est\u00e1 en desuso\u00bb. Con 57 a\u00f1os, dos hijos ya<b> adultos y un divorcio a la espalda, conoci\u00f3 a su actual pareja<\/b> porque \u00e9ste compart\u00eda profesi\u00f3n con el ex marido de ella. Cuando ambos matrimonios estaban ya rotos, la relaci\u00f3n entre Marisa y Jos\u00e9 arranc\u00f3 como una aventura: \u00abFuimos muchos a\u00f1os amantes\u00bb, resume ella. De esa infidelidad inicial surgi\u00f3 una larga relaci\u00f3n: hoy suman casi dos d\u00e9cadas juntos y seis a\u00f1os casados.<\/p>\n<p class=\"c-paragraph\">\u00c9l siempre ha vivido en <a href=\"https:\/\/www.20minutos.es\/tags\/lugares\/ibiza.html\" title=\"Ibiza\" rel=\"nofollow noopener\" target=\"_blank\">Ibiza<\/a>. Ella, en Madrid. Al principio, Marisa s\u00ed se planteaba una convivencia bajo el mismo techo. Con el tiempo, asumi\u00f3 que esa vida en com\u00fan no terminaba de cuajar: el trabajo de Jos\u00e9 estaba en la isla, y la vida de Marisa en Madrid con sus hijos y su red familiar: \u00abCuando la vida te dice que no, es que no\u00bb, resume.<\/p>\n<p class=\"c-paragraph\">Hoy su relaci\u00f3n encaja muy bien con la etiqueta Living Apart Together: una pareja estable y casada que, sin embargo, no comparte vivienda. Marisa pasa temporadas largas en Ibiza y Jose viaja habitualmente a Madrid en la temporada baja de la isla, pero cada uno mantiene su casa y su independencia.<\/p>\n<p class=\"c-paragraph\">\u00abPara mi lo mejor es la libertad. Hago lo que me da la gana: tengo lo bueno de ir all\u00ed, con la playa, cuando quiero, y luego estar en Madrid con mis hijos, mis amigos, salir, entrar\u2026\u00bb. La idea de volver a compartir casa le remueve fantasmas: \u00abYo ya llevo tantos a\u00f1os viviendo sola que ahora mismo el volver a convivir con otra persona es volver a revivir lo del otro\u00bb, dice refiri\u00e9ndose a su exmarido.<\/p>\n<p class=\"c-paragraph\">Su <b>resistencia a convivir no es solo cuesti\u00f3n de costumbre, sino tambi\u00e9n de cuidados<\/b>. \u00abHe estado toda mi vida cuidando: primero de mis hermanos, despu\u00e9s de mi marido, de mis hijos, ahora de mi t\u00eda, de mi hermana\u2026\u00bb, admite. Ayuso lo resume en t\u00e9rminos estructurales: \u00abSabemos que cuando convivimos, normalmente el coste de la convivencia recae sobre la mujer\u00bb, resume el soci\u00f3logo, \u00abas\u00ed que en un contexto de mayor igualdad femenina, donde la mujer est\u00e1 m\u00e1s empoderada, es m\u00e1s factible que surja este modelo de pareja\u00bb.<\/p>\n<p>El pacto privado<\/p>\n<p class=\"c-paragraph\">Ayuso tambi\u00e9n se\u00f1ala los cambios en el emparejamiento que se han ido dando en el \u00faltimo siglo y que han podido desembocar en que existan las parejas LAT. \u00abAntes, el emparejamiento era una cuesti\u00f3n p\u00fablica, controlada por el grupo, y ahora depende del pacto privado que se haga entre los dos miembros de la pareja\u00bb, resume.<\/p>\n<p class=\"c-paragraph\"><b>Ana Gordillo y Ana Leal, ambas treinta\u00f1eras, han firmado su propio pacto<\/b>. Gordillo, profesora de espa\u00f1ol, vive en Lavapi\u00e9s con Mikel, un gran amigo. Leal, dise\u00f1adora gr\u00e1fica, es due\u00f1a de un piso cerca de Atocha \u00abcompartido con el banco\u00bb, bromea. Se conocieron hace tres a\u00f1os preparando un torneo de tenis l\u00e9sbico, <a href=\"https:\/\/lesbiangarros.com\/\" target=\"_blank\" rel=\"nofollow noreferrer noopener\">Lesbian Garros<\/a>, y desde entonces comparten un mont\u00f3n de aficiones, tienen grupos de amigos en com\u00fan y duermen entre 4 y 5 noches juntas a la semana.<\/p>\n<p class=\"c-paragraph\">Para ambas, tener dos casas evita lo que Leal describe como \u00abfundirte del todo en la pareja y perder de vista que hay una vida propia que tambi\u00e9n hay que alimentar\u00bb. Cuando alguien pregunta por qu\u00e9 no viven juntas, Leal responde sin dramatismo: \u00abLo estamos disfrutando as\u00ed porque realmente es que no tenemos ning\u00fan motivo para irnos a vivir juntas\u00bb. Y Gordillo, a su lado, da la clave definitiva: \u00abLo que tenemos son citas, no inercia\u00bb.<\/p>\n<p class=\"c-paragraph\">Ambas ya <b>han convivido anteriormente con parejas y saben las dificultades que conlleva la convivencia<\/b>. \u00abMuchas veces, cuando vives con tu pareja, est\u00e1s profundizando en conocer a la otra persona a la vez que profundizas en la convivencia, y cuando hay problemas, achacas todo a la convivencia, cuando quiz\u00e1s es que no eres compatible con la persona\u00bb, reflexiona Leal. \u00abPor eso est\u00e1 muy feliz con la manera en la que viven: \u00abEsto nos est\u00e1 permitiendo, o yo lo siento as\u00ed, tener una visi\u00f3n la una de la otra mucho m\u00e1s completa\u00bb.<\/p>\n<p class=\"c-paragraph\">Adem\u00e1s, para ambas, tener dos casas es tambi\u00e9n una forma de cuidarse: fregar los platos en casa de su pareja, acordarse de llevar unas flores antes de hacer una visita\u2026 \u00abLejos de dividirnos, que cada una cuide el espacio de la otra es una forma tambi\u00e9n de cuidar la pareja\u00bb, comenta Leal. A ella le encanta la sensaci\u00f3n de llegar a la casa de su pareja \u00aby sentir que me dejo llevar, que puedo descansar\u00bb, mientras que a Gordillo la casa de su novia \u00abme recuerda a cuidados, como a arropo\u00bb.<\/p>\n<p>Poder permit\u00edrselo<\/p>\n<p class=\"c-paragraph\">Pero para ser una pareja LAT, hay que tener en cuenta tambi\u00e9n otro factor: el econ\u00f3mico. \u00abSabemos que las parejas que viven separadas tienen un nivel socioecon\u00f3mico mayor que el resto de parejas, porque vivir separados supone mantener dos hogares\u00bb, confirma Ayuso. \u00abLas clases bajas no se pueden permitir ser parejas LAT\u00bb.<\/p>\n<p class=\"c-paragraph\">Todas las parejas entrevistadas coinciden en esto: <b>Mar\u00eda y su pareja ten\u00edan una casa en propiedad cada uno antes de conocerse<\/b>. Marisa y Jose tambi\u00e9n. \u00abNosotros tenemos cada uno una estabilidad econ\u00f3mica que no nos obliga a compartir piso porque s\u00ed\u00bb, explica Carolina. Las dos Anas son conscientes de que pueden vivir as\u00ed \u00abporque tenemos el privilegio\u00bb. Leal se pudo permitir comprar su casa, Gordillo vive con un amigo \u00abporque es la persona con la que quiero vivir\u00bb.<\/p>\n<p class=\"c-paragraph\">En Espa\u00f1a, recuerda el soci\u00f3logo Luis Ayuso, este tipo de parejas sigue siendo una rareza. \u00abTodav\u00eda no est\u00e1 normalizado que una pareja estable decida no vivir junta\u00bb. Mar\u00eda G\u00f3mez confiesa haber vivido esto en primera persona, <b>pero a ella lo que le importa es la opini\u00f3n de su gente cercana y ellos nunca les han hecho sentir mal<\/b>: \u00abyo me siento parte de su familia aunque no estemos casados ni vivamos juntos\u00bb. Adem\u00e1s, hay un detalle que para ella resume el compromiso: \u00ab\u00c9l ha sido la primera persona que yo he llevado a mi casa, y yo la primera que \u00e9l ha llevado a la suya. Con 33 a\u00f1os \u00e9l, y yo con 40\u00bb.<\/p>\n<p class=\"c-paragraph\">Carolina y Pablo, desde su barra habitual en el Mercado de San Fernando de Lavapi\u00e9s, no han sentido nunca que a su entorno les parezca mal su elecci\u00f3n. \u00abHay que darle la oportunidad a este tipo de relaciones, porque tener un espacio personal es muy importante\u00bb, dice Carolina con total convicci\u00f3n.<\/p>\n<p class=\"c-paragraph\">\u00abTodas mis amigas y todo el mundo que me conoce me dicen que tengo lo mejor de la relaci\u00f3n:<b> al final es como ser los novios eternos<\/b>\u00ab, confiesa Marisa, aunque tambi\u00e9n es consciente del peaje de esta libertad en los d\u00edas malos: \u00able tengo al otro lado del tel\u00e9fono, pero hay veces que le necesitar\u00eda f\u00edsicamente\u00bb, reconoce.<\/p>\n<p class=\"c-paragraph\">Las dos Anas, por ahora, se sienten felices as\u00ed, y est\u00e1n abiertas a ir probando, poco a poco, lo que mejor le siente a la relaci\u00f3n. De momento, como resume Leal: \u00abLo que hemos decidido es que no tenemos la obligaci\u00f3n de vivir juntas\u00bb.<\/p>\n<p class=\"c-paragraph\">Si quieres contactar con\u00a0<b><b><b><b><b><b><b><b><b><b><b><b><b><b><b><b><a href=\"https:\/\/www.20minutos.es\/tags\/instituciones-empresas\/20minutos.html\" title=\"20minutos\" rel=\"nofollow noopener\" target=\"_blank\">20minutos<\/a><\/b>, realizar alguna denuncia o tienes alguna historia que quieres que contemos, escribe a<\/b><\/b><\/b><\/b><\/b><\/b><\/b><\/b><\/b><\/b><\/b><\/b><\/b><\/b><\/b>\u00a0actualidad@20minutos.es. Tambi\u00e9n puedes suscribirte a las\u00a0<a href=\"https:\/\/www.20minutos.es\/estaticos\/home-newsletters\/\" rel=\"nofollow noopener\" target=\"_blank\">newsletters de 20minutos<\/a>\u00a0para recibir cada d\u00eda las noticias m\u00e1s destacadas o la\u00a0<a href=\"https:\/\/www.20minutos.es\/edicion_impresa\/\" rel=\"nofollow noopener\" target=\"_blank\">edici\u00f3n impresa<\/a>.<\/p>\n","protected":false},"excerpt":{"rendered":"Carolina Osorio y Pablo Zapata siempre quedan en el mismo bar de Lavapi\u00e9s, Madrid. Se conocieron hace cinco&hellip;\n","protected":false},"author":2,"featured_media":278393,"comment_status":"","ping_status":"","sticky":false,"template":"","format":"standard","meta":{"footnotes":""},"categories":[91],"tags":[18315,146,147,25,24,67699,17683,722,2074,23],"class_list":{"0":"post-278392","1":"post","2":"type-post","3":"status-publish","4":"format-standard","5":"has-post-thumbnail","7":"category-entretenimiento","8":"tag-eligen","9":"tag-entertainment","10":"tag-entretenimiento","11":"tag-es","12":"tag-espana","13":"tag-lat","14":"tag-novios","15":"tag-parejas","16":"tag-que","17":"tag-spain"},"share_on_mastodon":{"url":"https:\/\/pubeurope.com\/@es\/115686317973960743","error":""},"_links":{"self":[{"href":"https:\/\/www.europesays.com\/es\/wp-json\/wp\/v2\/posts\/278392","targetHints":{"allow":["GET"]}}],"collection":[{"href":"https:\/\/www.europesays.com\/es\/wp-json\/wp\/v2\/posts"}],"about":[{"href":"https:\/\/www.europesays.com\/es\/wp-json\/wp\/v2\/types\/post"}],"author":[{"embeddable":true,"href":"https:\/\/www.europesays.com\/es\/wp-json\/wp\/v2\/users\/2"}],"replies":[{"embeddable":true,"href":"https:\/\/www.europesays.com\/es\/wp-json\/wp\/v2\/comments?post=278392"}],"version-history":[{"count":0,"href":"https:\/\/www.europesays.com\/es\/wp-json\/wp\/v2\/posts\/278392\/revisions"}],"wp:featuredmedia":[{"embeddable":true,"href":"https:\/\/www.europesays.com\/es\/wp-json\/wp\/v2\/media\/278393"}],"wp:attachment":[{"href":"https:\/\/www.europesays.com\/es\/wp-json\/wp\/v2\/media?parent=278392"}],"wp:term":[{"taxonomy":"category","embeddable":true,"href":"https:\/\/www.europesays.com\/es\/wp-json\/wp\/v2\/categories?post=278392"},{"taxonomy":"post_tag","embeddable":true,"href":"https:\/\/www.europesays.com\/es\/wp-json\/wp\/v2\/tags?post=278392"}],"curies":[{"name":"wp","href":"https:\/\/api.w.org\/{rel}","templated":true}]}}